{"id":665410,"date":"2026-01-15T13:31:10","date_gmt":"2026-01-15T13:31:10","guid":{"rendered":"https:\/\/www.europesays.com\/fr\/665410\/"},"modified":"2026-01-15T13:31:10","modified_gmt":"2026-01-15T13:31:10","slug":"mercato-asse-zero-recrue-a-la-mi-janvier-que-se-passe-t-il-a-saint-etienne","status":"publish","type":"post","link":"https:\/\/www.europesays.com\/fr\/665410\/","title":{"rendered":"Mercato ASSE : Z\u00e9ro recrue \u00e0 la mi-janvier, que se passe-t-il \u00e0 Saint-Etienne ?"},"content":{"rendered":"<p>\t\t\tAfficher les titres Masquer les titres <\/p>\n<p><strong>Annonc\u00e9e comme l\u2019une des formations les plus actives de l\u2019hiver, l\u2019AS Saint-\u00c9tienne n\u2019a pourtant toujours pas officialis\u00e9 la moindre arriv\u00e9e. \u00c0 mesure que les jours passent, l\u2019impatience gagne autour du Chaudron, tandis que les dossiers s\u2019accumulent sans se concr\u00e9tiser. Entre exigences sportives, contraintes \u00e9conomiques et attractivit\u00e9 en berne, les raisons de ce retard sont multiples. Et le temps, lui, commence \u00e0 presser pour Eirik Horneland.<\/strong><\/p>\n<p>\u00c0 l\u2019heure de dresser un premier bilan du mercato hivernal, un constat s\u2019impose : Saint-\u00c9tienne avance, mais sans conclure. Dans le sens des d\u00e9parts, le club a d\u00e9j\u00e0 bien travaill\u00e9. <a href=\"https:\/\/mediafoot.net\/mercato-asse-le-grand-menage-hivernal-a-commence\/\" target=\"_blank\" rel=\"noopener\">Yvann Ma\u00e7on a pris la direction de la Gr\u00e8ce,<\/a> Maedine Makhloufi a \u00e9t\u00e9 pr\u00eat\u00e9 \u00e0 Dunkerque, et Dylan Batubinsika se rapproche d\u2019une sortie vers la Chine. En revanche, c\u00f4t\u00e9 arriv\u00e9es, le tableau reste d\u00e9sesp\u00e9r\u00e9ment vide.<\/p>\n<p>Des besoins clairement identifi\u00e9s\u2026<\/p>\n<p>La feuille de route est pourtant connue depuis plusieurs semaines. L\u2019<a href=\"https:\/\/mediafoot.net\/s\/asse\/\" target=\"_blank\" rel=\"noopener\">ASSE<\/a> cherche en priorit\u00e9 un d\u00e9fenseur central pour compenser la longue absence de Maxime Bernauer, op\u00e9r\u00e9 du m\u00e9nisque. Un lat\u00e9ral gauche est \u00e9galement attendu apr\u00e8s la blessure d\u2019Ebenezer Annan, tandis qu\u2019<a href=\"https:\/\/mediafoot.net\/mercato-asse-le-plan-discret-de-kilmer-sports-pour-oublier-le-fantome-ekwah\/\" target=\"_blank\" rel=\"noopener\"><strong>un milieu d\u00e9fensif doit venir combler le vide laiss\u00e9 par Pierre Ekwah<\/strong><\/a>.<\/p>\n<p>En parall\u00e8le, la direction sportive reste attentive au secteur offensif. Un d\u00e9part de <strong>Lucas Stassin<\/strong>, <strong>Zuriko Davitashvili ou Ben Old<\/strong> pourrait ouvrir la porte \u00e0 un renfort suppl\u00e9mentaire. Autrement dit, les besoins sont identifi\u00e9s, les profils cibl\u00e9s\u2026 mais les n\u00e9gociations n\u2019aboutissent pas.<\/p>\n<p>Varane, Bardeli : des refus qui en disent long<\/p>\n<p>Le cas Jonathan Varane illustre parfaitement les difficult\u00e9s actuelles. <a href=\"https:\/\/mediafoot.net\/mercato-asse-ce-milieu-a-6-me-qui-fait-hesiter-kilmer-sports\/\" target=\"_blank\" rel=\"noopener\"><strong>Saint-\u00c9tienne a bien transmis une offre \u00e0 Queens Park Rangers<\/strong><\/a>, sous la forme d\u2019un pr\u00eat avec option d\u2019achat estim\u00e9e \u00e0 6 millions d\u2019euros. Probl\u00e8me : <strong>cette option \u00e9tait conditionn\u00e9e \u00e0 une mont\u00e9e en Ligue 1<\/strong>. Une clause jug\u00e9e trop incertaine par le club anglais, qui a imm\u00e9diatement repouss\u00e9 la proposition. <\/p>\n<p>Autre d\u00e9sillusion, celle du dossier Enzo Bardeli. Le milieu de Dunkerque, pourtant suivi de pr\u00e8s, a choisi de privil\u00e9gier une destination en Ligue 1. Un signal fort. Malgr\u00e9 son statut et son histoire, l\u2019ASSE p\u00e2tit encore de son positionnement en Ligue 2, qui refroidit certains profils \u00e0 un moment cl\u00e9 de leur carri\u00e8re.<\/p>\n<p>Budget r\u00e9duit et flou sportif<\/p>\n<p>\u00c0 ces obstacles s\u2019ajoute une r\u00e9alit\u00e9 \u00e9conomique plus contraignante. Apr\u00e8s avoir investi pr\u00e8s de 25 millions d\u2019euros l\u2019\u00e9t\u00e9 dernier, Kilmer Sports Ventures a d\u00e9cid\u00e9 de lever le pied en janvier. Une enveloppe plus limit\u00e9e qui restreint les marges de man\u0153uvre et complique les n\u00e9gociations, notamment face \u00e0 des clubs \u00e9trangers moins press\u00e9s de vendre.<\/p>\n<p><a class=\"related-article simple\" href=\"https:\/\/mediafoot.net\/mercato-rennes-desire-a-active-une-piste-en-ligue-1-avant-szymanski\/\" target=\"_blank\" rel=\"noopener\">MercatoMercato Rennes : D\u00e9sir\u00e9 a activ\u00e9 une piste en Ligue 1 avant Szymanski<\/a><\/p>\n<p>Enfin, un autre \u00e9l\u00e9ment p\u00e8se en coulisses : l\u2019incertitude autour de l\u2019avenir d\u2019Eirik Horneland. Fragilis\u00e9 \u00e0 chaque contre-performance, le technicien norv\u00e9gien ne dispose pas d\u2019une assise totale. Un contexte qui peut semer le doute chez certains joueurs, peu enclins \u00e0 s\u2019engager dans un projet dont les contours restent flous \u00e0 moyen terme.<\/p>\n","protected":false},"excerpt":{"rendered":"Afficher les titres Masquer les titres Annonc\u00e9e comme l\u2019une des formations les plus actives de l\u2019hiver, l\u2019AS Saint-\u00c9tienne&hellip;\n","protected":false},"author":2,"featured_media":665411,"comment_status":"","ping_status":"","sticky":false,"template":"","format":"standard","meta":{"footnotes":""},"categories":[9653],"tags":[1111,11,2430,1777,674,1011,27,12,25,4001],"class_list":{"0":"post-665410","1":"post","2":"type-post","3":"status-publish","4":"format-standard","5":"has-post-thumbnail","7":"category-saint-etienne","8":"tag-actu","9":"tag-actualites","10":"tag-auvergne-rhone-alpes","11":"tag-eu","12":"tag-europe","13":"tag-fr","14":"tag-france","15":"tag-news","16":"tag-republique-francaise","17":"tag-saint-etienne"},"share_on_mastodon":{"url":"https:\/\/pubeurope.com\/@fr\/115899366622723038","error":""},"_links":{"self":[{"href":"https:\/\/www.europesays.com\/fr\/wp-json\/wp\/v2\/posts\/665410","targetHints":{"allow":["GET"]}}],"collection":[{"href":"https:\/\/www.europesays.com\/fr\/wp-json\/wp\/v2\/posts"}],"about":[{"href":"https:\/\/www.europesays.com\/fr\/wp-json\/wp\/v2\/types\/post"}],"author":[{"embeddable":true,"href":"https:\/\/www.europesays.com\/fr\/wp-json\/wp\/v2\/users\/2"}],"replies":[{"embeddable":true,"href":"https:\/\/www.europesays.com\/fr\/wp-json\/wp\/v2\/comments?post=665410"}],"version-history":[{"count":0,"href":"https:\/\/www.europesays.com\/fr\/wp-json\/wp\/v2\/posts\/665410\/revisions"}],"wp:featuredmedia":[{"embeddable":true,"href":"https:\/\/www.europesays.com\/fr\/wp-json\/wp\/v2\/media\/665411"}],"wp:attachment":[{"href":"https:\/\/www.europesays.com\/fr\/wp-json\/wp\/v2\/media?parent=665410"}],"wp:term":[{"taxonomy":"category","embeddable":true,"href":"https:\/\/www.europesays.com\/fr\/wp-json\/wp\/v2\/categories?post=665410"},{"taxonomy":"post_tag","embeddable":true,"href":"https:\/\/www.europesays.com\/fr\/wp-json\/wp\/v2\/tags?post=665410"}],"curies":[{"name":"wp","href":"https:\/\/api.w.org\/{rel}","templated":true}]}}