{"id":665414,"date":"2026-01-15T13:36:06","date_gmt":"2026-01-15T13:36:06","guid":{"rendered":"https:\/\/www.europesays.com\/fr\/665414\/"},"modified":"2026-01-15T13:36:06","modified_gmt":"2026-01-15T13:36:06","slug":"vote-basket-pour-le-sluc-nancy-le-match-contre-boulazac-est-il-un-premier-tournant-dans-la-saison","status":"publish","type":"post","link":"https:\/\/www.europesays.com\/fr\/665414\/","title":{"rendered":"Vote. Basket. Pour le SLUC Nancy, le match contre Boulazac est-il un premier tournant dans la saison ?"},"content":{"rendered":"<p>Ce vendredi soir \u00e0 Gentilly (\u00e0 20h30), le SLUC Nancy (11e ; 6v-9d) re\u00e7oit Boulazac, un promu qui le suit de pr\u00e8s au classement (12e\u00a0; 5v-10d). Les basketteurs nanc\u00e9iens restent sur quatre d\u00e9faites cons\u00e9cutives en Betclic Elite et ce premier match de la phase retour est le moment ou jamais de mettre fin \u00e0 cette s\u00e9rie n\u00e9gative. Pensez-vous que cette rencontre constitue d\u00e9j\u00e0 un tournant dans la saison du SLUC\u00a0?\u00a0\u00a0<\/p>\n<p>&#13;<br \/>\n              L&rsquo;Est R\u00e9publicain  &#8211; &#13;<br \/>\n        &#13;<br \/>\n          Hier \u00e0 15:57&#13;<br \/>\n    &#13;<br \/>\n                  | mis \u00e0 jour hier \u00e0 15:59&#13;<br \/>\n              &#8211; Temps de lecture : &#13;<br \/>\n  &#13;<\/p>\n","protected":false},"excerpt":{"rendered":"Ce vendredi soir \u00e0 Gentilly (\u00e0 20h30), le SLUC Nancy (11e ; 6v-9d) re\u00e7oit Boulazac, un promu qui&hellip;\n","protected":false},"author":2,"featured_media":665415,"comment_status":"","ping_status":"","sticky":false,"template":"","format":"standard","meta":{"footnotes":""},"categories":[9635],"tags":[1111,11,1791,1777,674,1701,1795,1011,27,775,3457,1702,12,3456,25,11567,517,1700,10606],"class_list":{"0":"post-665414","1":"post","2":"type-post","3":"status-publish","4":"format-standard","5":"has-post-thumbnail","7":"category-nancy","8":"tag-actu","9":"tag-actualites","10":"tag-basket-ball","11":"tag-eu","12":"tag-europe","13":"tag-fil-info-sport","14":"tag-fil-web","15":"tag-fr","16":"tag-france","17":"tag-grand-est","18":"tag-meurthe-et-moselle","19":"tag-nancy","20":"tag-news","21":"tag-region-lorraine","22":"tag-republique-francaise","23":"tag-sluc","24":"tag-sport","25":"tag-sport-lorrain","26":"tag-vote-sport-lorrain"},"share_on_mastodon":{"url":"https:\/\/pubeurope.com\/@fr\/115899385968862324","error":""},"_links":{"self":[{"href":"https:\/\/www.europesays.com\/fr\/wp-json\/wp\/v2\/posts\/665414","targetHints":{"allow":["GET"]}}],"collection":[{"href":"https:\/\/www.europesays.com\/fr\/wp-json\/wp\/v2\/posts"}],"about":[{"href":"https:\/\/www.europesays.com\/fr\/wp-json\/wp\/v2\/types\/post"}],"author":[{"embeddable":true,"href":"https:\/\/www.europesays.com\/fr\/wp-json\/wp\/v2\/users\/2"}],"replies":[{"embeddable":true,"href":"https:\/\/www.europesays.com\/fr\/wp-json\/wp\/v2\/comments?post=665414"}],"version-history":[{"count":0,"href":"https:\/\/www.europesays.com\/fr\/wp-json\/wp\/v2\/posts\/665414\/revisions"}],"wp:featuredmedia":[{"embeddable":true,"href":"https:\/\/www.europesays.com\/fr\/wp-json\/wp\/v2\/media\/665415"}],"wp:attachment":[{"href":"https:\/\/www.europesays.com\/fr\/wp-json\/wp\/v2\/media?parent=665414"}],"wp:term":[{"taxonomy":"category","embeddable":true,"href":"https:\/\/www.europesays.com\/fr\/wp-json\/wp\/v2\/categories?post=665414"},{"taxonomy":"post_tag","embeddable":true,"href":"https:\/\/www.europesays.com\/fr\/wp-json\/wp\/v2\/tags?post=665414"}],"curies":[{"name":"wp","href":"https:\/\/api.w.org\/{rel}","templated":true}]}}