{"id":665416,"date":"2026-01-15T13:38:41","date_gmt":"2026-01-15T13:38:41","guid":{"rendered":"https:\/\/www.europesays.com\/fr\/665416\/"},"modified":"2026-01-15T13:38:41","modified_gmt":"2026-01-15T13:38:41","slug":"junior-kpoku-rejoint-le-rugby-club-toulonnais-en-pret","status":"publish","type":"post","link":"https:\/\/www.europesays.com\/fr\/665416\/","title":{"rendered":"Junior Kpoku rejoint le Rugby Club Toulonnais en pr\u00eat"},"content":{"rendered":"<p style=\"font-weight: 400;\">Le <strong>Rugby Club Toulonnais<\/strong> est heureux d\u2019annoncer l\u2019arriv\u00e9e avec effet imm\u00e9diat de <strong>Junior Kpoku<\/strong>, en provenance du Racing 92, sous la forme d\u2019un <strong>pr\u00eat jusqu\u2019\u00e0 la fin de la saison 2025-2026<\/strong>.<\/p>\n<p style=\"font-weight: 400;\">\u00c2g\u00e9 de 20 ans, Junior Kpoku vient renforcer le pack toulonnais afin de pallier les absences actuelles en deuxi\u00e8me et troisi\u00e8me-lignes. Dot\u00e9 d\u2019un gabarit impressionnant (2,03 m pour 119 kg), ce jeune joueur \u00e0 fort potentiel, apportera toute sa puissance, son impact physique et son \u00e9nergie au collectif rouge et noir pour cette fin de saison.<\/p>\n<p style=\"font-weight: 400;\">International Anglais U20, Junior Kpoku se distingue par sa polyvalence, ses qualit\u00e9s athl\u00e9tiques et son engagement dans le combat, faisant de lui un profil prometteur du rugby europ\u00e9en.<\/p>\n<p style=\"font-weight: 400;\">Laurent Emmanuelli, Directeur Sportif du Rugby Club Toulonnais : \u00ab\u00a0L\u2019arriv\u00e9e de Junior Kpoku r\u00e9pond \u00e0 un besoin imm\u00e9diat de renfort dans notre pack. C\u2019est un jeune joueur avec un \u00e9norme potentiel, un profil puissant et athl\u00e9tique, capable d\u2019\u00e9voluer en deuxi\u00e8me comme en troisi\u00e8me-ligne. Ce pr\u00eat va lui permettre de continuer sa progression tout en nous apportant une solution pr\u00e9cieuse pour cette fin de saison.\u00a0\u00bb<\/p>\n<p style=\"font-weight: 400;\">Le Rugby Club Toulonnais souhaite la bienvenue \u00e0 Junior Kpoku et lui adresse tous ses v\u0153ux de r\u00e9ussite sous les couleurs du RCT.<\/p>\n","protected":false},"excerpt":{"rendered":"Le Rugby Club Toulonnais est heureux d\u2019annoncer l\u2019arriv\u00e9e avec effet imm\u00e9diat de Junior Kpoku, en provenance du Racing&hellip;\n","protected":false},"author":2,"featured_media":665417,"comment_status":"","ping_status":"","sticky":false,"template":"","format":"standard","meta":{"footnotes":""},"categories":[9619],"tags":[1111,11,1777,674,1011,27,12,882,25,2310],"class_list":{"0":"post-665416","1":"post","2":"type-post","3":"status-publish","4":"format-standard","5":"has-post-thumbnail","7":"category-toulon","8":"tag-actu","9":"tag-actualites","10":"tag-eu","11":"tag-europe","12":"tag-fr","13":"tag-france","14":"tag-news","15":"tag-provence-alpes-cote-dazur","16":"tag-republique-francaise","17":"tag-toulon"},"share_on_mastodon":{"url":"https:\/\/pubeurope.com\/@fr\/115899393909373173","error":""},"_links":{"self":[{"href":"https:\/\/www.europesays.com\/fr\/wp-json\/wp\/v2\/posts\/665416","targetHints":{"allow":["GET"]}}],"collection":[{"href":"https:\/\/www.europesays.com\/fr\/wp-json\/wp\/v2\/posts"}],"about":[{"href":"https:\/\/www.europesays.com\/fr\/wp-json\/wp\/v2\/types\/post"}],"author":[{"embeddable":true,"href":"https:\/\/www.europesays.com\/fr\/wp-json\/wp\/v2\/users\/2"}],"replies":[{"embeddable":true,"href":"https:\/\/www.europesays.com\/fr\/wp-json\/wp\/v2\/comments?post=665416"}],"version-history":[{"count":0,"href":"https:\/\/www.europesays.com\/fr\/wp-json\/wp\/v2\/posts\/665416\/revisions"}],"wp:featuredmedia":[{"embeddable":true,"href":"https:\/\/www.europesays.com\/fr\/wp-json\/wp\/v2\/media\/665417"}],"wp:attachment":[{"href":"https:\/\/www.europesays.com\/fr\/wp-json\/wp\/v2\/media?parent=665416"}],"wp:term":[{"taxonomy":"category","embeddable":true,"href":"https:\/\/www.europesays.com\/fr\/wp-json\/wp\/v2\/categories?post=665416"},{"taxonomy":"post_tag","embeddable":true,"href":"https:\/\/www.europesays.com\/fr\/wp-json\/wp\/v2\/tags?post=665416"}],"curies":[{"name":"wp","href":"https:\/\/api.w.org\/{rel}","templated":true}]}}