{"id":665426,"date":"2026-01-15T13:43:10","date_gmt":"2026-01-15T13:43:10","guid":{"rendered":"https:\/\/www.europesays.com\/fr\/665426\/"},"modified":"2026-01-15T13:43:10","modified_gmt":"2026-01-15T13:43:10","slug":"grenoble-deux-mois-apres-leur-expulsion-ces-familles-sans-logement-exigent-des-solutions","status":"publish","type":"post","link":"https:\/\/www.europesays.com\/fr\/665426\/","title":{"rendered":"Grenoble. Deux mois apr\u00e8s leur expulsion, ces familles sans logement exigent des solutions"},"content":{"rendered":"<p>                    Par<br \/>\n        <strong><br \/>\n            <a href=\"https:\/\/actu.fr\/auteur\/lisa-rodrigues\" title=\"Consulter tous les articles de Lisa Rodrigues\" target=\"_blank\" rel=\"noopener\">Lisa Rodrigues<\/a><br \/>\n                    <\/strong><\/p>\n<p>        Publi\u00e9 le<\/p>\n<p>            15 janv. 2026 \u00e0 11h27        <\/p>\n<p>Juste avant les f\u00eates de No\u00ebl, Grenoble-Alpes M\u00e9tropole a assur\u00e9 qu\u2019une <a href=\"https:\/\/actu.fr\/auvergne-rhone-alpes\/grenoble_38185\/grenoble-expulsees-de-leur-logement-depuis-un-mois-ces-familles-ont-retrouve-un-toit_63612120.html\" target=\"_blank\" rel=\"noopener\">solution de relogement<\/a> a \u00e9t\u00e9 trouv\u00e9e pour une partie des quelque <strong>150 personnes<\/strong> \u2013 dont une trentaine d\u2019enfants \u2013 qui ont trouv\u00e9 refuge au si\u00e8ge de la collectivit\u00e9 depuis le 19 novembre dernier, apr\u00e8s avoir \u00e9t\u00e9 expuls\u00e9es de leurs appartements.\u00a0<\/p>\n<p class=\" wall-content\">Une quinzaine de logements r\u00e9partis sur plusieurs communes de la M\u00e9tropole serait bient\u00f4t mis \u00e0 disposition de ces personnes, d\u2019apr\u00e8s la collectivit\u00e9. Insuffisant toutefois pour les associations et collectifs citoyens suivant la situation des personnes sans toit.<\/p>\n<p>Une nouvelle manifestation lundi<\/p>\n<p class=\" wall-content\">Pour marquer les deux mois de la mobilisation, ils appellent \u00e0 une manifestation \u00e0 <a href=\"https:\/\/actu.fr\/auvergne-rhone-alpes\/grenoble_38185\" target=\"_blank\" rel=\"noopener\">Grenoble<\/a>, lundi 19 janvier. Le d\u00e9part sera donn\u00e9 au si\u00e8ge de la M\u00e9tropole, puis le cort\u00e8ge se dirigera devant la mairie.<\/p>\n<p class=\" wall-content\">Car l\u2019une des demandes des collectifs est la mise en \u0153uvre effective d\u2019une promesse d\u2019<a href=\"https:\/\/actu.fr\/tag\/eric-piolle\" target=\"_blank\" rel=\"noopener\">\u00c9ric Piolle<\/a> d\u2019assurer la <a href=\"https:\/\/actu.fr\/auvergne-rhone-alpes\/grenoble_38185\/grenoble-pour-aider-les-familles-sans-logement-la-mairie-passe-a-l-etape-superieure_62667310.html\" target=\"_blank\" rel=\"noopener\">r\u00e9quisition de logements vacants<\/a>. Et ils ont m\u00eame trouv\u00e9 un lieu qui r\u00e9pond \u00e0 leurs exigences.<\/p>\n<p class=\" wall-content\">\u00ab\u00a0La <strong>r\u00e9quisition du site du Rabot<\/strong> \u00e0 Grenoble par le maire reste \u00e0 ce jour la mesure la plus rapide et la plus efficace\u00a0\u00bb pour h\u00e9berger dignement les 150 naufrag\u00e9s, assurent les associations dans un communiqu\u00e9.<\/p>\n<p>    <a href=\"https:\/\/www.facebook.com\/plugins\/post.php?href=https%3A%2F%2Fwww.facebook.com%2Fpermalink.php%3Fstory_fbid%3Dpfbid022ypjG9NeyucpXRsdf2hNWu22UFNVLfj5ULnctmW137SdCFSpJN3Uyv3QMh9X5khhl%26id%3D100089305673157&amp;show_text=true&amp;width=350\" title=\"Ouvrie le lien\" target=\"_blank\" rel=\"noopener\">Cliquez ici pour visualiser le contenu<\/a><\/p>\n<p class=\" wall-content\">Les manifestants devraient ensuite occuper le parvis de l\u2019H\u00f4tel de Ville une bonne partie du lundi apr\u00e8s-midi pour une \u00ab\u00a0casserolade g\u00e9ante\u00a0\u00bb.<\/p>\n<p>Votre r\u00e9gion, votre actu !<\/p>\n<p>Recevez chaque jour les infos qui comptent pour vous.<\/p>\n<p>\t<a href=\"https:\/\/actu.fr\/newsletter\" class=\"ac-btn ac-btn--corner ac-btn--medium ac-btn--blue800\" target=\"_blank\" rel=\"noopener\">S&rsquo;incrire<\/a><br \/>\nDes marchands de sommeil<\/p>\n<p class=\" wall-content\">Pour rappel, les personnes ayant trouv\u00e9 refuge \u00e0 la M\u00e9tropole \u2013 familles et travailleurs isol\u00e9s en situation de pr\u00e9carit\u00e9 en grande majorit\u00e9 \u2013 ont \u00e9t\u00e9 expuls\u00e9es de leur logement \u00e0 la Villeneuve par le bailleur Actis, <a href=\"https:\/\/actu.fr\/auvergne-rhone-alpes\/grenoble_38185\/grenoble-pourquoi-des-familles-ont-ete-expulsees-a-la-villeneuve-en-pleine-treve-hivernale_63461934.html\" target=\"_blank\" rel=\"noopener\">en pleine tr\u00eave hivernale<\/a>.<\/p>\n<p class=\" wall-content\">Contact\u00e9s en novembre par la r\u00e9daction, le bailleur a rappel\u00e9 le caract\u00e8re ill\u00e9gal de l\u2019occupation de ses logements, <strong>lou\u00e9s aux personnes par des marchands de sommeil<\/strong>. Actis a assur\u00e9 avoir \u00ab\u00a0facilit\u00e9 l\u2019orientation des personnes vers les services comp\u00e9tents afin de trouver une solution d\u2019h\u00e9bergement d\u2019urgence\u00a0\u00bb.<\/p>\n<p class=\" wall-content\">Pour les associations, ces logements sont au contraire \u00ab\u00a0abandonn\u00e9s\u00a0\u00bb par Actis, laissant la voie libre \u00e0 des \u00ab\u00a0mafias qui usent de menaces et de violences contre leurs \u2018locataires&rsquo;\u00a0\u00bb.<\/p>\n<p class=\" wall-content\">Personnalisez votre actualit\u00e9 en ajoutant vos villes et m\u00e9dias en favori avec <a href=\"https:\/\/moncompte.actu.fr\" title=\"D\u00e9couvez Mon Actu\" rel=\"nofollow noopener\" data-trk=\"{&quot;cta&quot;:{&quot;action&quot;:&quot;https:\\\/\\\/moncompte.actu.fr&quot;,&quot;category&quot;:&quot;mon compte&quot;,&quot;from&quot;:&quot;article footer&quot;,&quot;name&quot;:&quot;Mon actu&quot;,&quot;type&quot;:&quot;cta&quot;}}\" target=\"_blank\">Mon Actu<\/a>.<\/p>\n","protected":false},"excerpt":{"rendered":"Par Lisa Rodrigues Publi\u00e9 le 15 janv. 2026 \u00e0 11h27 Juste avant les f\u00eates de No\u00ebl, Grenoble-Alpes M\u00e9tropole&hellip;\n","protected":false},"author":2,"featured_media":665427,"comment_status":"","ping_status":"","sticky":false,"template":"","format":"standard","meta":{"footnotes":""},"categories":[9566],"tags":[1111,11,2430,1777,674,1011,27,2731,19692,1908,12,25,104],"class_list":{"0":"post-665426","1":"post","2":"type-post","3":"status-publish","4":"format-standard","5":"has-post-thumbnail","7":"category-grenoble","8":"tag-actu","9":"tag-actualites","10":"tag-auvergne-rhone-alpes","11":"tag-eu","12":"tag-europe","13":"tag-fr","14":"tag-france","15":"tag-grenoble","16":"tag-grenoble-alpes-metropole","17":"tag-logement","18":"tag-news","19":"tag-republique-francaise","20":"tag-societe"},"share_on_mastodon":{"url":"https:\/\/pubeurope.com\/@fr\/115899413569223225","error":""},"_links":{"self":[{"href":"https:\/\/www.europesays.com\/fr\/wp-json\/wp\/v2\/posts\/665426","targetHints":{"allow":["GET"]}}],"collection":[{"href":"https:\/\/www.europesays.com\/fr\/wp-json\/wp\/v2\/posts"}],"about":[{"href":"https:\/\/www.europesays.com\/fr\/wp-json\/wp\/v2\/types\/post"}],"author":[{"embeddable":true,"href":"https:\/\/www.europesays.com\/fr\/wp-json\/wp\/v2\/users\/2"}],"replies":[{"embeddable":true,"href":"https:\/\/www.europesays.com\/fr\/wp-json\/wp\/v2\/comments?post=665426"}],"version-history":[{"count":0,"href":"https:\/\/www.europesays.com\/fr\/wp-json\/wp\/v2\/posts\/665426\/revisions"}],"wp:featuredmedia":[{"embeddable":true,"href":"https:\/\/www.europesays.com\/fr\/wp-json\/wp\/v2\/media\/665427"}],"wp:attachment":[{"href":"https:\/\/www.europesays.com\/fr\/wp-json\/wp\/v2\/media?parent=665426"}],"wp:term":[{"taxonomy":"category","embeddable":true,"href":"https:\/\/www.europesays.com\/fr\/wp-json\/wp\/v2\/categories?post=665426"},{"taxonomy":"post_tag","embeddable":true,"href":"https:\/\/www.europesays.com\/fr\/wp-json\/wp\/v2\/tags?post=665426"}],"curies":[{"name":"wp","href":"https:\/\/api.w.org\/{rel}","templated":true}]}}