{"id":665428,"date":"2026-01-15T13:44:10","date_gmt":"2026-01-15T13:44:10","guid":{"rendered":"https:\/\/www.europesays.com\/fr\/665428\/"},"modified":"2026-01-15T13:44:10","modified_gmt":"2026-01-15T13:44:10","slug":"1000-matchs-au-compteur-jean-marc-milliat-speaker-de-la-table-de-marque-des-bdl-raconte-sa-passion-pour-le-hockey","status":"publish","type":"post","link":"https:\/\/www.europesays.com\/fr\/665428\/","title":{"rendered":"1000 matchs au compteur\u00a0: Jean-Marc Milliat, speaker de la table de marque des BDL raconte sa passion pour le hockey"},"content":{"rendered":"<p>Sa voix r\u00e9sonne dans Polesud \u00e0 chaque match des Br\u00fbleurs de Loups\u00a0: Jean-Marc Milliat est speaker \u00e0 la table de marque du club de hockey grenoblois et a assur\u00e9 son 1000e match le 11 janvier contre Cergy-Pontoise. Il revient sur sa passion et son engagement pour le hockey sur glace.<\/p>\n<p>Chronom\u00e8tre, statistiques et depuis plusieurs ann\u00e9es, speaker\u00a0: Jean-Marc Milliat est pass\u00e9 par tous les postes de la table de marque des Br\u00fbleurs de Loups. Lors du match des hockeyeurs grenoblois contre Cergy-Pontoise le 11 janvier, ce b\u00e9n\u00e9vole a pass\u00e9 la barre de la <strong>1000e rencontre o\u00f9 il officiait \u00e0 la table de marque.<\/strong><\/p>\n<p><strong>L&rsquo;histoire de Jean-Marc Milliat avec le hockey sur glace commence en 1968<\/strong>, pendant les Jeux Olympiques de Grenoble. Son oncle l&#8217;emm\u00e8ne voir un match et c&rsquo;est parti\u00a0: \u00ab\u00a0J&rsquo;ai ador\u00e9, je suis rest\u00e9 en fascination\u00a0\u00bb raconte-t-il. Plus tard, l&rsquo;un de ses enfants d\u00e9marre le hockey avec les Br\u00fbleurs de Loups, \u00ab\u00a0je suis au club depuis plus de 32, 33 ans&#8230; je ne sais plus exactement.\u00a0\u00bb<\/p>\n<p>De la patinoire Cl\u00e9menceau aux Jeux Olympiques de Turin<\/p>\n<p>Il s&rsquo;engage comme b\u00e9n\u00e9vole au sein du club et arrive \u00e0 la table de marque un peu par hasard, quand les BDL jouaient encore \u00e0 la patinoire Cl\u00e9menceau. Depuis, il n&rsquo;a plus quitt\u00e9 cette esp\u00e8ce de <strong>tour de contr\u00f4le d&rsquo;un match de hockey sur glace<\/strong>. \u00ab\u00a0Sans table de marque, il ne peut pas y avoir de match. Le chronom\u00e9treur fait les affichages des p\u00e9nalit\u00e9s, le speaker annonce, les statisticiens font les statistiques et tout est compil\u00e9 dans la feuille de match.\u00a0\u00bb<\/p>\n<p>Cette passion a emmen\u00e9 Jean-Marc Milliat dans de nombreuses patinoires, jusqu&rsquo;\u00e0 cette barre symbolique des 1000 matchs. \u00ab\u00a0\u00c7a ne comprend pas que les matchs que j&rsquo;ai fait aux Br\u00fbleurs de Loups, \u00e7a ne suffirait pas\u00a0\u00bb explique-t-il. \u00ab\u00a0J&rsquo;ai fait aussi beaucoup, beaucoup de tournois internationaux notamment des championnats du monde pour les jeunes, les f\u00e9minines et puis l&rsquo;\u00e9quipe de France senior et les championnats du monde en 2017 \u00e0 Paris. J&rsquo;ai fait les Jeux Olympiques de Turin en 2006&#8230; on arrive au 1000e, \u00e7a met un coup de vieux mais apr\u00e8s que \u00e7a soit le 1000e, le 999e, le 500e&#8230; \u00e7a n&rsquo;a pas beaucoup d&rsquo;importance, c&rsquo;est toujours la m\u00eame passion.\u00a0\u00bb<\/p>\n<p>A 72 ans &#8211; mais il n&rsquo;aime pas trop le dire &#8211; Jean-Marc Milliat aimerait <strong>terminer sa carri\u00e8re d&rsquo;officiel \u00e0 la table de marque avec les Jeux Olympiques d&rsquo;hiver en France<\/strong> en 2030.<\/p>\n<p>  (function(w, d) {     if (w.FB &#038;&#038; w.FB.XFBML &#038;&#038; w.FB.XFBML.parse) {         if (&lsquo;undefined&rsquo; == typeof w.__fbTimeout) {             w.__fbTimeout = setTimeout(function() {                 w.FB.XFBML.parse();                 w.__fbTimeout = undefined;             }, 1000);         }     } else if (&lsquo;undefined&rsquo; == typeof w.__fbTimeout) {         if (d.querySelectorAll(&lsquo;#fb-root&rsquo;).length === 0) {             var fbRoot = d.createElement(&lsquo;div&rsquo;);             fbRoot.id = &lsquo;fb-root&rsquo;;             d.querySelector(&lsquo;body&rsquo;).append(fbRoot);         }         if (d.querySelectorAll(&lsquo;#facebook-jssdk&rsquo;).length === 0) {             var fbScript = d.createElement(&lsquo;script&rsquo;);             fbScript.id = &lsquo;facebook-jssdk&rsquo;;             fbScript.src=\u00a0\u00bb\/\/connect.facebook.net\/fr_FR\/sdk.js#xfbml=1&#038;version=v2.8&#038;appId=593991304071705&Prime;;             fbScript.async = 1;             d.querySelector(&lsquo;head&rsquo;).append(fbScript);         }     } })(window, window.document); \\u003C\/script>\\\u00a0\u00bb,\\\u00a0\u00bbprovider\\\u00a0\u00bb:\\\u00a0\u00bbfacebook\\\u00a0\u00bb,\\\u00a0\u00bbdidomiPurposes\\\u00a0\u00bb:\\\u00a0\u00bbPour afficher ce contenu Facebook, vous devez accepter les cookies \\u003Cb>R\u00e9seaux Sociaux\\u003C\/b>.\\u003Cbr>\\u003Cbr>Ces cookies permettent de partager ou r\u00e9agir directement sur les r\u00e9seaux sociaux auxquels vous \u00eates connect\u00e9s ou d&rsquo;int\u00e9grer du contenu initialement post\u00e9 sur ces r\u00e9seaux sociaux. Ils permettent aussi aux r\u00e9seaux sociaux d&rsquo;utiliser vos visites sur nos sites et applications \u00e0 des fins de personnalisation et de ciblage publicitaire.\\\u00a0\u00bb,\\\u00a0\u00bbdidomiVendorId\\\u00a0\u00bb:\\\u00a0\u00bbc:facebookc-rgacRMQm\\\u00a0\u00bb}}]}},\\\u00a0\u00bbdisplay\\\u00a0\u00bb:{\\\u00a0\u00bbhighBanner\\\u00a0\u00bb:true}}\u00a0\u00bb}<\/p>\n","protected":false},"excerpt":{"rendered":"Sa voix r\u00e9sonne dans Polesud \u00e0 chaque match des Br\u00fbleurs de Loups\u00a0: Jean-Marc Milliat est speaker \u00e0 la&hellip;\n","protected":false},"author":2,"featured_media":665429,"comment_status":"","ping_status":"","sticky":false,"template":"","format":"standard","meta":{"footnotes":""},"categories":[9566],"tags":[1111,11,2430,1777,674,1011,27,2731,12,25],"class_list":{"0":"post-665428","1":"post","2":"type-post","3":"status-publish","4":"format-standard","5":"has-post-thumbnail","7":"category-grenoble","8":"tag-actu","9":"tag-actualites","10":"tag-auvergne-rhone-alpes","11":"tag-eu","12":"tag-europe","13":"tag-fr","14":"tag-france","15":"tag-grenoble","16":"tag-news","17":"tag-republique-francaise"},"share_on_mastodon":{"url":"https:\/\/pubeurope.com\/@fr\/115899417490211586","error":""},"_links":{"self":[{"href":"https:\/\/www.europesays.com\/fr\/wp-json\/wp\/v2\/posts\/665428","targetHints":{"allow":["GET"]}}],"collection":[{"href":"https:\/\/www.europesays.com\/fr\/wp-json\/wp\/v2\/posts"}],"about":[{"href":"https:\/\/www.europesays.com\/fr\/wp-json\/wp\/v2\/types\/post"}],"author":[{"embeddable":true,"href":"https:\/\/www.europesays.com\/fr\/wp-json\/wp\/v2\/users\/2"}],"replies":[{"embeddable":true,"href":"https:\/\/www.europesays.com\/fr\/wp-json\/wp\/v2\/comments?post=665428"}],"version-history":[{"count":0,"href":"https:\/\/www.europesays.com\/fr\/wp-json\/wp\/v2\/posts\/665428\/revisions"}],"wp:featuredmedia":[{"embeddable":true,"href":"https:\/\/www.europesays.com\/fr\/wp-json\/wp\/v2\/media\/665429"}],"wp:attachment":[{"href":"https:\/\/www.europesays.com\/fr\/wp-json\/wp\/v2\/media?parent=665428"}],"wp:term":[{"taxonomy":"category","embeddable":true,"href":"https:\/\/www.europesays.com\/fr\/wp-json\/wp\/v2\/categories?post=665428"},{"taxonomy":"post_tag","embeddable":true,"href":"https:\/\/www.europesays.com\/fr\/wp-json\/wp\/v2\/tags?post=665428"}],"curies":[{"name":"wp","href":"https:\/\/api.w.org\/{rel}","templated":true}]}}