{"id":665432,"date":"2026-01-15T13:46:10","date_gmt":"2026-01-15T13:46:10","guid":{"rendered":"https:\/\/www.europesays.com\/fr\/665432\/"},"modified":"2026-01-15T13:46:10","modified_gmt":"2026-01-15T13:46:10","slug":"mercato-rennes-desire-a-active-une-piste-en-ligue-1-avant-szymanski","status":"publish","type":"post","link":"https:\/\/www.europesays.com\/fr\/665432\/","title":{"rendered":"Mercato Rennes : D\u00e9sir\u00e9 a activ\u00e9 une piste en Ligue 1 avant Szymanski"},"content":{"rendered":"<p>\t\t\tAfficher les titres Masquer les titres <\/p>\n<p><strong>Le Stade Rennais avance \u00e0 pas mesur\u00e9s sur ce mercato hivernal, mais le chantier du milieu offensif reste au c\u0153ur des pr\u00e9occupations. Si le nom de Sebastian Szymanski revient avec insistance, les dirigeants bretons travaillent en parall\u00e8le sur d\u2019autres profils, plus discrets, mais tout aussi s\u00e9duisants. Parmi eux, un talent scandinave valoris\u00e9 \u00e0 15 M\u20ac a r\u00e9cemment anim\u00e9 les discussions en interne, preuve que Rennes garde plusieurs cartes en main.<\/strong><\/p>\n<p>\u00c0 Rennes, le mois de janvier est avant tout synonyme de r\u00e9flexion strat\u00e9gique. Sixi\u00e8me de Ligue 1 \u00e0 mi-saison, le club breton souhaite apporter une touche de cr\u00e9ativit\u00e9 suppl\u00e9mentaire \u00e0 son animation offensive. Dans cette optique, <a href=\"https:\/\/mediafoot.net\/info-media-foot-rennes-tout-proche-de-boucler-ce-super-coup\/\" target=\"_blank\" rel=\"noopener\">Sebastian Szymanski appara\u00eet comme la cible prioritaire<\/a>. Le milieu offensif international polonais, en d\u00e9licatesse sur le plan du temps de jeu avec Fenerbah\u00e7e cette saison, correspond parfaitement au profil recherch\u00e9 par Habib Beye et sa direction sportive.<\/p>\n<p>Selon les informations de L\u2019\u00c9quipe, le <a href=\"https:\/\/mediafoot.net\/clubs\/rennes\/\" target=\"_blank\" rel=\"noopener\">Stade Rennais<\/a> a bien pris des renseignements concrets sur la situation du joueur, sans toutefois transmettre la moindre offre officielle au club turc \u00e0 ce stade. Une prudence assum\u00e9e, qui n\u2019emp\u00eache pas Rennes d\u2019<a href=\"https:\/\/mediafoot.net\/mercato-rennes-loic-desire-active-deux-plans-b-dans-lentrejeu\/\" target=\"_blank\" rel=\"noopener\">explorer d\u2019autres pistes en parall\u00e8le<\/a>.<\/p>\n<p>Un autre Sebastian dans le viseur rennais<\/p>\n<p>En coulisses, un autre dossier a ainsi \u00e9t\u00e9 activ\u00e9 puis referm\u00e9. Selon les r\u00e9v\u00e9lations de But, Lo\u00efc D\u00e9sir\u00e9 se serait int\u00e9ress\u00e9 \u00e0 <strong>Sebastian Nanasi<\/strong>, ailier gauche ou milieu offensif international su\u00e9dois du RC Strasbourg. Un joueur que le directeur sportif rennais conna\u00eet parfaitement, puisqu\u2019il avait \u00e9t\u00e9 \u00e0 l\u2019origine de son arriv\u00e9e en Alsace \u00e0 l\u2019\u00e9t\u00e9 2024, avant de quitter le RCSA pour rejoindre Rennes.<\/p>\n<p>Approch\u00e9 d\u00e8s le mois de d\u00e9cembre, tant du c\u00f4t\u00e9 du club que de l\u2019entourage du joueur, Nanasi cochait de nombreuses cases. Technique, polyvalent et encore en progression, le Su\u00e9dois offrait une alternative cr\u00e9dible \u00e0 Szymanski, avec un profil capable de dynamiser les c\u00f4t\u00e9s comme l\u2019axe.<\/p>\n<p>Strasbourg ferme la porte, Rennes temporise<\/p>\n<p>Mais cette piste s\u2019est rapidement heurt\u00e9e \u00e0 un mur. <strong>Le RC Strasbourg ne souhaite pas se s\u00e9parer de son joueur cet hiver<\/strong>. Moins utilis\u00e9 par Liam Rosenior lors de la premi\u00e8re partie de saison, Nanasi a retrouv\u00e9 du cr\u00e9dit depuis l\u2019arriv\u00e9e de Gary O\u2019Neil sur le banc alsacien. Le technicien anglais compte sur lui pour la suite de l\u2019exercice et n\u2019a aucune intention de fragiliser son effectif.<\/p>\n<p><a class=\"related-article simple\" href=\"https:\/\/mediafoot.net\/mercato-asse-zero-recrue-a-la-mi-janvier-que-se-passe-t-il-a-saint-etienne\/\" target=\"_blank\" rel=\"noopener\">MercatoMercato ASSE : Z\u00e9ro recrue \u00e0 la mi-janvier, que se passe-t-il \u00e0 Saint-Etienne ?<\/a><\/p>\n<p><strong>Valoris\u00e9 \u00e0 15 millions d\u2019euros<\/strong> par Transfermarkt, le Su\u00e9dois repr\u00e9sente \u00e9galement un actif important pour Strasbourg, qui n\u2019est pas vendeur \u00e0 ce prix en janvier. R\u00e9sultat : le Stade Rennais a mis ce dossier en pause, sans pour autant l\u2019enterrer d\u00e9finitivement.<\/p>\n","protected":false},"excerpt":{"rendered":"Afficher les titres Masquer les titres Le Stade Rennais avance \u00e0 pas mesur\u00e9s sur ce mercato hivernal, mais&hellip;\n","protected":false},"author":2,"featured_media":652033,"comment_status":"","ping_status":"","sticky":false,"template":"","format":"standard","meta":{"footnotes":""},"categories":[2821],"tags":[1111,11,829,1777,674,1011,27,12,584,25],"class_list":{"0":"post-665432","1":"post","2":"type-post","3":"status-publish","4":"format-standard","5":"has-post-thumbnail","7":"category-rennes","8":"tag-actu","9":"tag-actualites","10":"tag-bretagne","11":"tag-eu","12":"tag-europe","13":"tag-fr","14":"tag-france","15":"tag-news","16":"tag-rennes","17":"tag-republique-francaise"},"share_on_mastodon":{"url":"https:\/\/pubeurope.com\/@fr\/115899425494160923","error":""},"_links":{"self":[{"href":"https:\/\/www.europesays.com\/fr\/wp-json\/wp\/v2\/posts\/665432","targetHints":{"allow":["GET"]}}],"collection":[{"href":"https:\/\/www.europesays.com\/fr\/wp-json\/wp\/v2\/posts"}],"about":[{"href":"https:\/\/www.europesays.com\/fr\/wp-json\/wp\/v2\/types\/post"}],"author":[{"embeddable":true,"href":"https:\/\/www.europesays.com\/fr\/wp-json\/wp\/v2\/users\/2"}],"replies":[{"embeddable":true,"href":"https:\/\/www.europesays.com\/fr\/wp-json\/wp\/v2\/comments?post=665432"}],"version-history":[{"count":0,"href":"https:\/\/www.europesays.com\/fr\/wp-json\/wp\/v2\/posts\/665432\/revisions"}],"wp:featuredmedia":[{"embeddable":true,"href":"https:\/\/www.europesays.com\/fr\/wp-json\/wp\/v2\/media\/652033"}],"wp:attachment":[{"href":"https:\/\/www.europesays.com\/fr\/wp-json\/wp\/v2\/media?parent=665432"}],"wp:term":[{"taxonomy":"category","embeddable":true,"href":"https:\/\/www.europesays.com\/fr\/wp-json\/wp\/v2\/categories?post=665432"},{"taxonomy":"post_tag","embeddable":true,"href":"https:\/\/www.europesays.com\/fr\/wp-json\/wp\/v2\/tags?post=665432"}],"curies":[{"name":"wp","href":"https:\/\/api.w.org\/{rel}","templated":true}]}}