{"id":665433,"date":"2026-01-15T13:47:12","date_gmt":"2026-01-15T13:47:12","guid":{"rendered":"https:\/\/www.europesays.com\/fr\/665433\/"},"modified":"2026-01-15T13:47:12","modified_gmt":"2026-01-15T13:47:12","slug":"schiltigheim-la-ferme-linck-au-coeur-des-travaux-detudiants-devoiles-ce-samedi-17-janvier","status":"publish","type":"post","link":"https:\/\/www.europesays.com\/fr\/665433\/","title":{"rendered":"Schiltigheim. La ferme Linck au c\u0153ur des travaux d\u2019\u00e9tudiants d\u00e9voil\u00e9s ce samedi 17 janvier"},"content":{"rendered":"<p>La ferme Linck, maison \u00e0 pans de bois du XVIIe\u00a0 si\u00e8cle, abrite un espace mus\u00e9al g\u00e9r\u00e9 par l\u2019association M\u00e9moire et Patrimoine de Schiltigheim. Elle propose aux visiteurs, les samedis et dimanches apr\u00e8s-midi, deux expositions permanentes, l\u2019une est consacr\u00e9e \u00e0 la m\u00e9moire industrielle de Schiltigheim depuis les ann\u00e9es 1860, et l\u2019autre est d\u00e9di\u00e9e \u00e0 Auguste Michel, fabricant de foie gras et h\u00f4te du Kunschthafe. Une exposition temporaire \u00e9voque la conserverie Ungemach (1888-1985).<\/p>\n<p>\u00c0 l\u2019occasion de sa r\u00e9ouverture samedi 17\u00a0janvier, les \u00e9tudiants en Licence 3 \u201cMat\u00e9rialit\u00e9 &amp; Espace\u201d \u00e0 l\u2019Universit\u00e9 de Strasbourg, restitueront leurs projets de sc\u00e9nographie, mus\u00e9ographie et design d\u2019espace.<\/p>\n<p>  Une multitude de projets<\/p>\n<p>Ces \u00e9tudiants ont, pendant le premier semestre 2025, interrog\u00e9 les discours et les probl\u00e9matiques qui habitent la ferme Linck. Ils ont imagin\u00e9 et construit des projets qui concourent au partage du patrimoine industriel et <a href=\"https:\/\/www.dna.fr\/culture-loisirs\/2022\/06\/27\/une-maquette-de-la-brasserie-de-l-esperance-visible-a-la-ferme-linck\" target=\"_blank\" rel=\"noopener\">brassicole<\/a> avec le public, en utilisant les outils du design d\u2019espace, de la mus\u00e9ographie, de la sc\u00e9nographie, de la signal\u00e9tique, de l\u2019identit\u00e9 visuelle et de la didactique. Ils ont \u00e9tudi\u00e9 l\u2019espace de visite, la signal\u00e9tique, imagin\u00e9 et r\u00e9alis\u00e9 un livret d\u2019exposition, un parcours pour les enfants, des modules interactifs, des installations st\u00e9nographiques et \u00e9labor\u00e9 une charte graphique.<\/p>\n<p>Ce contenu est bloqu\u00e9 car vous n&rsquo;avez pas accept\u00e9 les cookies et autres traceurs.<\/p>\n<p>En cliquant sur \u00ab J\u2019accepte \u00bb, les cookies et autres traceurs seront d\u00e9pos\u00e9s et vous pourrez visualiser les contenus  (<a href=\"\" class=\"consentModule_policy\" target=\"_blank\" title=\"Consulter la politique de protection des donn\u00e9es du fournisseur\">plus d&rsquo;informations<\/a>).<\/p>\n<p>En cliquant sur \u00ab J\u2019accepte tous les cookies \u00bb, vous autorisez des d\u00e9p\u00f4ts de cookies et autres traceurs pour le stockage de vos donn\u00e9es sur nos sites et applications \u00e0 des fins de personnalisation et de ciblage publicitaire.<\/p>\n<p class=\"consentModule_secondaryText\">Vous gardez la possibilit\u00e9 de retirer votre consentement \u00e0 tout moment en consultant notre <a href=\"https:\/\/www.dna.fr\/protection-des-donnees\" target=\"_blank\" title=\"Consulter notre politique de protection des donn\u00e9es\" rel=\"noopener\">politique de protection des donn\u00e9es<\/a>. <br \/>&#13;<br \/>\n            <a href=\"https:\/\/www.dna.fr\/culture-loisirs\/2026\/01\/15\/javascript:Didomi.notice.show()\" class=\"consentModule_cmp\" target=\"_blank\" rel=\"noopener\">G\u00e9rer mes choix<\/a>&#13;\n        <\/p>\n<p>&#13;<br \/>\n                        J&rsquo;accepte&#13;<br \/>\n            J&rsquo;accepte tous les cookies&#13;\n        <\/p>\n<p>C\u2019est leur professeur, Romain Goetz, qui, en visitant la ferme au printemps dernier, a eu l\u2019id\u00e9e de proposer \u00e0 l\u2019association \u201cM\u00e9moire et Patrimoine de Schiltigheim\u201d de faire travailler ses \u00e9tudiants sur un projet concret, leur permettant de se frotter \u00e0 la r\u00e9alit\u00e9. L\u2019association a saisi au vol cette proposition, tant ce regard ext\u00e9rieur et professionnel lui a paru int\u00e9ressant.<\/p>\n<p class=\"note\">Samedi 17\u00a0janvier, de 14\u00a0h \u00e0 18\u00a0h, entr\u00e9e libre, \u00e0 la ferme Linck, 22, rue d\u2019Adelshoffen \u00e0 Schiltigheim.<\/p>\n<p class=\"note\">Association M\u00e9moire et Patrimoine\u00a0: contact@memoire-patrimoine-schiltigheim.fr, www.memoire-patrimoine-schiltigheim.fr<\/p>\n","protected":false},"excerpt":{"rendered":"La ferme Linck, maison \u00e0 pans de bois du XVIIe\u00a0 si\u00e8cle, abrite un espace mus\u00e9al g\u00e9r\u00e9 par l\u2019association&hellip;\n","protected":false},"author":2,"featured_media":665434,"comment_status":"","ping_status":"","sticky":false,"template":"","format":"standard","meta":{"footnotes":""},"categories":[2820],"tags":[1111,11,1687,2880,1777,674,2271,107,1011,27,775,12,2661,25,5512,640,3265],"class_list":{"0":"post-665433","1":"post","2":"type-post","3":"status-publish","4":"format-standard","5":"has-post-thumbnail","7":"category-strasbourg","8":"tag-actu","9":"tag-actualites","10":"tag-culture-loisirs","11":"tag-edition-strasbourg","12":"tag-eu","13":"tag-europe","14":"tag-exposition-arts-plastiques","15":"tag-fil-info","16":"tag-fr","17":"tag-france","18":"tag-grand-est","19":"tag-news","20":"tag-patrimoine-culturel","21":"tag-republique-francaise","22":"tag-schiltigheim","23":"tag-strasbourg","24":"tag-strasbourg-nord"},"share_on_mastodon":{"url":"https:\/\/pubeurope.com\/@fr\/115899429247096670","error":""},"_links":{"self":[{"href":"https:\/\/www.europesays.com\/fr\/wp-json\/wp\/v2\/posts\/665433","targetHints":{"allow":["GET"]}}],"collection":[{"href":"https:\/\/www.europesays.com\/fr\/wp-json\/wp\/v2\/posts"}],"about":[{"href":"https:\/\/www.europesays.com\/fr\/wp-json\/wp\/v2\/types\/post"}],"author":[{"embeddable":true,"href":"https:\/\/www.europesays.com\/fr\/wp-json\/wp\/v2\/users\/2"}],"replies":[{"embeddable":true,"href":"https:\/\/www.europesays.com\/fr\/wp-json\/wp\/v2\/comments?post=665433"}],"version-history":[{"count":0,"href":"https:\/\/www.europesays.com\/fr\/wp-json\/wp\/v2\/posts\/665433\/revisions"}],"wp:featuredmedia":[{"embeddable":true,"href":"https:\/\/www.europesays.com\/fr\/wp-json\/wp\/v2\/media\/665434"}],"wp:attachment":[{"href":"https:\/\/www.europesays.com\/fr\/wp-json\/wp\/v2\/media?parent=665433"}],"wp:term":[{"taxonomy":"category","embeddable":true,"href":"https:\/\/www.europesays.com\/fr\/wp-json\/wp\/v2\/categories?post=665433"},{"taxonomy":"post_tag","embeddable":true,"href":"https:\/\/www.europesays.com\/fr\/wp-json\/wp\/v2\/tags?post=665433"}],"curies":[{"name":"wp","href":"https:\/\/api.w.org\/{rel}","templated":true}]}}