{"id":665435,"date":"2026-01-15T13:48:11","date_gmt":"2026-01-15T13:48:11","guid":{"rendered":"https:\/\/www.europesays.com\/fr\/665435\/"},"modified":"2026-01-15T13:48:11","modified_gmt":"2026-01-15T13:48:11","slug":"amber-barrett-sengage-en-faveur-du-racing","status":"publish","type":"post","link":"https:\/\/www.europesays.com\/fr\/665435\/","title":{"rendered":"Amber Barrett s\u2019engage en faveur du Racing"},"content":{"rendered":"<p>L\u2019attaquante internationale Irlandaise a paraph\u00e9 un bail jusqu\u2019en 2028.<\/p>\n<p>N\u00e9e le 16 janvier 1996 \u00e0 Donegal, dans le nord de l\u2019Irlande, la nouvelle attaquante strasbourgeoise d\u00e9bute sa carri\u00e8re dans son pays natal, o\u00f9 elle termine par trois fois meilleure buteuse du championnat, avant de rejoindre le 1.FC Cologne en Allemagne.<\/p>\n<p>Outre-Rhin, Amber Barrett inscrit 10 buts en 36 rencontres avec les Boucs. Apr\u00e8s un court passage du c\u00f4t\u00e9 du Turbine Potsdam lors de la saison 2022-2023, celle qui compte plus de 50 s\u00e9lections en \u00e9quipe nationale pose ses valises en Belgique et rejoint le Standard de Li\u00e8ge \u00e0 l\u2019\u00e9t\u00e9 2023. Avec les Rouches, Amber Barrett montre l\u2019\u00e9tendue de son talent. 32 matches avec le Standard, 22 buts !<br \/>C\u2019est donc un atout offensif de choix qui rejoint le groupe de Vincent Nogueira. En Alsace, Amber Barrett d\u00e9couvrira l\u2019Arkema Premi\u00e8re Ligue pour la premi\u00e8re fois de sa carri\u00e8re.<\/p>\n","protected":false},"excerpt":{"rendered":"L\u2019attaquante internationale Irlandaise a paraph\u00e9 un bail jusqu\u2019en 2028. N\u00e9e le 16 janvier 1996 \u00e0 Donegal, dans le&hellip;\n","protected":false},"author":2,"featured_media":665436,"comment_status":"","ping_status":"","sticky":false,"template":"","format":"standard","meta":{"footnotes":""},"categories":[2820],"tags":[1111,11,1777,674,1011,27,775,12,25,640],"class_list":{"0":"post-665435","1":"post","2":"type-post","3":"status-publish","4":"format-standard","5":"has-post-thumbnail","7":"category-strasbourg","8":"tag-actu","9":"tag-actualites","10":"tag-eu","11":"tag-europe","12":"tag-fr","13":"tag-france","14":"tag-grand-est","15":"tag-news","16":"tag-republique-francaise","17":"tag-strasbourg"},"share_on_mastodon":{"url":"https:\/\/pubeurope.com\/@fr\/115899433219325216","error":""},"_links":{"self":[{"href":"https:\/\/www.europesays.com\/fr\/wp-json\/wp\/v2\/posts\/665435","targetHints":{"allow":["GET"]}}],"collection":[{"href":"https:\/\/www.europesays.com\/fr\/wp-json\/wp\/v2\/posts"}],"about":[{"href":"https:\/\/www.europesays.com\/fr\/wp-json\/wp\/v2\/types\/post"}],"author":[{"embeddable":true,"href":"https:\/\/www.europesays.com\/fr\/wp-json\/wp\/v2\/users\/2"}],"replies":[{"embeddable":true,"href":"https:\/\/www.europesays.com\/fr\/wp-json\/wp\/v2\/comments?post=665435"}],"version-history":[{"count":0,"href":"https:\/\/www.europesays.com\/fr\/wp-json\/wp\/v2\/posts\/665435\/revisions"}],"wp:featuredmedia":[{"embeddable":true,"href":"https:\/\/www.europesays.com\/fr\/wp-json\/wp\/v2\/media\/665436"}],"wp:attachment":[{"href":"https:\/\/www.europesays.com\/fr\/wp-json\/wp\/v2\/media?parent=665435"}],"wp:term":[{"taxonomy":"category","embeddable":true,"href":"https:\/\/www.europesays.com\/fr\/wp-json\/wp\/v2\/categories?post=665435"},{"taxonomy":"post_tag","embeddable":true,"href":"https:\/\/www.europesays.com\/fr\/wp-json\/wp\/v2\/tags?post=665435"}],"curies":[{"name":"wp","href":"https:\/\/api.w.org\/{rel}","templated":true}]}}