{"id":665439,"date":"2026-01-15T13:50:16","date_gmt":"2026-01-15T13:50:16","guid":{"rendered":"https:\/\/www.europesays.com\/fr\/665439\/"},"modified":"2026-01-15T13:50:16","modified_gmt":"2026-01-15T13:50:16","slug":"a-nice-la-justice-reconnait-lillegalite-de-loccultation-de-la-vitrine-de-la-librairie-les-parleuses","status":"publish","type":"post","link":"https:\/\/www.europesays.com\/fr\/665439\/","title":{"rendered":"\u00c0 Nice, la justice reconna\u00eet l\u2019ill\u00e9galit\u00e9 de l\u2019occultation de la vitrine de la librairie Les Parleuses"},"content":{"rendered":"<p>Le tribunal administratif de Nice a tranch\u00e9 en faveur de la librairie ind\u00e9pendante Les Parleuses. Par une d\u00e9cision rendue le 14\u00a0janvier 2026, l&rsquo;instance a annul\u00e9 la d\u00e9cision par laquelle les services de l\u2019\u00c9tat avaient, <a href=\"https:\/\/www.livreshebdo.fr\/article\/nice-une-vitrine-de-librairie-censuree\" target=\"_blank\" rel=\"noopener\">en d\u00e9cembre\u00a02022, occult\u00e9 la vitrine de la librairie ni\u00e7oise<\/a> \u00e0 l\u2019occasion d\u2019une visite officielle de <strong>G\u00e9rald Darmanin<\/strong>, alors ministre de l\u2019Int\u00e9rieur.<\/p>\n<p>Une mesure jug\u00e9e ill\u00e9gale et qualifi\u00e9e d\u2019\u00ab\u00a0atteinte \u00e0 la libert\u00e9 d\u2019expression\u00a0\u00bb, qui engage \u00ab\u00a0la responsabilit\u00e9 pour faute de l\u2019\u00c9tat\u00a0\u00bb. Lequel a donc \u00e9t\u00e9 condamn\u00e9 \u00e0 r\u00e9parer les pr\u00e9judices caus\u00e9s \u00e0 la librairie ainsi qu\u2019\u00e0 l\u2019autrice <strong>H\u00e9l\u00e8ne Devynck<\/strong>, dont l\u2019ouvrage L\u2019Impunit\u00e9 (Seuil, 2022) figurait en vitrine.<\/p>\n<p>Une vitrine censur\u00e9e<\/p>\n<p>Les faits remontent au 9\u00a0d\u00e9cembre 2022. \u00c0 l\u2019\u00e9poque, G\u00e9rald Darmanin se rendait \u00e0 Nice pour visiter le chantier du nouvel h\u00f4tel des polices. Situ\u00e9e en face du site, la librairie Les Parleuses avait mis en place une action militante visant \u00e0 d\u00e9noncer l\u2019impunit\u00e9 des auteurs de violences sexistes et sexuelles. \u00c0 l\u2019\u00e9poque, le ministre \u00e9tait mis en cause par deux femmes l\u2019accusant d\u2019avoir abus\u00e9 de sa position d\u2019\u00e9lu dans le but d\u2019obtenir des faveurs sexuelles.<\/p>\n<p>Si le premier dossier pour \u00ab\u00a0viol\u00a0\u00bb s\u2019\u00e9tait conclu, en 2022, par un non-lieu et si le second, qualifi\u00e9 d\u2019\u00ab\u00a0abus de faiblesse\u00a0\u00bb avait \u00e9t\u00e9 class\u00e9 sans suite en 2018, la nomination du ministre avait n\u00e9anmoins suscit\u00e9 une vive contestation, notamment de la part des milieux f\u00e9ministes.<\/p>\n<p>Dans sa vitrine, la librairie Les Parleuses, men\u00e9e par <strong>Maud Pouy\u00e9<\/strong> et <strong>Anouck Aubert,<\/strong> avait alors d\u00e9cid\u00e9 d\u2019afficher un collage r\u00e9alis\u00e9 par le collectif f\u00e9ministe Les Colleuses et de mettre en avant L\u2019Impunit\u00e9, ouvrage de la journaliste H\u00e9l\u00e8ne Devynck. Une initiative rapidement escamot\u00e9e par les forces de l\u2019ordre charg\u00e9es de la s\u00e9curit\u00e9 de la visite minist\u00e9rielle, qui avaient proc\u00e9d\u00e9 \u00e0 l\u2019occultation de la vitrine \u00e0 l\u2019aide d\u2019un drap noir, entravant temporairement l\u2019acc\u00e8s \u00e0 la librairie.<\/p>\n<p>Une\u00a0\u00ab\u00a0atteinte \u00e0 la libert\u00e9 d\u2019expression\u00a0\u00bb<\/p>\n<p>L\u2019\u00e9quipe des Parleuses avait alors d\u00e9nonc\u00e9 une action qu\u2019elle qualifiait de censure, et port\u00e9 plainte. Apr\u00e8s un premier non-lieu, la librairie avait engag\u00e9 un recours devant la juridiction administrative. <a href=\"https:\/\/www.livreshebdo.fr\/article\/librairie-les-parleuses-nice-letat-condamne-pour-atteinte-la-liberte-dexpression\" target=\"_blank\" rel=\"noopener\">En juin\u00a02023,<\/a>\u00a0le juge des r\u00e9f\u00e9r\u00e9s du tribunal administratif de Nice a ainsi accord\u00e9 par deux ordonnances des provisions de\u00a01\u00a0000\u00a0euros au titre du pr\u00e9judice moral et de 1\u00a0000\u00a0euros au titre des frais de justice.<\/p>\n<p>Mais la d\u00e9cision du m\u00eame tribunal, ce 14\u00a0janvier 2026, va plus loin. Ce dernier a en effet formellement annul\u00e9 la d\u00e9cision administrative d\u2019occultation, estimant qu\u2019elle \u00ab\u00a0n\u2019\u00e9tait pas n\u00e9cessaire \u00e0 la pr\u00e9vention d\u2019un quelconque trouble \u00e0 l\u2019ordre public\u00a0\u00bb. Le tribunal a \u00e9galement indiqu\u00e9 que \u00ab\u00a0les affichages en cause ne pr\u00e9sentaient pas de caract\u00e8re diffamatoire et ne perturbaient pas le dispositif de s\u00e9curisation de la visite minist\u00e9rielle\u00a0\u00bb. Autrement dit, la juridiction reconna\u00eet d\u00e9sormais le caract\u00e8re ill\u00e9gal de la mesure et engage la responsabilit\u00e9 de l\u2019\u00c9tat, de nouveau condamn\u00e9 \u00e0 r\u00e9parer les dommages caus\u00e9s \u00e0 la librairie.<\/p>\n<p>Une somme de 41,75\u00a0euros doit ainsi \u00eatre vers\u00e9e aux Parleuses pour l\u2019interruption de leur activit\u00e9 pendant une heure, \u00e0 laquelle s\u2019ajoutent 2\u00a0000\u00a0euros de r\u00e9paration du pr\u00e9judice moral et r\u00e9putationnel. La journaliste et autrice H\u00e9l\u00e8ne Devynck se voit \u00e9galement accorder 1\u00a0000\u00a0euros au titre du m\u00eame pr\u00e9judice, le tribunal consid\u00e9rant que l\u2019action des services de l\u2019\u00c9tat a caus\u00e9 une \u00ab\u00a0atteinte \u00e0 la libert\u00e9 d\u2019expression et \u00e0 la r\u00e9putation\u00a0\u00bb des parties concern\u00e9es.<\/p>\n<p>\u00ab\u00a0En ces temps de restrictions de libert\u00e9s, il y a des juges qui mettent des stops \u00e0 la censure\u00a0\u00bb<\/p>\n<p>Sur les r\u00e9seaux sociaux, la d\u00e9cision a \u00e9t\u00e9 accueillie avec soulagement par les int\u00e9ress\u00e9es. \u00ab\u00a0Censurer une librairie et un livre est ill\u00e9gal\u00a0\u00bb, <a href=\"https:\/\/www.instagram.com\/p\/DTfqEWrjGcg\/?igsh=ZDF2Z290M3c0YnE3&amp;img_index=1\" target=\"_blank\" rel=\"noopener\">a r\u00e9agi H\u00e9l\u00e8ne Devynck<\/a>, saluant la d\u00e9cision du tribunal et rappelant qu\u2019il aura fallu \u00ab\u00a0trois ans et la pugnacit\u00e9 intraitable de <strong>Lorraine Questiaux<\/strong> [avocate des libraires] pour obtenir une condamnation\u00a0\u00bb.<\/p>\n<blockquote class=\"instagram-media\" data-instgrm-captioned=\"\" data-instgrm-permalink=\"https:\/\/www.instagram.com\/p\/DThlFb4CoB6\/?utm_source=ig_embed&amp;utm_campaign=loading\" data-instgrm-version=\"14\">\n<\/blockquote>\n<p>De son c\u00f4t\u00e9, l\u2019\u00e9quipe des Parleuses a soulign\u00e9 la port\u00e9e symbolique du jugement, y voyant un signal fort dans <a href=\"https:\/\/www.livreshebdo.fr\/article\/contre-les-attaques-de-librairies-les-acteurs-du-livre-se-mobilisent\" target=\"_blank\" rel=\"noopener\">un climat de plus en plus hostile aux librairies<\/a> comme espaces de d\u00e9bat\u00a0: \u00ab\u00a0C\u2019est peu et c\u2019est \u00e9norme\u2026 c\u2019est peu parce que nos coll\u00e8gues libraires parisien.nes (mais pas que&#8230;) se font encore sacr\u00e9ment emboucaner par un petit groupe de politicard.es aux dents qui rayent le parquet. C&rsquo;est \u00e9norme parce qu&rsquo;en ces temps de restrictions de libert\u00e9s, il y a des juges qui mettent des stops \u00e0 la censure.\u00a0\u00bb<\/p>\n<p>                                      <script async src=\"\/\/www.instagram.com\/embed.js\"><\/script><\/p>\n","protected":false},"excerpt":{"rendered":"Le tribunal administratif de Nice a tranch\u00e9 en faveur de la librairie ind\u00e9pendante Les Parleuses. Par une d\u00e9cision&hellip;\n","protected":false},"author":2,"featured_media":665440,"comment_status":"","ping_status":"","sticky":false,"template":"","format":"standard","meta":{"footnotes":""},"categories":[2819],"tags":[1111,11,1777,674,1011,27,12,2401,882,25],"class_list":{"0":"post-665439","1":"post","2":"type-post","3":"status-publish","4":"format-standard","5":"has-post-thumbnail","7":"category-nice","8":"tag-actu","9":"tag-actualites","10":"tag-eu","11":"tag-europe","12":"tag-fr","13":"tag-france","14":"tag-news","15":"tag-nice","16":"tag-provence-alpes-cote-dazur","17":"tag-republique-francaise"},"share_on_mastodon":{"url":"https:\/\/pubeurope.com\/@fr\/115899441062978064","error":""},"_links":{"self":[{"href":"https:\/\/www.europesays.com\/fr\/wp-json\/wp\/v2\/posts\/665439","targetHints":{"allow":["GET"]}}],"collection":[{"href":"https:\/\/www.europesays.com\/fr\/wp-json\/wp\/v2\/posts"}],"about":[{"href":"https:\/\/www.europesays.com\/fr\/wp-json\/wp\/v2\/types\/post"}],"author":[{"embeddable":true,"href":"https:\/\/www.europesays.com\/fr\/wp-json\/wp\/v2\/users\/2"}],"replies":[{"embeddable":true,"href":"https:\/\/www.europesays.com\/fr\/wp-json\/wp\/v2\/comments?post=665439"}],"version-history":[{"count":0,"href":"https:\/\/www.europesays.com\/fr\/wp-json\/wp\/v2\/posts\/665439\/revisions"}],"wp:featuredmedia":[{"embeddable":true,"href":"https:\/\/www.europesays.com\/fr\/wp-json\/wp\/v2\/media\/665440"}],"wp:attachment":[{"href":"https:\/\/www.europesays.com\/fr\/wp-json\/wp\/v2\/media?parent=665439"}],"wp:term":[{"taxonomy":"category","embeddable":true,"href":"https:\/\/www.europesays.com\/fr\/wp-json\/wp\/v2\/categories?post=665439"},{"taxonomy":"post_tag","embeddable":true,"href":"https:\/\/www.europesays.com\/fr\/wp-json\/wp\/v2\/tags?post=665439"}],"curies":[{"name":"wp","href":"https:\/\/api.w.org\/{rel}","templated":true}]}}