{"id":665445,"date":"2026-01-15T13:53:14","date_gmt":"2026-01-15T13:53:14","guid":{"rendered":"https:\/\/www.europesays.com\/fr\/665445\/"},"modified":"2026-01-15T13:53:14","modified_gmt":"2026-01-15T13:53:14","slug":"une-semaine-de-culture-scientifique-et-technique-autour-du-mouvement","status":"publish","type":"post","link":"https:\/\/www.europesays.com\/fr\/665445\/","title":{"rendered":"une semaine de culture scientifique et technique autour du \u00ab\u00a0mouvement\u00a0\u00bb"},"content":{"rendered":"<p>Les \u00e9tudiants du master 2 M\u00e9diation et communication des sciences et techniques de l\u2019universit\u00e9 de Bordeaux, membres de l\u2019association Dealers de sciences organisent \u00e0 partir du mardi 20\u00a0janvier une semaine de culture scientifique. Cette ann\u00e9e, le th\u00e8me est le \u00ab\u00a0mouvement\u00a0\u00bb. Jusqu\u2019au samedi 24\u00a0janvier, de nombreux sujets seront ainsi abord\u00e9s, comme le mouvement du recul du trait de c\u00f4te en Nouvelle-Aquitaine, les mouvements de la nature, ou du r\u00f4le des organismes du sol\u2026<\/p>\n","protected":false},"excerpt":{"rendered":"Les \u00e9tudiants du master 2 M\u00e9diation et communication des sciences et techniques de l\u2019universit\u00e9 de Bordeaux, membres de&hellip;\n","protected":false},"author":2,"featured_media":665446,"comment_status":"","ping_status":"","sticky":false,"template":"","format":"standard","meta":{"footnotes":""},"categories":[2817],"tags":[1111,11,1997,1777,674,1011,27,12,2219,25],"class_list":{"0":"post-665445","1":"post","2":"type-post","3":"status-publish","4":"format-standard","5":"has-post-thumbnail","7":"category-bordeaux","8":"tag-actu","9":"tag-actualites","10":"tag-bordeaux","11":"tag-eu","12":"tag-europe","13":"tag-fr","14":"tag-france","15":"tag-news","16":"tag-nouvelle-aquitaine","17":"tag-republique-francaise"},"share_on_mastodon":{"url":"https:\/\/pubeurope.com\/@fr\/115899452861558299","error":""},"_links":{"self":[{"href":"https:\/\/www.europesays.com\/fr\/wp-json\/wp\/v2\/posts\/665445","targetHints":{"allow":["GET"]}}],"collection":[{"href":"https:\/\/www.europesays.com\/fr\/wp-json\/wp\/v2\/posts"}],"about":[{"href":"https:\/\/www.europesays.com\/fr\/wp-json\/wp\/v2\/types\/post"}],"author":[{"embeddable":true,"href":"https:\/\/www.europesays.com\/fr\/wp-json\/wp\/v2\/users\/2"}],"replies":[{"embeddable":true,"href":"https:\/\/www.europesays.com\/fr\/wp-json\/wp\/v2\/comments?post=665445"}],"version-history":[{"count":0,"href":"https:\/\/www.europesays.com\/fr\/wp-json\/wp\/v2\/posts\/665445\/revisions"}],"wp:featuredmedia":[{"embeddable":true,"href":"https:\/\/www.europesays.com\/fr\/wp-json\/wp\/v2\/media\/665446"}],"wp:attachment":[{"href":"https:\/\/www.europesays.com\/fr\/wp-json\/wp\/v2\/media?parent=665445"}],"wp:term":[{"taxonomy":"category","embeddable":true,"href":"https:\/\/www.europesays.com\/fr\/wp-json\/wp\/v2\/categories?post=665445"},{"taxonomy":"post_tag","embeddable":true,"href":"https:\/\/www.europesays.com\/fr\/wp-json\/wp\/v2\/tags?post=665445"}],"curies":[{"name":"wp","href":"https:\/\/api.w.org\/{rel}","templated":true}]}}