{"id":665453,"date":"2026-01-15T13:57:12","date_gmt":"2026-01-15T13:57:12","guid":{"rendered":"https:\/\/www.europesays.com\/fr\/665453\/"},"modified":"2026-01-15T13:57:12","modified_gmt":"2026-01-15T13:57:12","slug":"il-agresse-au-couteau-un-homme-devant-la-gare-lille-flandres-la-police-le-reconnait-dans-la-journee","status":"publish","type":"post","link":"https:\/\/www.europesays.com\/fr\/665453\/","title":{"rendered":"Il agresse au couteau un homme devant la gare Lille-Flandres, la police le reconnait dans la journ\u00e9e"},"content":{"rendered":"<p>                    Par<br \/>\n        <strong><br \/>\n            <a href=\"https:\/\/actu.fr\/auteur\/margot-nicodeme\" title=\"Consulter tous les articles de Margot Nicod\u00e8me\" target=\"_blank\" rel=\"noopener\">Margot Nicod\u00e8me<\/a><br \/>\n                    <\/strong><\/p>\n<p>        Publi\u00e9 le<\/p>\n<p>            15 janv. 2026 \u00e0 12h33        <\/p>\n<p>Il croyait avoir r\u00e9ussi son coup au beau milieu de la nuit, mais il a \u00e9t\u00e9 cueilli par la police quelques heures apr\u00e8s son d\u00e9lit. Mercredi 14 janvier 2026, \u00e0 4h, <b>cet homme en a agress\u00e9 un autre<\/b>, devant la <a href=\"https:\/\/actu.fr\/tag\/gare-lille-flandres\" target=\"_blank\" rel=\"noopener\">gare <\/a><a href=\"https:\/\/actu.fr\/tag\/gare-lille-flandres\" target=\"_blank\" rel=\"noopener\">Lille-Flandres<\/a> (Nord). Le <b>mena\u00e7ant avec un couteau<\/b>, il lui a <b>vol\u00e9 son t\u00e9l\u00e9phone<\/b>.<\/p>\n<p>L\u2019agresseur au couteau de la gare Lille-Flandres est retrouv\u00e9 quelques heures plus tard<\/p>\n<p class=\" wall-content\">Les policiers de la brigade de s\u00e9curisation des transports en commun sont mis au courant de cette affaire dans la matin\u00e9e de mercredi. Munis du signalement de l\u2019agresseur, ils restent \u00e0 l\u2019aff\u00fbt des personnes qu\u2019ils croisent au fil des heures dans la gare, et aux abords.<\/p>\n<p class=\" wall-content\">Leur vigilance finit par payer : vers <b>14h, ils reconnaissent l\u2019homme en question<\/b>, au niveau de la <a href=\"https:\/\/actu.fr\/hauts-de-france\/lille_59350\/ilevia-la-ligne-1-du-metro-de-lille-va-etre-totalement-a-larret-durant-tout-le-week-end_63692765.html\" target=\"_blank\" rel=\"noopener\">station de m\u00e9tro<\/a> Lille-Flandres. Ils proc\u00e8dent \u00e0 son interpellation. Sont retrouv\u00e9es sur lui deux bonbonnes de coca\u00efne. \u00c2g\u00e9 de 24 ans, il a \u00e9t\u00e9 plac\u00e9 en garde \u00e0 vue.\u00a0<\/p>\n<p class=\" wall-content\">La victime de <b>l\u2019extorsion avec menace d\u2019une arme<\/b> est un jeune homme de 29 ans.<\/p>\n<p class=\" wall-content\">Personnalisez votre actualit\u00e9 en ajoutant vos villes et m\u00e9dias en favori avec <a href=\"https:\/\/moncompte.actu.fr\" title=\"D\u00e9couvez Mon Actu\" rel=\"nofollow noopener\" data-trk=\"{&quot;cta&quot;:{&quot;action&quot;:&quot;https:\\\/\\\/moncompte.actu.fr&quot;,&quot;category&quot;:&quot;mon compte&quot;,&quot;from&quot;:&quot;article footer&quot;,&quot;name&quot;:&quot;Mon actu&quot;,&quot;type&quot;:&quot;cta&quot;}}\" target=\"_blank\">Mon Actu<\/a>.<\/p>\n","protected":false},"excerpt":{"rendered":"Par Margot Nicod\u00e8me Publi\u00e9 le 15 janv. 2026 \u00e0 12h33 Il croyait avoir r\u00e9ussi son coup au beau&hellip;\n","protected":false},"author":2,"featured_media":665454,"comment_status":"","ping_status":"","sticky":false,"template":"","format":"standard","meta":{"footnotes":""},"categories":[2815],"tags":[1111,11,1777,674,118,1011,27,4841,811,1307,12,1072,25],"class_list":{"0":"post-665453","1":"post","2":"type-post","3":"status-publish","4":"format-standard","5":"has-post-thumbnail","7":"category-lille","8":"tag-actu","9":"tag-actualites","10":"tag-eu","11":"tag-europe","12":"tag-faits-divers","13":"tag-fr","14":"tag-france","15":"tag-gare-lille-flandres","16":"tag-hauts-de-france","17":"tag-lille","18":"tag-news","19":"tag-police","20":"tag-republique-francaise"},"share_on_mastodon":{"url":"https:\/\/pubeurope.com\/@fr\/115899468644310322","error":""},"_links":{"self":[{"href":"https:\/\/www.europesays.com\/fr\/wp-json\/wp\/v2\/posts\/665453","targetHints":{"allow":["GET"]}}],"collection":[{"href":"https:\/\/www.europesays.com\/fr\/wp-json\/wp\/v2\/posts"}],"about":[{"href":"https:\/\/www.europesays.com\/fr\/wp-json\/wp\/v2\/types\/post"}],"author":[{"embeddable":true,"href":"https:\/\/www.europesays.com\/fr\/wp-json\/wp\/v2\/users\/2"}],"replies":[{"embeddable":true,"href":"https:\/\/www.europesays.com\/fr\/wp-json\/wp\/v2\/comments?post=665453"}],"version-history":[{"count":0,"href":"https:\/\/www.europesays.com\/fr\/wp-json\/wp\/v2\/posts\/665453\/revisions"}],"wp:featuredmedia":[{"embeddable":true,"href":"https:\/\/www.europesays.com\/fr\/wp-json\/wp\/v2\/media\/665454"}],"wp:attachment":[{"href":"https:\/\/www.europesays.com\/fr\/wp-json\/wp\/v2\/media?parent=665453"}],"wp:term":[{"taxonomy":"category","embeddable":true,"href":"https:\/\/www.europesays.com\/fr\/wp-json\/wp\/v2\/categories?post=665453"},{"taxonomy":"post_tag","embeddable":true,"href":"https:\/\/www.europesays.com\/fr\/wp-json\/wp\/v2\/tags?post=665453"}],"curies":[{"name":"wp","href":"https:\/\/api.w.org\/{rel}","templated":true}]}}