{"id":665460,"date":"2026-01-15T14:01:16","date_gmt":"2026-01-15T14:01:16","guid":{"rendered":"https:\/\/www.europesays.com\/fr\/665460\/"},"modified":"2026-01-15T14:01:16","modified_gmt":"2026-01-15T14:01:16","slug":"nathalie-perrin-gilbert-denonce-des-pratiques-dappareil-incompatibles-avec-lexigence-democratique","status":"publish","type":"post","link":"https:\/\/www.europesays.com\/fr\/665460\/","title":{"rendered":"Nathalie Perrin-Gilbert d\u00e9nonce des \u00ab\u00a0pratiques d\u2019appareil\u00a0\u00bb incompatibles avec l\u2019exigence d\u00e9mocratique"},"content":{"rendered":"<p itemprop=\"description\"><strong>La porte de Nathalie Perrin-Gilbert est ouverte.<\/strong><\/p>\n<p>Les d\u00e9parts r\u00e9cents de plus d\u2019une centaine d\u2019adh\u00e9rents du Parti socialiste du Rh\u00f4ne continuent de provoquer des r\u00e9actions dans le paysage politique lyonnais. Ce jeudi, Nathalie Perrin-Gilbert, candidate aux \u00e9lections municipales lyonnaises, estime que ces d\u00e9missions traduisent \u00ab\u00a0un malaise politique profond\u00a0\u00bb au sein de la f\u00e9d\u00e9ration d\u00e9partementale qu&rsquo;elle a quitt\u00e9 avec fracas il y a d\u00e9j\u00e0 10 ans.<\/p>\n<p>L\u2019ancienne maire du 1er arrondissement de Lyon pointe une accumulation de dysfonctionnements : \u00ab\u00a0opacit\u00e9 des d\u00e9cisions, verrouillage des instances, effacement du collectif au profit de logiques d\u2019appareil\u00a0\u00bb. Des pratiques qu\u2019elle juge \u00ab\u00a0ni nouvelles ni anecdotiques\u00a0\u00bb et qu\u2019elle consid\u00e8re d\u00e9sormais \u00ab\u00a0incompatibles avec l\u2019exigence d\u00e9mocratique\u00a0\u00bb.<\/p>\n<p>NPG souligne le co\u00fbt politique de ces ruptures qu&rsquo;elle a v\u00e9cu : sortir des cadres partisans traditionnels, renoncer aux \u00ab\u00a0s\u00e9curit\u00e9s offertes par les appareils\u00a0\u00bb et accepter une forme d\u2019isolement. Un choix qu\u2019elle pr\u00e9sente toutefois comme une condition pour rester fid\u00e8le \u00e0 \u00ab\u00a0une id\u00e9e exigeante de l\u2019engagement politique\u00a0\u00bb, fond\u00e9e sur le d\u00e9bat, le collectif et le service public.<\/p>\n<p>Elle cite notamment le mouvement Lyon en commun, porteur de la liste Lyon avec vous, qu\u2019elle pr\u00e9sente comme une d\u00e9marche construite \u00ab\u00a0hors des logiques de clans\u00a0\u00bb, avec une volont\u00e9 affich\u00e9e d\u2019associer les habitants aux d\u00e9cisions.<\/p>\n<p>Si avec \u00e7a, les frondeurs de la f\u00e9d\u00e9 PS du Rh\u00f4ne n&rsquo;ont pas compris l&rsquo;appel du pied&#8230;<\/p>\n","protected":false},"excerpt":{"rendered":"La porte de Nathalie Perrin-Gilbert est ouverte. Les d\u00e9parts r\u00e9cents de plus d\u2019une centaine d\u2019adh\u00e9rents du Parti socialiste&hellip;\n","protected":false},"author":2,"featured_media":665461,"comment_status":"","ping_status":"","sticky":false,"template":"","format":"standard","meta":{"footnotes":""},"categories":[1889],"tags":[1111,11,2813,2190,2430,1109,251,1112,2811,1777,674,118,1011,27,1922,1110,1114,2428,2810,12,241,316,25,2812,517,800],"class_list":{"0":"post-665460","1":"post","2":"type-post","3":"status-publish","4":"format-standard","5":"has-post-thumbnail","7":"category-lyon","8":"tag-actu","9":"tag-actualites","10":"tag-article","11":"tag-asvel","12":"tag-auvergne-rhone-alpes","13":"tag-breves","14":"tag-culture","15":"tag-depeches","16":"tag-economique","17":"tag-eu","18":"tag-europe","19":"tag-faits-divers","20":"tag-fr","21":"tag-france","22":"tag-info","23":"tag-informations","24":"tag-infos","25":"tag-lyon","26":"tag-lyonmag","27":"tag-news","28":"tag-ol","29":"tag-politique","30":"tag-republique-francaise","31":"tag-sociale","32":"tag-sport","33":"tag-transports"},"share_on_mastodon":{"url":"https:\/\/pubeurope.com\/@fr\/115899484340393493","error":""},"_links":{"self":[{"href":"https:\/\/www.europesays.com\/fr\/wp-json\/wp\/v2\/posts\/665460","targetHints":{"allow":["GET"]}}],"collection":[{"href":"https:\/\/www.europesays.com\/fr\/wp-json\/wp\/v2\/posts"}],"about":[{"href":"https:\/\/www.europesays.com\/fr\/wp-json\/wp\/v2\/types\/post"}],"author":[{"embeddable":true,"href":"https:\/\/www.europesays.com\/fr\/wp-json\/wp\/v2\/users\/2"}],"replies":[{"embeddable":true,"href":"https:\/\/www.europesays.com\/fr\/wp-json\/wp\/v2\/comments?post=665460"}],"version-history":[{"count":0,"href":"https:\/\/www.europesays.com\/fr\/wp-json\/wp\/v2\/posts\/665460\/revisions"}],"wp:featuredmedia":[{"embeddable":true,"href":"https:\/\/www.europesays.com\/fr\/wp-json\/wp\/v2\/media\/665461"}],"wp:attachment":[{"href":"https:\/\/www.europesays.com\/fr\/wp-json\/wp\/v2\/media?parent=665460"}],"wp:term":[{"taxonomy":"category","embeddable":true,"href":"https:\/\/www.europesays.com\/fr\/wp-json\/wp\/v2\/categories?post=665460"},{"taxonomy":"post_tag","embeddable":true,"href":"https:\/\/www.europesays.com\/fr\/wp-json\/wp\/v2\/tags?post=665460"}],"curies":[{"name":"wp","href":"https:\/\/api.w.org\/{rel}","templated":true}]}}