{"id":665470,"date":"2026-01-15T14:07:14","date_gmt":"2026-01-15T14:07:14","guid":{"rendered":"https:\/\/www.europesays.com\/fr\/665470\/"},"modified":"2026-01-15T14:07:14","modified_gmt":"2026-01-15T14:07:14","slug":"des-poupees-sexuelles-a-leffigie-denfants-sont-elles-en-vente-sur-les-champs-elysees","status":"publish","type":"post","link":"https:\/\/www.europesays.com\/fr\/665470\/","title":{"rendered":"des poup\u00e9es sexuelles \u00e0 l&rsquo;effigie d&rsquo;enfants sont-elles en vente sur les Champs-Elys\u00e9es\u00a0?"},"content":{"rendered":"<p>                    Par<br \/>\n        <strong><br \/>\n            <a href=\"https:\/\/actu.fr\/auteur\/m-pomme\" title=\"Consulter tous les articles de Marie Pomme\" target=\"_blank\" rel=\"noopener\">Marie Pomme<\/a><br \/>\n                    <\/strong><\/p>\n<p>        Publi\u00e9 le<\/p>\n<p>            15 janv. 2026 \u00e0 14h04        <\/p>\n<p>Ce mercredi 14\u00a0janvier 2026, sc\u00e8ne inhabituelle devant un immeuble de l\u2019<a href=\"https:\/\/actu.fr\/ile-de-france\/paris_75056\/a-paris-la-plus-belle-avenue-du-monde-suscite-les-convoitises-a-qui-appartiennent-les-champs-elysees_63178907.html\" target=\"_blank\" rel=\"noopener\">avenue des Champs-Elys\u00e9es<\/a> \u00e0 Paris. Arnaud Gallais, co-fondateur de <a href=\"https:\/\/mouvenfants.fr\/\" target=\"_blank\" rel=\"noopener\">Mouv\u2019Enfants<\/a>, sort un m\u00e9gaphone et d\u00e9plie \u00e0 la h\u00e2te un drap blanc sur lequel il reconstitue une sc\u00e8ne de crime. La victime\u2009: un enfant. \u00ab\u2009Ici, dans cet immeuble, sur la plus belle avenue du monde, se cache un sexshop qui vend des <a href=\"https:\/\/actu.fr\/ile-de-france\/paris_75056\/vente-de-poupees-pedopornographiques-sur-shein-une-manifestation-avant-l-arrivee-du-geant-chinois-au-bhv_63388716.html\" target=\"_blank\" rel=\"noopener\">poup\u00e9es p\u00e9dopornographiques<\/a>\u2009\u00bb, entame-t-il.<\/p>\n<p>Le site proposait de choisir la taille d\u00e9sir\u00e9e de sa poup\u00e9e<\/p>\n<p class=\" wall-content\">Dans le sillage du <a href=\"https:\/\/actu.fr\/ile-de-france\/paris_75056\/shein-au-bhv-a-paris-une-ouverture-sous-tension-des-policiers-deja-en-place-devant-le-magasin_63395421.html\" target=\"_blank\" rel=\"noopener\">scandale Shein<\/a> et de l\u2019enqu\u00eate ouverte le 12\u00a0janvier 2026 contre une <a href=\"https:\/\/actu.fr\/faits-divers\/poupees-pedopornographiques-enquete-ouverte-contre-une-entreprise-situee-dans-les-hauts-de-seine_63691787.html\" target=\"_blank\" rel=\"noopener\">entreprise situ\u00e9e dans les Hauts-de-Seine<\/a>, Mouv\u2019Enfants, asso de lutte contre les violences faites aux mineurs, est tomb\u00e9 sur le site Sexy dolls, qui commercialise des poup\u00e9es \u00e0 l\u2019effigie d\u2019enfants. Le site a \u00e9t\u00e9 signal\u00e9 au procureur de la R\u00e9publique, \u00e0 Pharos et \u00e0 la r\u00e9pression des fraudes le 4\u00a0janvier et n\u2019est plus accessible depuis. Sur des versions du site enregistr\u00e9es dans les archives du web, on d\u00e9couvre qu\u2019il est possible de choisir la taille de sa poup\u00e9e et certaines ressemblent effectivement \u00e0 des enfants.<\/p>\n<p>    <img   decoding=\"async\" loading=\"lazy\" src=\"https:\/\/www.europesays.com\/fr\/wp-content\/uploads\/2026\/01\/capture-decran-2026-01-15-110445-960x640.png\" alt=\"Sur le site internet, il est possible de choisir la taille de sa poup\u00e9e et certaines ont des apparences tr\u00e8s juv\u00e9niles.\" width=\"960\" height=\"640\"\/><br \/>\n    Sur le site internet, il est possible de choisir la taille de sa poup\u00e9e (voir sur la gauche) et certaines ont des apparences tr\u00e8s juv\u00e9niles, comme la premi\u00e8re que l\u2019on voit propos\u00e9e dans le catalogue. (\u00a9Capture d\u2019\u00e9cran)<\/p>\n<p class=\" wall-content\">\u00ab\u2009Nous souhaitons aujourd\u2019hui qu\u2019il y ait des actions. Il y a des clients derri\u00e8re, il faut aller les chercher de toute urgence\u2009\u00bb, r\u00e9clame Arnaud Gallais. \u00ab\u2009La justice l\u2019a d\u00e9montr\u00e9, derri\u00e8re chaque acheteur, il y a syst\u00e9matiquement des personnes qui ont commis des actes effroyables contre des enfants.\u2009\u00bb Et de rappeler qu\u2019en France, <a href=\"https:\/\/enfance.gouv.fr\/sites\/enfance\/files\/2023-09\/DP%20Violences%20sexuelles%20faites%20aux%20enfants%20VDEF.pdf\" target=\"_blank\" rel=\"noopener\">160\u2009000\u00a0enfants sont victimes de violences sexuelles chaque ann\u00e9e<\/a>, ce qui repr\u00e9sente un enfant toutes les trois minutes.<\/p>\n<p>\u00ab\u2009On ne peut pas laisser des enfants subir des choses comme \u00e7a\u2009\u00bb<\/p>\n<p class=\" wall-content\">Interloqu\u00e9s devant la sc\u00e8ne, plusieurs passants s\u2019arr\u00eatent. Nad\u00e8ge \u00e9coute attentivement. Elle travaille non loin de l\u00e0, elle est choqu\u00e9e. \u00ab\u2009Je ne savais absolument pas qu\u2019il y avait un sex-shop qui vendait des poup\u00e9es p\u00e9dopornographiques\u2009\u00bb, se scandalise-t-elle. \u00ab\u2009Je pense qu\u2019il faut faire quelque chose parce que c\u2019est honteux. Il faut prot\u00e9ger les enfants au maximum, parce que nous avons tous \u00e9t\u00e9 des enfants et on ne peut pas laisser des enfants subir des choses comme \u00e7a, c\u2019est intol\u00e9rable\u2009\u00bb.<\/p>\n<p class=\" wall-content\">Dans la galerie o\u00f9 Sexy dolls indique avoir pignon sur rue, pourtant, aucune trace de boutique. Seulement une porte discr\u00e8te, qui permet de monter dans les \u00e9tages, o\u00f9 l\u2019on retrouve bien le num\u00e9ro du bureau affich\u00e9 sur internet. Mais \u00e0 l\u2019int\u00e9rieur, c\u2019est une entreprise de domiciliation qui occupe les lieux. Ce type d\u2019entreprise fournit une adresse administrative officielle pour les entreprises, prot\u00e9geant les g\u00e9rants et leur offrant la possibilit\u00e9 d\u2019afficher une localisation parfois plus attrayante que la r\u00e9alit\u00e9.<\/p>\n<blockquote class=\"tiktok-embed\" cite=\"https:\/\/www.tiktok.com\/@actu.paris\/video\/7595284750948912406\" data-video-id=\"7595284750948912406\" data-embed-from=\"oembed\" style=\"max-width:605px; min-width:325px;\"><p>\n<a target=\"_blank\" title=\"@actu.paris\" href=\"https:\/\/www.tiktok.com\/@actu.paris?refer=embed\" rel=\"noopener\">@actu.paris<\/a> <\/p>\n<p>Des poup\u00e9es p\u00e9dopornographiques en vente sur les Champs-\u00c9lys\u00e9es ? Plusieurs membres de Mouv\u2019Enfants manifestaient devant le b\u00e2timent pour attirer l\u2019attention. Mais l\u2019entreprise, en plus de commercialiser des poup\u00e9es sex*elles \u00e0 l\u2019effigie d\u2019enfants, ce qui est ill\u00e9gal, aurait usurp\u00e9 l\u2019adresse. <a title=\"justice\" target=\"_blank\" href=\"https:\/\/www.tiktok.com\/tag\/justice?refer=embed\" rel=\"noopener\">#justice<\/a> <a title=\"manifestation\" target=\"_blank\" href=\"https:\/\/www.tiktok.com\/tag\/manifestation?refer=embed\" rel=\"noopener\">#manifestation<\/a> <a title=\"poupee\" target=\"_blank\" href=\"https:\/\/www.tiktok.com\/tag\/poupee?refer=embed\" rel=\"noopener\">#poupee<\/a> <a title=\"sinformersurtiktok\" target=\"_blank\" href=\"https:\/\/www.tiktok.com\/tag\/sinformersurtiktok?refer=embed\" rel=\"noopener\">#sinformersurtiktok<\/a> <a title=\"enfants\" target=\"_blank\" href=\"https:\/\/www.tiktok.com\/tag\/enfants?refer=embed\" rel=\"noopener\">#enfants<\/a> <\/p>\n<p> <a target=\"_blank\" title=\"\u266c Beat - beaty\" href=\"https:\/\/www.tiktok.com\/music\/Beat-7142169219956738050?refer=embed\" rel=\"noopener\">\u266c Beat \u2013 beaty<\/a> <\/p>\n<\/blockquote>\n<p>Votre r\u00e9gion, votre actu !<\/p>\n<p>Recevez chaque jour les infos qui comptent pour vous.<\/p>\n<p>\t<a href=\"https:\/\/actu.fr\/newsletter\" class=\"ac-btn ac-btn--corner ac-btn--medium ac-btn--blue800\" target=\"_blank\" rel=\"noopener\">S&rsquo;incrire<\/a><br \/>\nUsurpation d\u2019adresse<\/p>\n<p class=\" wall-content\">Interrog\u00e9, Jean-Philippe*, qui y travaille, indique qu\u2019\u00e0 travers ses services, plus de 20\u2009000 entreprises sont domicili\u00e9es ici. Nous lui apprenons l\u2019activit\u00e9 de Sexy dolls. \u00ab\u2009Je n\u2019\u00e9tais pas du tout au courant\u2009\u00bb, assure-t-il. \u00ab\u2009Nous avons des directives assez claires, en g\u00e9n\u00e9ral nous ne prenons pas ce type d\u2019entreprises, y compris pour tout ce qui touche aux sex-toys. Mais quand une entreprise ouvre chez nous, elle peut d\u00e9clarer une activit\u00e9 puis faire tout autre chose sans qu\u2019on en soit inform\u00e9s.\u2009\u00bb<\/p>\n<p class=\" wall-content\">Des logiciels se chargent de scanner les sites internet mais selon lui, impossible de v\u00e9rifier manuellement chaque client. \u00ab\u2009Je vais regarder Sexy dolls et si effectivement il y a un probl\u00e8me, l\u2019entreprise sera radi\u00e9e imm\u00e9diatement\u2009\u00bb, s\u2019engage-t-il. Apr\u00e8s avoir inspect\u00e9 ses fichiers, il nous recontacte\u2009: l\u2019entreprise n\u2019aurait jamais fait partie de ses clients et aurait usurp\u00e9 l\u2019adresse. \u00ab\u2009Nous n\u2019avons aucun lien avec ce site. Nous signalons les faits aux autorit\u00e9s et allons d\u00e9poser plainte\u2009\u00bb.<\/p>\n<p class=\" wall-content\">*Le pr\u00e9nom a \u00e9t\u00e9 modifi\u00e9 pour conserver l\u2019anonymat.<\/p>\n<p class=\" wall-content\">Personnalisez votre actualit\u00e9 en ajoutant vos villes et m\u00e9dias en favori avec <a href=\"https:\/\/moncompte.actu.fr\" title=\"D\u00e9couvez Mon Actu\" rel=\"nofollow noopener\" data-trk=\"{&quot;cta&quot;:{&quot;action&quot;:&quot;https:\\\/\\\/moncompte.actu.fr&quot;,&quot;category&quot;:&quot;mon compte&quot;,&quot;from&quot;:&quot;article footer&quot;,&quot;name&quot;:&quot;Mon actu&quot;,&quot;type&quot;:&quot;cta&quot;}}\" target=\"_blank\">Mon Actu<\/a>.<\/p>\n<p>                    <script async src=\"\/\/www.tiktok.com\/embed.js\"><\/script><\/p>\n","protected":false},"excerpt":{"rendered":"Par Marie Pomme Publi\u00e9 le 15 janv. 2026 \u00e0 14h04 Ce mercredi 14\u00a0janvier 2026, sc\u00e8ne inhabituelle devant un&hellip;\n","protected":false},"author":2,"featured_media":665471,"comment_status":"","ping_status":"","sticky":false,"template":"","format":"standard","meta":{"footnotes":""},"categories":[1888],"tags":[11,1719,1777,674,1011,27,303,12,626,25,15436,104],"class_list":{"0":"post-665470","1":"post","2":"type-post","3":"status-publish","4":"format-standard","5":"has-post-thumbnail","7":"category-paris","8":"tag-actualites","9":"tag-enfants","10":"tag-eu","11":"tag-europe","12":"tag-fr","13":"tag-france","14":"tag-justice","15":"tag-news","16":"tag-paris","17":"tag-republique-francaise","18":"tag-sexe","19":"tag-societe"},"share_on_mastodon":{"url":"https:\/\/pubeurope.com\/@fr\/115899508220988663","error":""},"_links":{"self":[{"href":"https:\/\/www.europesays.com\/fr\/wp-json\/wp\/v2\/posts\/665470","targetHints":{"allow":["GET"]}}],"collection":[{"href":"https:\/\/www.europesays.com\/fr\/wp-json\/wp\/v2\/posts"}],"about":[{"href":"https:\/\/www.europesays.com\/fr\/wp-json\/wp\/v2\/types\/post"}],"author":[{"embeddable":true,"href":"https:\/\/www.europesays.com\/fr\/wp-json\/wp\/v2\/users\/2"}],"replies":[{"embeddable":true,"href":"https:\/\/www.europesays.com\/fr\/wp-json\/wp\/v2\/comments?post=665470"}],"version-history":[{"count":0,"href":"https:\/\/www.europesays.com\/fr\/wp-json\/wp\/v2\/posts\/665470\/revisions"}],"wp:featuredmedia":[{"embeddable":true,"href":"https:\/\/www.europesays.com\/fr\/wp-json\/wp\/v2\/media\/665471"}],"wp:attachment":[{"href":"https:\/\/www.europesays.com\/fr\/wp-json\/wp\/v2\/media?parent=665470"}],"wp:term":[{"taxonomy":"category","embeddable":true,"href":"https:\/\/www.europesays.com\/fr\/wp-json\/wp\/v2\/categories?post=665470"},{"taxonomy":"post_tag","embeddable":true,"href":"https:\/\/www.europesays.com\/fr\/wp-json\/wp\/v2\/tags?post=665470"}],"curies":[{"name":"wp","href":"https:\/\/api.w.org\/{rel}","templated":true}]}}