{"id":665480,"date":"2026-01-15T14:13:13","date_gmt":"2026-01-15T14:13:13","guid":{"rendered":"https:\/\/www.europesays.com\/fr\/665480\/"},"modified":"2026-01-15T14:13:13","modified_gmt":"2026-01-15T14:13:13","slug":"football-un-international-suisse-change-dadresse-en-allemagne","status":"publish","type":"post","link":"https:\/\/www.europesays.com\/fr\/665480\/","title":{"rendered":"Football: un international suisse change d&rsquo;adresse en Allemagne"},"content":{"rendered":"<p><img loading=\"lazy\" decoding=\"async\" src=\"https:\/\/www.europesays.com\/fr\/wp-content\/uploads\/2026\/01\/230e7606-5236-42ba-9cdf-18ce41b9bb26.jpg\" alt=\"Leonidas Stergiou avait pris part \u00e0 l'Euro 2024 avec l'\u00e9quipe de Suisse.\" title=\"Leonidas Stergiou avait pris part \u00e0 l'Euro 2024 avec l'\u00e9quipe de Suisse.\"  width=\"1200\" height=\"800\"\/>Leonidas Stergiou avait pris part \u00e0 l&rsquo;Euro 2024 avec l&rsquo;\u00e9quipe de Suisse.Toto Marti\/Blick\/freshfocus<\/p>\n<p type=\"textBlockArray\" class=\"sc-e17c7982-2 hoDElN\">L\u2019international suisse Leonidas Stergiou est pr\u00eat\u00e9 par le VfB Stuttgart \u00e0 Heidenheim jusqu\u2019au terme de la saison en cours. Le d\u00e9fenseur de 23 ans, bless\u00e9 en d\u00e9but de saison de Bundesliga, a l\u2019occasion de se relancer.<\/p>\n<p type=\"textBlockArray\" class=\"sc-e17c7982-2 hoDElN\">Contraint \u00e0 l\u2019arr\u00eat \u00e0 la suite d\u2019une blessure jusqu\u2019\u00e0 la mi-d\u00e9cembre, celui qui est pass\u00e9 par la Super League et Saint-Gall entre 2019 et 2023 n\u2019a jou\u00e9 qu\u2019une minute dans le championnat allemand cette saison, mardi face \u00e0 Francfort. Il rejoint la lanterne rouge du championnat, qui compte pour l\u2019heure trois victoires en 17 matches.<\/p>\n<p>Tr\u00e8s attendu<\/p>\n<p type=\"textBlockArray\" class=\"sc-e17c7982-2 hoDElN\">\u00abNous gagnons un d\u00e9fenseur qui conna\u00eet parfaitement la Bundesliga et qui, malgr\u00e9 son jeune \u00e2ge, dispose d\u00e9j\u00e0 d\u2019une exp\u00e9rience consid\u00e9rable\u00bb a d\u00e9clar\u00e9 le pr\u00e9sident du directoire d\u2019Heidenheim Holger Sanwald, cit\u00e9 dans un communiqu\u00e9 du club jeudi. \u00abNous sommes convaincus que Leo pourra imm\u00e9diatement nous aider dans cette situation difficile\u00bb, a encore indiqu\u00e9 Sanwald.<\/p>\n<p type=\"textBlockArray\" class=\"sc-e17c7982-2 hoDElN\">Stergiou aura fort \u00e0 faire au sein de la pire d\u00e9fense du championnat allemand, avec pour l\u2019heure 38 buts encaiss\u00e9s. La situation n\u2019est cependant pas d\u00e9sesp\u00e9r\u00e9e, car le premier non-rel\u00e9gable n\u2019est qu\u2019\u00e0 deux points du club du Bade-Wurtemberg.<\/p>\n<p><a href=\"https:\/\/www.20min.ch\/fr\/auteurs\/103478609\/agence-keystone-ats\" class=\"sc-b1f21c84-2 egfiIF\" target=\"_blank\" rel=\"noopener\"><img decoding=\"async\" alt=\"Agence Keystone-ATS\" src=\"https:\/\/www.europesays.com\/fr\/wp-content\/uploads\/2026\/01\/698e2cc5-2367-4263-9c7e-14090e820bb1.png\" class=\"sc-b1f21c84-1 iTOvpR\"\/><\/a><\/p>\n<p class=\"sc-f19a47c0-1 jKqFcj\">L&rsquo;Agence t\u00e9l\u00e9graphique suisse (ATS\/SDA en allemand), connue sous le nom de Keystone-ATS depuis sa fusion avec l\u2019agence photographique Keystone en 2018, est la principale agence de presse de Suisse. 20 Minutes est abonn\u00e9 \u00e0 son fil sportif.<\/p>\n","protected":false},"excerpt":{"rendered":"Leonidas Stergiou avait pris part \u00e0 l&rsquo;Euro 2024 avec l&rsquo;\u00e9quipe de Suisse.Toto Marti\/Blick\/freshfocus L\u2019international suisse Leonidas Stergiou est&hellip;\n","protected":false},"author":2,"featured_media":665481,"comment_status":"","ping_status":"","sticky":false,"template":"","format":"standard","meta":{"footnotes":""},"categories":[1587],"tags":[11,672,1804,1805,1803,1777,674,1801,12,1802],"class_list":{"0":"post-665480","1":"post","2":"type-post","3":"status-publish","4":"format-standard","5":"has-post-thumbnail","7":"category-allemagne","8":"tag-actualites","9":"tag-allemagne","10":"tag-bundesrepublik-deutschland","11":"tag-de","12":"tag-deutschland","13":"tag-eu","14":"tag-europe","15":"tag-germany","16":"tag-news","17":"tag-republique-federale-dallemagne"},"share_on_mastodon":{"url":"https:\/\/pubeurope.com\/@fr\/115899531990424625","error":""},"_links":{"self":[{"href":"https:\/\/www.europesays.com\/fr\/wp-json\/wp\/v2\/posts\/665480","targetHints":{"allow":["GET"]}}],"collection":[{"href":"https:\/\/www.europesays.com\/fr\/wp-json\/wp\/v2\/posts"}],"about":[{"href":"https:\/\/www.europesays.com\/fr\/wp-json\/wp\/v2\/types\/post"}],"author":[{"embeddable":true,"href":"https:\/\/www.europesays.com\/fr\/wp-json\/wp\/v2\/users\/2"}],"replies":[{"embeddable":true,"href":"https:\/\/www.europesays.com\/fr\/wp-json\/wp\/v2\/comments?post=665480"}],"version-history":[{"count":0,"href":"https:\/\/www.europesays.com\/fr\/wp-json\/wp\/v2\/posts\/665480\/revisions"}],"wp:featuredmedia":[{"embeddable":true,"href":"https:\/\/www.europesays.com\/fr\/wp-json\/wp\/v2\/media\/665481"}],"wp:attachment":[{"href":"https:\/\/www.europesays.com\/fr\/wp-json\/wp\/v2\/media?parent=665480"}],"wp:term":[{"taxonomy":"category","embeddable":true,"href":"https:\/\/www.europesays.com\/fr\/wp-json\/wp\/v2\/categories?post=665480"},{"taxonomy":"post_tag","embeddable":true,"href":"https:\/\/www.europesays.com\/fr\/wp-json\/wp\/v2\/tags?post=665480"}],"curies":[{"name":"wp","href":"https:\/\/api.w.org\/{rel}","templated":true}]}}