{"id":665497,"date":"2026-01-15T14:26:10","date_gmt":"2026-01-15T14:26:10","guid":{"rendered":"https:\/\/www.europesays.com\/fr\/665497\/"},"modified":"2026-01-15T14:26:10","modified_gmt":"2026-01-15T14:26:10","slug":"cyclisme-route-les-compositions-duae-team-emirates-xrg-pour-le-giro-le-tour-et-la-vuelta","status":"publish","type":"post","link":"https:\/\/www.europesays.com\/fr\/665497\/","title":{"rendered":"Cyclisme. Route &#8211; Les compositions d&rsquo;UAE Team Emirates XRG pour le Giro, le Tour et La Vuelta"},"content":{"rendered":"<p> Lire la suite de l&rsquo;article&#13;<\/p>\n<p>\u00a0<\/p>\n<p>&#13;<\/p>\n<p>Sur le <strong>Giro d&rsquo;Italia<\/strong>, c&rsquo;est le Portugais <strong>Joao Almeida<\/strong> qui m\u00e8nera la charge et essaiera de remporter sur premier Grand Tour. Le <strong>Tour de France<\/strong> sera \u00e9videmment la chasse-gard\u00e9e de<strong> Tadej Pogacar<\/strong>, accompagn\u00e9 par le jeune <strong>Isaac Del Toro<\/strong>. Un gros point d&rsquo;interrogation subsiste tout de m\u00eame quand \u00e0 <strong>La Vuelta<\/strong>. Si <strong>Almeida <\/strong>est d\u00e9j\u00e0 annonc\u00e9 au d\u00e9part, la pr\u00e9sence du Slov\u00e8ne reste quand \u00e0 elle encore ind\u00e9cise.<\/p>\n<p>&#13;<\/p>\n<p>*en gras = pr\u00e9sence officielle \/ pas de gras = pas encore de confirmation<\/p>\n<p>&#13;<br \/>\n&#13;<br \/>\nGiro d&rsquo;Italia&#13;<\/p>\n<p>&#8211; <strong>Joao Almeida<\/strong> (Portugal, 27 ans)<\/p>\n<p>&#13;<\/p>\n<p>&#8211; <strong>Adam Yates<\/strong> (Grande-Bretagne, 33 ans)<\/p>\n<p>&#13;<\/p>\n<p>&#8211; <strong>Jay Vine<\/strong> (Australie, 30 ans)<\/p>\n<p>&#13;<\/p>\n<p>&#8211; Felix Grossschartner (Autriche, 32 ans)<\/p>\n<p>&#13;<\/p>\n<p>&#8211; <strong>Igor Arrieta<\/strong> (Espagne, 23 ans)<\/p>\n<p>&#13;<\/p>\n<p>&#8211; <strong>Jan Christen<\/strong> (Suisse, 21 ans)<\/p>\n<p>&#13;<\/p>\n<p>&#8211; <strong>Antonio Morgado<\/strong> (Portugal, 21 ans)<\/p>\n<p>&#13;<\/p>\n<p>&#8211; <strong>Florian Vermeersch<\/strong> (Belgique, 26 ans)<\/p>\n<p>&#13;<\/p>\n<p>\u00a0<\/p>\n<p>&#13;<br \/>\nTour de France&#13;<\/p>\n<p>&#8211;<strong>\u00a0Tadej Pogacar\u00a0<\/strong>(Slov\u00e9nie, 27 ans)<\/p>\n<p>&#13;<\/p>\n<p>&#8211; <strong>Isaac Del Toro <\/strong>(Mexique, 22 ans)<\/p>\n<p>&#13;<\/p>\n<p>&#8211; <strong>Brandon McNulty<\/strong> (\u00c9tats-Unis, 27 ans)<\/p>\n<p>&#13;<\/p>\n<p>&#8211; <strong>Adam Yates<\/strong> (Grande-Bretagne, 33 ans)<\/p>\n<p>&#13;<\/p>\n<p>&#8211; <strong>Jhonatan Narvaez<\/strong> (Equateur, 28 ans)<\/p>\n<p>&#13;<\/p>\n<p>&#8211; <strong>Tim Wellens<\/strong> (Belgique, 34 ans)<\/p>\n<p>&#13;<\/p>\n<p>&#8211; <strong>Nils Politt <\/strong>(Allemagne, 31 ans)<\/p>\n<p>&#13;<\/p>\n<p>&#8211; <strong>Pavel Sivakov<\/strong> (France, 28 ans) ou <strong>Marc Soler <\/strong>(Espagne, 32 ans)<\/p>\n<p>&#13;<\/p>\n<p>\u00a0<\/p>\n<p>&#13;<br \/>\nLa Vuelta&#13;<\/p>\n<p>&#8211;\u00a0Tadej Pogacar\u00a0(Slov\u00e9nie, 27 ans)<\/p>\n<p>&#13;<\/p>\n<p>&#8211; <strong>Joao Almeida<\/strong> (Portugal, 27 ans)<\/p>\n<p>&#13;<\/p>\n<p>&#8211; Jay Vine (Australie, 30 ans)<\/p>\n<p>&#13;<\/p>\n<p>&#8211;\u00a0<strong>Marc Soler <\/strong>(Espagne, 32 ans)<\/p>\n<p>&#13;<\/p>\n<p>&#8211; Pavel Sivakov (France, 28 ans)<\/p>\n<p>&#13;<\/p>\n<p>&#8211; <strong>Domen Novak<\/strong>\u00a0(Slov\u00e9nie, 30 ans)<\/p>\n<p>&#13;<\/p>\n<p>&#8211; <strong>Ivo Oliveira <\/strong>(Portugal, 29 ans)<\/p>\n<p>&#13;<\/p>\n<p>&#8211; Filippo Baroncini (Italie, 25 ans)<\/p>\n","protected":false},"excerpt":{"rendered":"Lire la suite de l&rsquo;article&#13; \u00a0 &#13; Sur le Giro d&rsquo;Italia, c&rsquo;est le Portugais Joao Almeida qui m\u00e8nera&hellip;\n","protected":false},"author":2,"featured_media":665498,"comment_status":"","ping_status":"","sticky":false,"template":"","format":"standard","meta":{"footnotes":""},"categories":[1411],"tags":[1154,207,211,1011,27,209,60,210,212,208,213],"class_list":{"0":"post-665497","1":"post","2":"type-post","3":"status-publish","4":"format-standard","5":"has-post-thumbnail","7":"category-cyclisme","8":"tag-cycling","9":"tag-cyclisme","10":"tag-ffc","11":"tag-fr","12":"tag-france","13":"tag-route","14":"tag-sports","15":"tag-tour-de-france","16":"tag-uci","17":"tag-velo","18":"tag-world-tour"},"share_on_mastodon":{"url":"https:\/\/pubeurope.com\/@fr\/115899582665973552","error":""},"_links":{"self":[{"href":"https:\/\/www.europesays.com\/fr\/wp-json\/wp\/v2\/posts\/665497","targetHints":{"allow":["GET"]}}],"collection":[{"href":"https:\/\/www.europesays.com\/fr\/wp-json\/wp\/v2\/posts"}],"about":[{"href":"https:\/\/www.europesays.com\/fr\/wp-json\/wp\/v2\/types\/post"}],"author":[{"embeddable":true,"href":"https:\/\/www.europesays.com\/fr\/wp-json\/wp\/v2\/users\/2"}],"replies":[{"embeddable":true,"href":"https:\/\/www.europesays.com\/fr\/wp-json\/wp\/v2\/comments?post=665497"}],"version-history":[{"count":0,"href":"https:\/\/www.europesays.com\/fr\/wp-json\/wp\/v2\/posts\/665497\/revisions"}],"wp:featuredmedia":[{"embeddable":true,"href":"https:\/\/www.europesays.com\/fr\/wp-json\/wp\/v2\/media\/665498"}],"wp:attachment":[{"href":"https:\/\/www.europesays.com\/fr\/wp-json\/wp\/v2\/media?parent=665497"}],"wp:term":[{"taxonomy":"category","embeddable":true,"href":"https:\/\/www.europesays.com\/fr\/wp-json\/wp\/v2\/categories?post=665497"},{"taxonomy":"post_tag","embeddable":true,"href":"https:\/\/www.europesays.com\/fr\/wp-json\/wp\/v2\/tags?post=665497"}],"curies":[{"name":"wp","href":"https:\/\/api.w.org\/{rel}","templated":true}]}}