{"id":665501,"date":"2026-01-15T14:28:10","date_gmt":"2026-01-15T14:28:10","guid":{"rendered":"https:\/\/www.europesays.com\/fr\/665501\/"},"modified":"2026-01-15T14:28:10","modified_gmt":"2026-01-15T14:28:10","slug":"la-fille-presumee-de-freddie-mercury-est-morte","status":"publish","type":"post","link":"https:\/\/www.europesays.com\/fr\/665501\/","title":{"rendered":"La fille pr\u00e9sum\u00e9e de Freddie Mercury est morte"},"content":{"rendered":"<p>C&rsquo;\u00e9tait l&rsquo;un des secrets les mieux gard\u00e9s de l&rsquo;histoire du rock&rsquo;n&rsquo;roll. Celle qui \u00e9tait surnomm\u00e9e Bibi, et dont la r\u00e9v\u00e9lation de la filiation &#8211; contest\u00e9e &#8211; avec le chanteur du groupe Queen Freddie Mercury avait fait grand bruit en Angleterre, est d\u00e9c\u00e9d\u00e9e \u00e0 l&rsquo;\u00e2ge de 48 ans, r\u00e9v\u00e8le le \u00abDaily Mail\u00bb ce jeudi. <\/p>\n<p>Elle est morte avec de nombreux secrets et a su pr\u00e9server jusqu&rsquo;au bout son anonymat. <a href=\"https:\/\/www.parismatch.com\/People\/le-dernier-secret-de-freddie-mercury-sa-fille-257210\" target=\"_blank\" rel=\"noopener\">\u00abBibi\u00bb, fille cach\u00e9e pr\u00e9sum\u00e9e de Freddie Mercury<\/a>, le mythique leader du groupe anglais Queen, est morte \u00e0 l&rsquo;\u00e2ge de 48 ans. C&rsquo;est son veuf, Thomas, qui a annonc\u00e9 <a href=\"https:\/\/www.dailymail.co.uk\/news\/article-15466249\/Freddie-Mercury-secret-daughter-dies-aged-48-Bibi-Queen.html\" target=\"_blank\" rel=\"noopener\">la triste nouvelle au \u00abDaily Mail\u00bb<\/a>. Elle est d\u00e9c\u00e9d\u00e9e \u00ab paisiblement apr\u00e8s une longue lutte contre un chordome, un cancer rare de la moelle \u00e9pini\u00e8re \u00bb, a-t-il expliqu\u00e9 \u00e0 nos confr\u00e8res anglais. Elle laisse derri\u00e8re elle deux fils de neuf et sept ans &#8211; qui seraient donc les petits-fils de Freddie Mercury. \u00ab B repose d\u00e9sormais aupr\u00e8s de son p\u00e8re bien-aim\u00e9 dans le monde des pens\u00e9es. Ses cendres ont \u00e9t\u00e9 dispers\u00e9es au vent au-dessus des Alpes. \u00bb &#8211; la famille de Bibi vit en Suisse.\u00a0<\/p>\n<p>N\u00e9e en f\u00e9vrier 1977<\/p>\n<p>Paris Match avait interrog\u00e9 en ao\u00fbt dernier la surnomm\u00e9e Bibi, quelques semaines avant la parution en septembre du livre \u00abAffectueusement, Freddie\u00bb, de l&rsquo;exp\u00e9riment\u00e9e journaliste anglaise Lesley-Ann Jones. Elle affirmait \u00eatre n\u00e9e en f\u00e9vrier\u202f1977, fruit de l\u2019union passag\u00e8re de sa m\u00e8re fran\u00e7aise et de Freddie Mercury. \u00ab\u2009J\u2019ai \u00e9t\u00e9 con\u00e7ue par accident avec l\u2019\u00e9pouse de l\u2019un de ses amis proches qui \u00e9tait \u00e0 ce moment-l\u00e0 \u00e0 l\u2019\u00e9tranger, nous avait expliqu\u00e9 B., par mail. Il n\u2019\u00e9tait pas fier de cela.\u2009\u00bb Les familles des parents de B. \u00e9taient de celles pour qui le divorce et l\u2019avortement \u00e9taient inenvisageables.<\/p>\n<p>    La suite apr\u00e8s cette publicit\u00e9<\/p>\n<p>\u00ab\u2009Ma m\u00e8re et mon beau-p\u00e8re sont rest\u00e9s mari\u00e9s apr\u00e8s ma naissance, racontait B. \u00c7a n\u2019a pas d\u00fb \u00eatre facile pour mon beau-p\u00e8re, mais c\u2019\u00e9tait un homme tr\u00e8s r\u00e9silient. Je l\u2019admirais \u00e9norm\u00e9ment.\u2009\u00bb Selon elle, Mercury avait accept\u00e9 sa naissance avec liesse. \u00ab\u2009Le fait de devenir p\u00e8re \u00e9tait un bonheur absolu pour lui. S\u2019il culpabilisait, c\u2019\u00e9tait parce que je ne conna\u00eetrai jamais le sch\u00e9ma familial parfait qu\u2019il aurait voulu m\u2019offrir\u2009: une maman, un papa, des fr\u00e8res et s\u0153urs, un chien, une belle maison et un jardin\u2026\u2009\u00bb\u00a0<\/p>\n<p>    La suite apr\u00e8s cette publicit\u00e9<\/p>\n<p>Des journaux intimes<\/p>\n<p>Freddie Mercury aurait m\u00eame confi\u00e9 des journaux intimes \u00e0 sa fille, quelques semaines apr\u00e8s sa mort le 24 novembre 1991. B. se souvenait pour Paris Match des moments pass\u00e9s \u00ab\u2009dans la m\u00eame pi\u00e8ce que lui, en train de jouer ou de lire, pendant qu\u2019il travaillait \u00e0 ses compositions, sur des \u00e9bauches de \u00adchansons qu\u2019il enregistrait lui-m\u00eame. Parfois, sur ces bandes, on entend une petite fille de 4\u202fans lui demander de venir l\u2019aider ou de jouer pour elle quelques notes. [\u2026.] \u00c0 d\u2019autres moments on nous entend chanter lui et moi.\u2009\u00bb \u00ad<\/p>\n<p>Freddie aurait m\u00eame mis sa fille au piano. \u00ab\u2009Je pouvais jouer tout ce qui me plaisait \u00e0 condition d\u2019\u00e9tudier les morceaux obligatoires. Il \u00e9tait intraitable pour ce qui touchait aux devoirs, et, en m\u00eame temps, il savait se montrer tol\u00e9rant pour certaines choses qui ne l\u2019int\u00e9ressaient pas. Comme le ski. L\u2019altitude lui donnait le vertige, mais il m\u2019autorisait \u00e0 faire de l\u2019escalade.\u2009\u00bb<\/p>\n<p>\u00a0<\/p>\n","protected":false},"excerpt":{"rendered":"C&rsquo;\u00e9tait l&rsquo;un des secrets les mieux gard\u00e9s de l&rsquo;histoire du rock&rsquo;n&rsquo;roll. Celle qui \u00e9tait surnomm\u00e9e Bibi, et dont&hellip;\n","protected":false},"author":2,"featured_media":665502,"comment_status":"","ping_status":"","sticky":false,"template":"","format":"standard","meta":{"footnotes":""},"categories":[1359],"tags":[58,59,1011,27,973],"class_list":{"0":"post-665501","1":"post","2":"type-post","3":"status-publish","4":"format-standard","5":"has-post-thumbnail","7":"category-people","8":"tag-divertissement","9":"tag-entertainment","10":"tag-fr","11":"tag-france","12":"tag-people"},"share_on_mastodon":{"url":"https:\/\/pubeurope.com\/@fr\/115899590470770179","error":""},"_links":{"self":[{"href":"https:\/\/www.europesays.com\/fr\/wp-json\/wp\/v2\/posts\/665501","targetHints":{"allow":["GET"]}}],"collection":[{"href":"https:\/\/www.europesays.com\/fr\/wp-json\/wp\/v2\/posts"}],"about":[{"href":"https:\/\/www.europesays.com\/fr\/wp-json\/wp\/v2\/types\/post"}],"author":[{"embeddable":true,"href":"https:\/\/www.europesays.com\/fr\/wp-json\/wp\/v2\/users\/2"}],"replies":[{"embeddable":true,"href":"https:\/\/www.europesays.com\/fr\/wp-json\/wp\/v2\/comments?post=665501"}],"version-history":[{"count":0,"href":"https:\/\/www.europesays.com\/fr\/wp-json\/wp\/v2\/posts\/665501\/revisions"}],"wp:featuredmedia":[{"embeddable":true,"href":"https:\/\/www.europesays.com\/fr\/wp-json\/wp\/v2\/media\/665502"}],"wp:attachment":[{"href":"https:\/\/www.europesays.com\/fr\/wp-json\/wp\/v2\/media?parent=665501"}],"wp:term":[{"taxonomy":"category","embeddable":true,"href":"https:\/\/www.europesays.com\/fr\/wp-json\/wp\/v2\/categories?post=665501"},{"taxonomy":"post_tag","embeddable":true,"href":"https:\/\/www.europesays.com\/fr\/wp-json\/wp\/v2\/tags?post=665501"}],"curies":[{"name":"wp","href":"https:\/\/api.w.org\/{rel}","templated":true}]}}