{"id":665505,"date":"2026-01-15T14:31:14","date_gmt":"2026-01-15T14:31:14","guid":{"rendered":"https:\/\/www.europesays.com\/fr\/665505\/"},"modified":"2026-01-15T14:31:14","modified_gmt":"2026-01-15T14:31:14","slug":"je-me-suis-mise-entierement-nue-marlene-schaff-star-academy-ce-jour-ou-elle-a-decide-de-saimer","status":"publish","type":"post","link":"https:\/\/www.europesays.com\/fr\/665505\/","title":{"rendered":"\u00ab\u00a0Je me suis mise enti\u00e8rement nue\u00a0\u00bb\u00a0: Marl\u00e8ne Schaff (Star Academy), ce jour o\u00f9 elle a d\u00e9cid\u00e9 de s&rsquo;aimer"},"content":{"rendered":"<p>      R\u00e9sum\u00e9<\/p>\n<p>Marl\u00e8ne Schaff, professeure \u00e0 la Star Academy depuis 2022, a mis du temps avant de s&rsquo;aimer et de passer outre les critiques parfois violentes. Un voyage a \u00e9t\u00e9 d\u00e9cisif dans son cheminement vers l&rsquo;acceptation.<\/p>\n<p>        Sommaire<\/p>\n<p>Avant elle, il y a eu Rapha\u00eblle Ricci, Laure Balon ou encore C\u00e9cile Chaduteau. Apr\u00e8s avoir engag\u00e9 en 2022 en tant r\u00e9p\u00e9titrice au ch\u00e2teau de la \u00ab\u00a0Star Academy\u00a0\u00bb, <strong>Marl\u00e8ne Schaff <\/strong>a d\u00e9croch\u00e9 le joli poste de <strong>professeure d&rsquo;expression sc\u00e9nique<\/strong>. Un r\u00f4le de taille pour <a href=\"https:\/\/www.public.fr\/star-academy-marlene-schaff-desabusee-face-a-bastiaan-tes-une-fille-ou-un-garcon\" target=\"_blank\" rel=\"noopener\">la p\u00e9tillante artiste franco-allemande<\/a>. En effet, en plus de d\u00e9briefer chaque dimanche le prime de la veille avec les \u00e9l\u00e8ves et de leur apporter de pr\u00e9cieux conseils vocaux, <a href=\"https:\/\/www.public.fr\/tout-est-de-ma-faute-marlene-schaff-prend-la-parole-au-sujet-de-lelimination-danouk-star-academy\" target=\"_blank\" rel=\"noopener\">cette derni\u00e8re<\/a> s&rsquo;assure de <strong>leur bien-\u00eatre<\/strong>. <\/p>\n<p>Pourquoi cela est-il si important\u00a0? Car monter sur sc\u00e8ne, c&rsquo;est se mettre \u00e0 nu et cela demande parfois <strong>beaucoup d&rsquo;efforts<\/strong> aux <a href=\"https:\/\/www.public.fr\/vous-etes-des-mal-eleves-marlene-schaff-explose-en-interview\" target=\"_blank\" rel=\"noopener\">jeunes candidats<\/a> qui manquent de confiance en eux ou ne se sentent pas l\u00e9gitimes. Cela tombe bien car Marl\u00e8ne Schaff conna\u00eet parfaitement cette sensation. En effet, si <a href=\"https:\/\/www.public.fr\/que-les-choses-soient-claires-lucie-bernardoni-prend-la-defense-de-marlene-schaff-face-aux-rivieres-de-haine-quelle-recoit\" target=\"_blank\" rel=\"noopener\">la jolie blonde de 43 ans<\/a> semble bien dans ses baskets et arrive toujours au ch\u00e2teau avec une<strong> \u00e9nergie folle<\/strong>, cela n&rsquo;a pas toujours \u00e9t\u00e9 simple.<\/p>\n<p>Dans un entretien accord\u00e9 r\u00e9cemment \u00e0 nos confr\u00e8res de Closer, <a href=\"https:\/\/www.public.fr\/je-ne-tolererai-aucun-commentaire-marlene-schaff-explose-au-retour-de-la-star-academy\" target=\"_blank\" rel=\"noopener\">celle qui jouera dans A Queen is born\u00a0!<\/a> \u00e0 l&rsquo;Alhambra \u00e0 Paris \u00e0 partir du 18\u00a0mars 2026, a accept\u00e9 de se livrer comme jamais. Ainsi, \u00e0 cette occasion, Marl\u00e8ne Schaff a abord\u00e9 certains sujets sensibles pour ne pas dire intimes.<\/p>\n<p>Marl\u00e8ne Schaff (Star Academy)\u00a0: son long cheminement pour s&rsquo;accepter comme elle est<\/p>\n<p>Pendant longtemps, <a href=\"https:\/\/www.google.com\/url?sa=t&amp;source=web&amp;rct=j&amp;opi=89978449&amp;url=https:\/\/vsd.fr\/88848-vous-serez-bloque-et-signale-marlene-schaff-star-academy-dezingue-ses-haters\/&amp;ved=2ahUKEwia7qqjsI2SAxX1OfsDHX0OBawQFnoECBYQAQ&amp;usg=AOvVaw2GIT68pD8SVxoc0qMWb3a7\" target=\"_blank\" rel=\"noopener\">la complice de Lucie Bernardoni<\/a> a d\u00e9test\u00e9 son corps. Heureusement pour elle, c&rsquo;est d\u00e9sormais de l&rsquo;histoire ancienne. \u00ab\u00a0<strong>Je suis dans une phase de ma vie o\u00f9 je m\u2019aime. <\/strong>C\u2019est un travail de tous les jours, mais qu\u2019est-ce que \u00e7a fait du bien\u00a0!\u00a0\u00bb, a-t-elle expliqu\u00e9. Mais alors comment s&rsquo;y est-elle prise pour changer d&rsquo;\u00e9tat d&rsquo;esprit\u00a0? \u00ab\u00a0J\u2019adore faire des road-trips\u00a0\u00bb, a-t-elle pr\u00e9cis\u00e9. Et bien, il s&rsquo;av\u00e8re qu&rsquo;un de ses voyages a \u00e9t\u00e9 <strong>plus enrichissant que les autres.<\/strong><\/p>\n<p>En allant faire de l&rsquo;essence, Marl\u00e8ne Schaff a eu <strong>un d\u00e9clic.<\/strong> \u00ab\u00a0C\u2019est en changeant l\u2019huile de ma voiture que j\u2019ai r\u00e9alis\u00e9 que je la choyais plus que mon propre corps.<strong> Le soir m\u00eame, je me suis mise enti\u00e8rement nue devant un miroir, j\u2019ai beaucoup pleur\u00e9 et je lui ai demand\u00e9 pardon<\/strong>\u00ab\u00a0, a pr\u00e9cis\u00e9 <a href=\"https:\/\/www.google.com\/url?sa=t&amp;source=web&amp;rct=j&amp;opi=89978449&amp;url=https:\/\/vsd.fr\/70342-chere-marlene-raphaelle-ricci-vexee-par-les-propos-de-marlene-schaff-la-tacle-severement\/&amp;ved=2ahUKEwia7qqjsI2SAxX1OfsDHX0OBawQFnoECDkQAQ&amp;usg=AOvVaw33wyd3D77zHLIjh2YXSPiR\" target=\"_blank\" rel=\"noopener\">la quarantenaire<\/a> qui a \u00e9t\u00e9 victime de grossophobie par le pass\u00e9. Aujourd&rsquo;hui, les critiques, elle les balaie d&rsquo;un revers de main et une seule chose compte\u00a0: l&rsquo;avenir.<\/p>\n<p>\n          Hits &amp; People en continu\n        <\/p>\n<p>\n          Public Radio\n        <\/p>\n<p>      Mentionn\u00e9s dans cet article<\/p>\n<p>      Sur le m\u00eame sujet<\/p>\n","protected":false},"excerpt":{"rendered":"R\u00e9sum\u00e9 Marl\u00e8ne Schaff, professeure \u00e0 la Star Academy depuis 2022, a mis du temps avant de s&rsquo;aimer et&hellip;\n","protected":false},"author":2,"featured_media":665506,"comment_status":"","ping_status":"","sticky":false,"template":"","format":"standard","meta":{"footnotes":""},"categories":[1356],"tags":[1376,13874,6725,76605,58,59,1011,27,5095,252,1364],"class_list":{"0":"post-665505","1":"post","2":"type-post","3":"status-publish","4":"format-standard","5":"has-post-thumbnail","7":"category-television","8":"tag-amour","9":"tag-confiance","10":"tag-corps","11":"tag-corps-parfait","12":"tag-divertissement","13":"tag-entertainment","14":"tag-fr","15":"tag-france","16":"tag-star-academy","17":"tag-television","18":"tag-tv"},"share_on_mastodon":{"url":"https:\/\/pubeurope.com\/@fr\/115899602309367236","error":""},"_links":{"self":[{"href":"https:\/\/www.europesays.com\/fr\/wp-json\/wp\/v2\/posts\/665505","targetHints":{"allow":["GET"]}}],"collection":[{"href":"https:\/\/www.europesays.com\/fr\/wp-json\/wp\/v2\/posts"}],"about":[{"href":"https:\/\/www.europesays.com\/fr\/wp-json\/wp\/v2\/types\/post"}],"author":[{"embeddable":true,"href":"https:\/\/www.europesays.com\/fr\/wp-json\/wp\/v2\/users\/2"}],"replies":[{"embeddable":true,"href":"https:\/\/www.europesays.com\/fr\/wp-json\/wp\/v2\/comments?post=665505"}],"version-history":[{"count":0,"href":"https:\/\/www.europesays.com\/fr\/wp-json\/wp\/v2\/posts\/665505\/revisions"}],"wp:featuredmedia":[{"embeddable":true,"href":"https:\/\/www.europesays.com\/fr\/wp-json\/wp\/v2\/media\/665506"}],"wp:attachment":[{"href":"https:\/\/www.europesays.com\/fr\/wp-json\/wp\/v2\/media?parent=665505"}],"wp:term":[{"taxonomy":"category","embeddable":true,"href":"https:\/\/www.europesays.com\/fr\/wp-json\/wp\/v2\/categories?post=665505"},{"taxonomy":"post_tag","embeddable":true,"href":"https:\/\/www.europesays.com\/fr\/wp-json\/wp\/v2\/tags?post=665505"}],"curies":[{"name":"wp","href":"https:\/\/api.w.org\/{rel}","templated":true}]}}