{"id":665507,"date":"2026-01-15T14:32:15","date_gmt":"2026-01-15T14:32:15","guid":{"rendered":"https:\/\/www.europesays.com\/fr\/665507\/"},"modified":"2026-01-15T14:32:15","modified_gmt":"2026-01-15T14:32:15","slug":"bruno-mars-ajoute-une-troisieme-date-au-stade-de-france-face-a-une-demande-record","status":"publish","type":"post","link":"https:\/\/www.europesays.com\/fr\/665507\/","title":{"rendered":"Bruno Mars Ajoute Une Troisi\u00e8me Date Au Stade De France Face \u00c0 Une Demande Record"},"content":{"rendered":"<p class=\"\" data-is=\"component-paragraph\"><a data-is=\"component-link\" href=\"https:\/\/www.i24news.tv\/fr\/actu\/culture\/i24news.tv\/fr\/actu\/culture\/1696494742-bruno-mars-a-fait-trembler-le-parc-hayarkon-de-tel-aviv\" title=\"https:\/\/www.i24news.tv\/fr\/actu\/culture\/i24news.tv\/fr\/actu\/culture\/1696494742-bruno-mars-a-fait-trembler-le-parc-hayarkon-de-tel-aviv\" target=\"\" class=\"link\" rel=\"noopener\">L\u2019enthousiasme autour du retour de Bruno Mars<\/a> en France ne faiblit pas. D\u00e9j\u00e0 attendu pour deux concerts au Stade de France, l\u2019artiste am\u00e9ricain a annonc\u00e9 l\u2019ajout d\u2019une troisi\u00e8me date, programm\u00e9e le 18 juin 2026, preuve de l\u2019engouement massif du public fran\u00e7ais apr\u00e8s pr\u00e8s de dix ans d\u2019absence sur les grandes sc\u00e8nes hexagonales.<\/p>\n<p class=\"\" data-is=\"component-paragraph\">Bruno Mars ne s\u2019\u00e9tait plus produit en France depuis sa tourn\u00e9e 24K Magic en 2018. La mise en vente rapide des premi\u00e8res dates a confirm\u00e9 le regain d\u2019int\u00e9r\u00eat pour l\u2019interpr\u00e8te de Uptown Funk, dont la popularit\u00e9 reste intacte. Les concerts des 18, 20 et 21 juin s\u2019annoncent ainsi comme l\u2019un des temps forts musicaux de l\u2019ann\u00e9e 2026.<\/p>\n<p><img alt=\"Video poster\" class=\"video-poster\" data-is=\"lazy-image\" data-observed-item-id=\"https:\/\/api.i24news.tv\/fr\/brightcove\/6387621009112\/poster\"\/>Omer Adam, superstar \u00e0 Paris : toutes les places de son concert vendues en quelques minutes!<\/p>\n<p class=\"\" data-is=\"component-paragraph\">Ce retour sur sc\u00e8ne s\u2019accompagne \u00e9galement d\u2019une actualit\u00e9 discographique tr\u00e8s attendue. Bruno Mars pr\u00e9pare la sortie d\u2019un nouvel album, The Romantic, pr\u00e9vue pour le 27 f\u00e9vrier 2026. Un premier extrait, I Just Might, d\u00e9voil\u00e9 le 9 janvier dernier avec son clip officiel, donne d\u00e9j\u00e0 le ton de ce projet annonc\u00e9 comme ambitieux.<\/p>\n<p class=\"\" data-is=\"component-paragraph\">Pour cette tourn\u00e9e, l\u2019artiste sera \u00e9paul\u00e9 sur l\u2019ensemble des dates par Anderson .Paak, tandis que Victoria Mon\u00e9t, RAYE et Leon Thomas rejoindront ponctuellement l\u2019affiche. Une combinaison qui promet des shows spectaculaires, fid\u00e8les \u00e0 l\u2019univers de Bruno Mars, entre pop, funk et R&amp;B.<\/p>\n<p class=\"\" data-is=\"component-paragraph\">La billetterie pour les trois concerts du Stade de France ouvre ce jeudi 15 janvier \u00e0 midi. Les fans sont invit\u00e9s \u00e0 se connecter d\u00e8s l\u2019ouverture afin de ne pas manquer cet \u00e9v\u00e9nement musical majeur.<\/p>\n","protected":false},"excerpt":{"rendered":"L\u2019enthousiasme autour du retour de Bruno Mars en France ne faiblit pas. D\u00e9j\u00e0 attendu pour deux concerts au&hellip;\n","protected":false},"author":2,"featured_media":665508,"comment_status":"","ping_status":"","sticky":false,"template":"","format":"standard","meta":{"footnotes":""},"categories":[1355],"tags":[58,59,1011,27,1361,873],"class_list":{"0":"post-665507","1":"post","2":"type-post","3":"status-publish","4":"format-standard","5":"has-post-thumbnail","7":"category-musique","8":"tag-divertissement","9":"tag-entertainment","10":"tag-fr","11":"tag-france","12":"tag-music","13":"tag-musique"},"share_on_mastodon":{"url":"https:\/\/pubeurope.com\/@fr\/115899606703250499","error":""},"_links":{"self":[{"href":"https:\/\/www.europesays.com\/fr\/wp-json\/wp\/v2\/posts\/665507","targetHints":{"allow":["GET"]}}],"collection":[{"href":"https:\/\/www.europesays.com\/fr\/wp-json\/wp\/v2\/posts"}],"about":[{"href":"https:\/\/www.europesays.com\/fr\/wp-json\/wp\/v2\/types\/post"}],"author":[{"embeddable":true,"href":"https:\/\/www.europesays.com\/fr\/wp-json\/wp\/v2\/users\/2"}],"replies":[{"embeddable":true,"href":"https:\/\/www.europesays.com\/fr\/wp-json\/wp\/v2\/comments?post=665507"}],"version-history":[{"count":0,"href":"https:\/\/www.europesays.com\/fr\/wp-json\/wp\/v2\/posts\/665507\/revisions"}],"wp:featuredmedia":[{"embeddable":true,"href":"https:\/\/www.europesays.com\/fr\/wp-json\/wp\/v2\/media\/665508"}],"wp:attachment":[{"href":"https:\/\/www.europesays.com\/fr\/wp-json\/wp\/v2\/media?parent=665507"}],"wp:term":[{"taxonomy":"category","embeddable":true,"href":"https:\/\/www.europesays.com\/fr\/wp-json\/wp\/v2\/categories?post=665507"},{"taxonomy":"post_tag","embeddable":true,"href":"https:\/\/www.europesays.com\/fr\/wp-json\/wp\/v2\/tags?post=665507"}],"curies":[{"name":"wp","href":"https:\/\/api.w.org\/{rel}","templated":true}]}}