{"id":665511,"date":"2026-01-15T14:34:10","date_gmt":"2026-01-15T14:34:10","guid":{"rendered":"https:\/\/www.europesays.com\/fr\/665511\/"},"modified":"2026-01-15T14:34:10","modified_gmt":"2026-01-15T14:34:10","slug":"les-2-vitamines-quune-pharmacienne-prend-chaque-jour-sans-exception","status":"publish","type":"post","link":"https:\/\/www.europesays.com\/fr\/665511\/","title":{"rendered":"les 2 vitamines qu\u2019une pharmacienne prend chaque jour sans exception"},"content":{"rendered":"<p>Ces deux vitamines que cette<br \/>\npharmacienne prend chaque matin pour d\u00e9fier le temps<\/p>\n<p data-start=\"596\" data-end=\"1034\">Vieillir, c\u2019est in\u00e9vitable.<br \/>\nMais vieillir en restant en pleine forme, avec des cellules qui<br \/>\ntournent \u00e0 plein r\u00e9gime et un moral d\u2019acier, c\u2019est possible. C\u2019est<br \/>\nen tout cas ce que d\u00e9fend St\u00e9phanie Latour, docteure en pharmacie<br \/>\nsp\u00e9cialis\u00e9e en micronutrition. Chaque jour, elle mise sur deux<br \/>\nvitamines pr\u00e9cises, \u00e0 la fois discr\u00e8tes et puissantes, qui aident \u00e0<br \/>\npr\u00e9server l\u2019\u00e9nergie cellulaire, la m\u00e9moire, les os, l\u2019immunit\u00e9, et<br \/>\nm\u00eame l\u2019humeur.<\/p>\n<p data-start=\"1036\" data-end=\"1335\">Ce n\u2019est pas une promesse en<br \/>\nl\u2019air : leurs effets sont largement \u00e9tudi\u00e9s et valid\u00e9s par la<br \/>\nscience. De nombreuses recherches les associent \u00e0 une meilleure<br \/>\nlong\u00e9vit\u00e9 et \u00e0 une r\u00e9duction des risques de maladies li\u00e9es \u00e0 l\u2019\u00e2ge.<br \/>\nEt le plus rassurant ? Elles se trouvent facilement dans notre<br \/>\nalimentation.<\/p>\n<p>Vitamine B3, le carburant<br \/>\ndiscret qui r\u00e9pare nos cellules<\/p>\n<p data-start=\"1404\" data-end=\"1769\">Si la vitamine B3 n\u2019est pas la<br \/>\nplus m\u00e9diatis\u00e9e, elle est pourtant au c\u0153ur de nos m\u00e9canismes<br \/>\nvitaux. C\u2019est elle qui permet la production de NAD+ (nicotinamide<br \/>\nad\u00e9nine dinucl\u00e9otide), une mol\u00e9cule indispensable \u00e0 la r\u00e9paration<br \/>\nde l\u2019ADN, \u00e0 la fabrication d\u2019\u00e9nergie par les cellules et au<br \/>\nfonctionnement optimal des mitochondries \u2013 nos \u00ab\u00a0centrales<br \/>\n\u00e9nerg\u00e9tiques\u00a0\u00bb internes.<\/p>\n<p data-start=\"1771\" data-end=\"2250\">Avec l\u2019\u00e2ge, ce capital NAD+<br \/>\ndiminue. Et avec lui, la vitalit\u00e9. \u00ab\u00a0Avec l\u00a0\u00bb\u00e2ge, la production de<br \/>\nNAD+ diminue, ce qui favorise le vieillissement cellulaire et<br \/>\nl&rsquo;inflammation chronique\u00a0\u00bb, souligne St\u00e9phanie Latour. Un ph\u00e9nom\u00e8ne<br \/>\nd\u00e9sormais bien document\u00e9. Une \u00e9tude parue dans Nature Communications (2016) a<br \/>\nnotamment montr\u00e9 que la stimulation du NAD+ chez des souris \u00e2g\u00e9es<br \/>\navait significativement am\u00e9lior\u00e9 leur fonction musculaire et<br \/>\nm\u00e9tabolique, \u00e9quivalente \u00e0 celle de jeunes souris.<\/p>\n<p data-start=\"2252\" data-end=\"2634\">Dans l\u2019alimentation, la<br \/>\nvitamine B3 est heureusement tr\u00e8s accessible : volailles, thon,<br \/>\nsaumon, champignons, c\u00e9r\u00e9ales compl\u00e8tes, arachides\u2026 En cas de<br \/>\nfatigue chronique ou de syndrome m\u00e9tabolique, une compl\u00e9mentation<br \/>\npeut \u00eatre envisag\u00e9e. Mais l\u00e0 encore, la prudence est de mise : un<br \/>\nexc\u00e8s peut entra\u00eener des troubles h\u00e9patiques ou digestifs. Le mot<br \/>\nd\u2019ordre reste le m\u00eame : \u00e9quilibre.<\/p>\n<p>Vitamine D, l\u2019alli\u00e9e anti-\u00e2ge<br \/>\nque les Fran\u00e7ais n\u00e9gligent trop souvent<\/p>\n<p data-start=\"2715\" data-end=\"3062\">C\u2019est un paradoxe : la<br \/>\nvitamine D est l\u2019une des plus importantes pour le vieillissement en<br \/>\nbonne sant\u00e9\u2026 et pourtant, elle est d\u00e9ficitaire chez 80 % des<br \/>\nadultes fran\u00e7ais en hiver, selon Sant\u00e9 publique France. Essentielle<br \/>\npour les os, les muscles, le syst\u00e8me immunitaire et la r\u00e9gulation<br \/>\nde l\u2019inflammation, elle est aussi pr\u00e9cieuse que sous-estim\u00e9e.<\/p>\n<p data-start=\"3064\" data-end=\"3480\">\u00ab\u00a0Un bon taux de vitamine D est<br \/>\nsouvent le reflet d&rsquo;un mode de vie \u00e9quilibr\u00e9, avec une bonne<br \/>\nalimentation, une activit\u00e9 physique r\u00e9guli\u00e8re et une exposition au<br \/>\nsoleil\u00a0\u00bb, rappelle la pharmacienne. Plusieurs \u00e9tudes, dont une revue<br \/>\nde la Harvard School of<br \/>\nPublic Health publi\u00e9e en 2023, lient un taux suffisant de<br \/>\nvitamine D \u00e0 une baisse de la mortalit\u00e9 toutes causes confondues,<br \/>\nen particulier chez les plus de 60 ans.<\/p>\n<p data-start=\"3482\" data-end=\"3644\">L\u2019organisme en synth\u00e9tise via<br \/>\nl\u2019exposition solaire, mais en quantit\u00e9 insuffisante l\u2019hiver ou chez<br \/>\nles personnes peu expos\u00e9es. Dans l\u2019assiette, on la trouve dans<br \/>\n:<\/p>\n<ul data-start=\"3646\" data-end=\"3799\">\n<li data-start=\"3646\" data-end=\"3697\">\n<p data-start=\"3648\" data-end=\"3697\">les poissons gras (sardines,<br \/>\nmaquereaux, harengs)<\/p>\n<\/li>\n<li data-start=\"3698\" data-end=\"3727\">\n<p data-start=\"3700\" data-end=\"3727\">le foie de veau ou de<br \/>\nmorue<\/p>\n<\/li>\n<li data-start=\"3728\" data-end=\"3747\">\n<p data-start=\"3730\" data-end=\"3747\">les jaunes d\u2019\u0153ufs<\/p>\n<\/li>\n<li data-start=\"3748\" data-end=\"3766\">\n<p data-start=\"3750\" data-end=\"3766\">le chocolat noir<\/p>\n<\/li>\n<li data-start=\"3767\" data-end=\"3799\">\n<p data-start=\"3769\" data-end=\"3799\">les produits laitiers<br \/>\nenrichis<\/p>\n<\/li>\n<\/ul>\n<p data-start=\"3801\" data-end=\"4081\">L\u2019Assurance maladie recommande<br \/>\nune suppl\u00e9mentation annuelle (ou trimestrielle) chez les plus de 65<br \/>\nans ou les personnes \u00e0 risque. Mais gare \u00e0 l\u2019autom\u00e9dication : \u00e0<br \/>\nfortes doses, la vitamine D peut devenir toxique. D\u2019apr\u00e8s l\u2019Anses,<br \/>\nun seuil de 100 ng\/mL ne doit jamais \u00eatre d\u00e9pass\u00e9.<\/p>\n<p>Compl\u00e9ments alimentaires, pi\u00e8ge ou coup de pouce ?<\/p>\n<p data-start=\"4143\" data-end=\"4548\">Face aux promesses all\u00e9chantes<br \/>\nde certains laboratoires, difficile de ne pas c\u00e9der \u00e0 la tentation<br \/>\ndes g\u00e9lules miracles. Pourtant, la vigilance s\u2019impose. \u00ab\u00a0Le suivi<br \/>\nm\u00e9dical est essentiel\u00a0\u00bb, mart\u00e8le St\u00e9phanie Latour. Car si les<br \/>\ncarences existent, les exc\u00e8s aussi. En 2022, le centre antipoison<br \/>\nde Paris a rapport\u00e9 une hausse des appels li\u00e9s aux surdosages en<br \/>\nvitamine D, souvent apr\u00e8s des cures non encadr\u00e9es.<\/p>\n<p data-start=\"4550\" data-end=\"4778\">La niacine (vitamine B3) \u00e0<br \/>\nhaute dose peut quant \u00e0 elle entra\u00eener rougeurs, bouff\u00e9es de<br \/>\nchaleur ou troubles digestifs. Et si l\u2019id\u00e9e d\u2019agir \u201cen pr\u00e9vention\u201d<br \/>\ns\u00e9duit, elle ne doit pas faire oublier l\u2019essentiel : un mode de vie<br \/>\nsain.<\/p>\n<p data-start=\"4780\" data-end=\"5238\">\u00ab\u00a0Le bien-\u00eatre mental est tout<br \/>\naussi essentiel que l&rsquo;alimentation ou l&rsquo;activit\u00e9 physique\u00a0\u00bb, conclut<br \/>\nla sp\u00e9cialiste. Une phrase en apparence simple, mais au c\u0153ur d\u2019une<br \/>\nvision globale de la long\u00e9vit\u00e9. Dormir suffisamment, rire souvent,<br \/>\ns\u2019exposer \u00e0 la lumi\u00e8re, manger vari\u00e9, faire du sport, se connecter<br \/>\naux autres\u2026 Et, pourquoi pas, surveiller ses apports en vitamines<br \/>\nB3 et D. C\u2019est dans cette combinaison que r\u00e9side, peut-\u00eatre, le<br \/>\nv\u00e9ritable \u00e9lixir de jeunesse.<\/p>\n","protected":false},"excerpt":{"rendered":"Ces deux vitamines que cette pharmacienne prend chaque matin pour d\u00e9fier le temps Vieillir, c\u2019est in\u00e9vitable. Mais vieillir&hellip;\n","protected":false},"author":2,"featured_media":665512,"comment_status":"","ping_status":"","sticky":false,"template":"","format":"standard","meta":{"footnotes":""},"categories":[10],"tags":[5742,32672,76606,1011,27,72,4432,151,8192,52166,6020,20278,4561,71,55422],"class_list":{"0":"post-665511","1":"post","2":"type-post","3":"status-publish","4":"format-standard","5":"has-post-thumbnail","7":"category-sante","8":"tag-5742","9":"tag-chaque","10":"tag-exception","11":"tag-fr","12":"tag-france","13":"tag-health","14":"tag-jour","15":"tag-les","16":"tag-longevite","17":"tag-pharmacienne","18":"tag-prend","19":"tag-quune","20":"tag-sans","21":"tag-sante","22":"tag-vitamines"},"share_on_mastodon":{"url":"","error":""},"_links":{"self":[{"href":"https:\/\/www.europesays.com\/fr\/wp-json\/wp\/v2\/posts\/665511","targetHints":{"allow":["GET"]}}],"collection":[{"href":"https:\/\/www.europesays.com\/fr\/wp-json\/wp\/v2\/posts"}],"about":[{"href":"https:\/\/www.europesays.com\/fr\/wp-json\/wp\/v2\/types\/post"}],"author":[{"embeddable":true,"href":"https:\/\/www.europesays.com\/fr\/wp-json\/wp\/v2\/users\/2"}],"replies":[{"embeddable":true,"href":"https:\/\/www.europesays.com\/fr\/wp-json\/wp\/v2\/comments?post=665511"}],"version-history":[{"count":0,"href":"https:\/\/www.europesays.com\/fr\/wp-json\/wp\/v2\/posts\/665511\/revisions"}],"wp:featuredmedia":[{"embeddable":true,"href":"https:\/\/www.europesays.com\/fr\/wp-json\/wp\/v2\/media\/665512"}],"wp:attachment":[{"href":"https:\/\/www.europesays.com\/fr\/wp-json\/wp\/v2\/media?parent=665511"}],"wp:term":[{"taxonomy":"category","embeddable":true,"href":"https:\/\/www.europesays.com\/fr\/wp-json\/wp\/v2\/categories?post=665511"},{"taxonomy":"post_tag","embeddable":true,"href":"https:\/\/www.europesays.com\/fr\/wp-json\/wp\/v2\/tags?post=665511"}],"curies":[{"name":"wp","href":"https:\/\/api.w.org\/{rel}","templated":true}]}}