{"id":665515,"date":"2026-01-15T14:36:12","date_gmt":"2026-01-15T14:36:12","guid":{"rendered":"https:\/\/www.europesays.com\/fr\/665515\/"},"modified":"2026-01-15T14:36:12","modified_gmt":"2026-01-15T14:36:12","slug":"que-se-passe-t-il-au-sein-du-clan-beckham-sur-les-reseaux-sociaux","status":"publish","type":"post","link":"https:\/\/www.europesays.com\/fr\/665515\/","title":{"rendered":"Que se passe-t-il au sein du clan Beckham sur les r\u00e9seaux sociaux\u00a0?"},"content":{"rendered":"<p>Les rapports entre Brooklyn Beckham et ses parents sont plus tendus que jamais. Le fils a\u00een\u00e9 de Victoria et <a href=\"https:\/\/www.20minutes.fr\/sport\/david_beckham\/\" class=\"c-link c-link--is-underlined\" target=\"_blank\" rel=\"noopener\">David Beckham<\/a>, est en froid avec ses parents depuis plusieurs mois. Sa femme, Nicola Peltz, a m\u00eame d\u00e9cid\u00e9 de tirer un trait sur sa belle-famille, et l\u2019a fait savoir sur les r\u00e9seaux sociaux. Elle a en effet supprim\u00e9 toute trace de la famille Beckham de son compte <a href=\"https:\/\/www.20minutes.fr\/high-tech\/instagram\/\" class=\"c-link c-link--is-underlined\" target=\"_blank\" rel=\"noopener\">Instagram<\/a>, indique le site <a href=\"https:\/\/www.tmz.com\/2026\/01\/11\/nicola-peltz-scrubs-beckham-family-instagram\/\" target=\"_blank\" class=\"c-link c-link--is-underlined\" rel=\"noopener\">TMZ<\/a>.<\/p>\n<p>L\u2019\u00e9pouse de Brooklyn Beckham a effac\u00e9 plusieurs publications dans lesquelles apparaissaient la famille et les proches de son mari. Elle a notamment supprim\u00e9 le message d\u2019anniversaire qu\u2019elle avait \u00e9crit en\u00a02024 \u00e0 sa belle-m\u00e8re Victoria, \u00e0 l\u2019occasion de ses 50 ans.<\/p>\n<\/p>\n<p>Des avocats pour communiquer<\/p>\n<p>Cela fait des ann\u00e9es que des rumeurs circulaient sur les relations compliqu\u00e9es entre l\u2019actrice am\u00e9ricaine et sa belle-m\u00e8re, <a href=\"https:\/\/www.20minutes.fr\/people\/victoria_beckham\/\" class=\"c-link c-link--is-underlined\" target=\"_blank\" rel=\"noopener\">Victoria Beckham<\/a>. Elles seraient apparues apr\u00e8s le mariage \u00e0 plusieurs millions de dollars de Nicola et Brooklyn, en avril\u00a02022. Certains auraient laiss\u00e9 entendre que Nicola aurait refus\u00e9 de porter une cr\u00e9ation de Victoria, pr\u00e9f\u00e9rant porter \u00e0 la place des robes sign\u00e9es Christian Dior et <a href=\"https:\/\/www.20minutes.fr\/dossier\/versace\" class=\"c-link c-link--is-underlined\" target=\"_blank\" rel=\"noopener\">Versace<\/a>.<\/p>\n<p>Les relations seraient aujourd\u2019hui si tendues que Brooklyn aurait envoy\u00e9 une lettre \u00e0 ses parents leur demandant de ne plus le contacter que par l\u2019interm\u00e9diaire de ses avocats.<\/p>\n","protected":false},"excerpt":{"rendered":"Les rapports entre Brooklyn Beckham et ses parents sont plus tendus que jamais. Le fils a\u00een\u00e9 de Victoria&hellip;\n","protected":false},"author":2,"featured_media":665516,"comment_status":"","ping_status":"","sticky":false,"template":"","format":"standard","meta":{"footnotes":""},"categories":[8],"tags":[7904,11193,58,59,652,1011,27,2440,973,938,3287,6482],"class_list":{"0":"post-665515","1":"post","2":"type-post","3":"status-publish","4":"format-standard","5":"has-post-thumbnail","7":"category-divertissement","8":"tag-by-the-web","9":"tag-david-beckham","10":"tag-divertissement","11":"tag-entertainment","12":"tag-famille","13":"tag-fr","14":"tag-france","15":"tag-instagram","16":"tag-people","17":"tag-reseaux-sociaux","18":"tag-stars","19":"tag-victoria-beckham"},"share_on_mastodon":{"url":"https:\/\/pubeurope.com\/@fr\/115899622083950040","error":""},"_links":{"self":[{"href":"https:\/\/www.europesays.com\/fr\/wp-json\/wp\/v2\/posts\/665515","targetHints":{"allow":["GET"]}}],"collection":[{"href":"https:\/\/www.europesays.com\/fr\/wp-json\/wp\/v2\/posts"}],"about":[{"href":"https:\/\/www.europesays.com\/fr\/wp-json\/wp\/v2\/types\/post"}],"author":[{"embeddable":true,"href":"https:\/\/www.europesays.com\/fr\/wp-json\/wp\/v2\/users\/2"}],"replies":[{"embeddable":true,"href":"https:\/\/www.europesays.com\/fr\/wp-json\/wp\/v2\/comments?post=665515"}],"version-history":[{"count":0,"href":"https:\/\/www.europesays.com\/fr\/wp-json\/wp\/v2\/posts\/665515\/revisions"}],"wp:featuredmedia":[{"embeddable":true,"href":"https:\/\/www.europesays.com\/fr\/wp-json\/wp\/v2\/media\/665516"}],"wp:attachment":[{"href":"https:\/\/www.europesays.com\/fr\/wp-json\/wp\/v2\/media?parent=665515"}],"wp:term":[{"taxonomy":"category","embeddable":true,"href":"https:\/\/www.europesays.com\/fr\/wp-json\/wp\/v2\/categories?post=665515"},{"taxonomy":"post_tag","embeddable":true,"href":"https:\/\/www.europesays.com\/fr\/wp-json\/wp\/v2\/tags?post=665515"}],"curies":[{"name":"wp","href":"https:\/\/api.w.org\/{rel}","templated":true}]}}