{"id":66552,"date":"2025-05-01T09:19:08","date_gmt":"2025-05-01T09:19:08","guid":{"rendered":"https:\/\/www.europesays.com\/fr\/66552\/"},"modified":"2025-05-01T09:19:08","modified_gmt":"2025-05-01T09:19:08","slug":"laurent-ruquier-sexprime-pour-la-premiere-fois-sur-sa-separation-avec-hugo-manos","status":"publish","type":"post","link":"https:\/\/www.europesays.com\/fr\/66552\/","title":{"rendered":"Laurent Ruquier s\u2019exprime pour la premi\u00e8re fois sur sa s\u00e9paration avec Hugo Manos"},"content":{"rendered":"<p>L\u2019entrepreneur de 37 ans avait annonc\u00e9 sa rupture avec l\u2019animateur sur le plateau du \u00abBuzz TV\u00bb le 28 mars dernier. Depuis silencieux, son ex-compagnon a d\u00e9voil\u00e9 les raisons.<\/p>\n<p class=\"fig-paragraph\">L\u2019amour dure sept ans\u00a0? \u00c7a a du moins \u00e9t\u00e9 le cas pour le couple que formait\u00a0<a href=\"http:\/\/tvmag.lefigaro.fr\/programme-tv\/actu-tele\/je-sais-qu-ils-n-aiment-pas-trop-ca-laurent-ruquier-devoile-un-des-costumes-de-la-saison-7-de-mask-singer-20250210\" target=\"_blank\" data-fig-type=\"Article\" rel=\"noopener\" data-gtm-custom-categorie=\"navigation\" data-gtm-custom-action=\"crossclick\" data-gtm-custom-label=\"Contextuel\" data-gtm-event=\"customEventSPE\" data-fig-domain=\"TVMAG\"><strong>Laurent Ruquier<\/strong><\/a> \u00a0et\u00a0<a href=\"http:\/\/tvmag.lefigaro.fr\/programme-tv\/series\/du-poulet-un-peu-de-riz-et-pas-d-alcool-le-regime-alimentaire-tres-strict-d-hugo-manos-20250401\" target=\"_blank\" data-fig-type=\"Article\" rel=\"noopener\" data-gtm-custom-categorie=\"navigation\" data-gtm-custom-action=\"crossclick\" data-gtm-custom-label=\"Contextuel\" data-gtm-event=\"customEventSPE\" data-fig-domain=\"TVMAG\"><strong>Hugo Manos<\/strong><\/a> \u00a0depuis 2018. Dans un entretien accord\u00e9 au \u00abBuzz TV\u00bb le 28 mars dernier, l\u2019entrepreneur annon\u00e7ait sa s\u00e9paration d\u2019avec l\u2019animateur . \u00abNous ne sommes plus en couple\u00bb, a confirm\u00e9 l\u2019ancien chroniqueur de \u00abTPMP People\u00bb sur C8 avant de pr\u00e9ciser\u00a0: \u00abDepuis plusieurs semaines. C\u2019est la vie, c\u2019est comme \u00e7a. Les plus belles choses arrivent parfois \u00e0 une fin.\u00bb<\/p>\n<p class=\"fig-paragraph\">Hugo Manos avait confirm\u00e9 qu\u2019aucune animosit\u00e9 n\u2019existait entre les deux hommes. La rupture avait \u00e9t\u00e9 d\u00e9cid\u00e9e d\u2019un commun accord. \u00abLa seule chose que je peux vous dire, c\u2019est que tout va tr\u00e8s bien. Nous sommes en tr\u00e8s bons termes. C\u2019est quelqu\u2019un d\u2019extraordinaire. Il me le prouve encore aujourd\u2019hui post-s\u00e9paration. Donc tout va bien\u00bb, a-t-il d\u00e9clar\u00e9 tout en ajoutant, honn\u00eate\u00a0: \u00abUne rupture, ce n\u2019est jamais \u201cyoupla booum\u201d. Mais nous sommes deux personnes qui nous aimons beaucoup. On a beaucoup d\u2019affection l\u2019un pour l\u2019autre. \u00c7a se passe tr\u00e8s bien.\u00bb<\/p>\n<p class=\"fig-body-link\">\n            \u00c0 lire aussi<br \/>\n        <a class=\"fig-body-link__link\" href=\"http:\/\/tvmag.lefigaro.fr\/programme-tv\/people\/nous-sommes-restes-en-bons-termes-hugo-manos-annonce-sa-rupture-avec-laurent-ruquier-20250328\" target=\"_blank\" data-fig-type=\"Article\" rel=\"noopener\" data-gtm-custom-categorie=\"navigation\" data-gtm-custom-action=\"crossclick\" data-gtm-custom-label=\"Contextuel\" data-gtm-event=\"customEventSPE\" data-fig-domain=\"TVMAG\">\u00abNous sommes rest\u00e9s en bons termes\u00bb\u00a0: Hugo Manos annonce sa rupture avec Laurent Ruquier<br \/>\n    <\/a>\n<\/p>\n<p class=\"fig-paragraph\">Pour autant, Laurent Ruquier \u00e9tait rest\u00e9 particuli\u00e8rement silencieux depuis cette officialisation de rupture. Il s\u2019est confi\u00e9 pour la premi\u00e8re fois depuis qu\u2019il est c\u00e9libataire \u00e0 nos confr\u00e8res de Paris Match. Interrog\u00e9 sur la raison pr\u00e9cise de cette issue, l\u2019animateur des\u00a0<a href=\"http:\/\/tvmag.lefigaro.fr\/programme-tv\/people\/fort-de-sa-victoire-aux-traitres-laurent-ruquier-defend-ses-grosses-tetes-et-s-en-prend-a-m6-20240929\" target=\"_blank\" data-fig-type=\"Article\" rel=\"noopener\" data-gtm-custom-categorie=\"navigation\" data-gtm-custom-action=\"crossclick\" data-gtm-custom-label=\"Contextuel\" data-gtm-event=\"customEventSPE\" data-fig-domain=\"TVMAG\">\u00abGrosses T\u00eates\u00bb<\/a>\u00a0a simplement r\u00e9pondu\u00a0:\u00ab\u00c7a ne marchait plus&#8230;\u00bb Et de poursuivre\u00a0: \u00abEt je ne suis pas r\u00e9sign\u00e9 au point de continuer \u00e0 vivre avec quelqu\u2019un quand l\u2019amour est parti. Je suis romantique, je crois au grand amour. Je suis la grenouille qui attend que son prince charmant vienne l\u2019embrasser. Malheureusement, je ne peux pas vous offrir de scoop car je ne connais pas encore le nom du prochain\u2026 Je ne sais m\u00eame pas s\u2019il y en aura un.\u00bb\u00a0<\/p>\n<p class=\"fig-paragraph\">Mais l\u2019homme de 62 ans n\u2019est en aucun cas effray\u00e9 par cette solitude naissante. \u00abIl y a quelques semaines, beaucoup de gens ont \u00e9t\u00e9 surpris de me voir partir en vacances cinq jours au P\u00e9rou, seul. Mais \u00e7a m\u2019a permis de rattraper mes lectures en retard. Je ne m\u2019ennuie jamais avec un bon livre. \u00catre seul ne me d\u00e9range pas\u00bb, a-t-il soulign\u00e9.<\/p>\n<p>\u00a0\u00bb<br \/>\n        data-script=\u00a0\u00bbhttps:\/\/static.lefigaro.fr\/widget-video\/short-ttl\/video\/index.js\u00a0\u00bb<br \/>\n    &gt;<\/p>\n","protected":false},"excerpt":{"rendered":"L\u2019entrepreneur de 37 ans avait annonc\u00e9 sa rupture avec l\u2019animateur sur le plateau du \u00abBuzz TV\u00bb le 28&hellip;\n","protected":false},"author":2,"featured_media":66553,"comment_status":"","ping_status":"","sticky":false,"template":"","format":"standard","meta":{"footnotes":""},"categories":[8],"tags":[976,1000,58,59,1011,27,1714,1718,1759,1713,973,1717,1715,1716],"class_list":{"0":"post-66552","1":"post","2":"type-post","3":"status-publish","4":"format-standard","5":"has-post-thumbnail","7":"category-divertissement","8":"tag-actu-people","9":"tag-celebrites","10":"tag-divertissement","11":"tag-entertainment","12":"tag-fr","13":"tag-france","14":"tag-info-people","15":"tag-infos-people-du-jour","16":"tag-laurent-ruquier","17":"tag-news-people","18":"tag-people","19":"tag-photo-people","20":"tag-potins-de-stars","21":"tag-potins-people"},"share_on_mastodon":{"url":"https:\/\/pubeurope.com\/@fr\/114431837082728205","error":""},"_links":{"self":[{"href":"https:\/\/www.europesays.com\/fr\/wp-json\/wp\/v2\/posts\/66552","targetHints":{"allow":["GET"]}}],"collection":[{"href":"https:\/\/www.europesays.com\/fr\/wp-json\/wp\/v2\/posts"}],"about":[{"href":"https:\/\/www.europesays.com\/fr\/wp-json\/wp\/v2\/types\/post"}],"author":[{"embeddable":true,"href":"https:\/\/www.europesays.com\/fr\/wp-json\/wp\/v2\/users\/2"}],"replies":[{"embeddable":true,"href":"https:\/\/www.europesays.com\/fr\/wp-json\/wp\/v2\/comments?post=66552"}],"version-history":[{"count":0,"href":"https:\/\/www.europesays.com\/fr\/wp-json\/wp\/v2\/posts\/66552\/revisions"}],"wp:featuredmedia":[{"embeddable":true,"href":"https:\/\/www.europesays.com\/fr\/wp-json\/wp\/v2\/media\/66553"}],"wp:attachment":[{"href":"https:\/\/www.europesays.com\/fr\/wp-json\/wp\/v2\/media?parent=66552"}],"wp:term":[{"taxonomy":"category","embeddable":true,"href":"https:\/\/www.europesays.com\/fr\/wp-json\/wp\/v2\/categories?post=66552"},{"taxonomy":"post_tag","embeddable":true,"href":"https:\/\/www.europesays.com\/fr\/wp-json\/wp\/v2\/tags?post=66552"}],"curies":[{"name":"wp","href":"https:\/\/api.w.org\/{rel}","templated":true}]}}