{"id":665523,"date":"2026-01-15T14:40:11","date_gmt":"2026-01-15T14:40:11","guid":{"rendered":"https:\/\/www.europesays.com\/fr\/665523\/"},"modified":"2026-01-15T14:40:11","modified_gmt":"2026-01-15T14:40:11","slug":"en-direct-proces-en-appel-de-marine-le-pen-laudition-de-louis-aliot-est-reportee-a-la-semaine-prochaine","status":"publish","type":"post","link":"https:\/\/www.europesays.com\/fr\/665523\/","title":{"rendered":"EN DIRECT &#8211; Proc\u00e8s en appel de Marine Le Pen : l&rsquo;audition de Louis Aliot est report\u00e9e \u00e0 la semaine prochaine"},"content":{"rendered":"<p>      La question proc\u00e9durale de Le Pen sera tranch\u00e9e lors du d\u00e9lib\u00e9r\u00e9<\/p>\n<p>La cour d&rsquo;appel de Paris a indiqu\u00e9 qu&rsquo;elle se prononcerait lors du d\u00e9lib\u00e9r\u00e9 du proc\u00e8s des assistants d&rsquo;eurod\u00e9put\u00e9s du Front national sur la question proc\u00e9durale complexe soulev\u00e9e mercredi par la d\u00e9fense de Marine Le Pen.\u00a0\u00ab\u00a0La cour joint l&rsquo;incident au fond\u00a0\u00bb, a d\u00e9clar\u00e9 sa pr\u00e9sidente Mich\u00e8le Agi.<\/p>\n<p>La d\u00e9fense de la cheffe de file de l&rsquo;extr\u00eame droite a soulev\u00e9 hier un embrouillamini n\u00e9 de l&rsquo;ordonnance de renvoi devant le tribunal correctionnel (ORTC), ce document r\u00e9capitulant le dossier et \u00e9num\u00e9rant les charges dont les magistrats sont saisis \u00e0 l&rsquo;audience pour mener le proc\u00e8s. &#13;<\/p>\n<p>Dans l&rsquo;affaire des assistants parlementaires d&rsquo;eurod\u00e9put\u00e9s FN, les juges de premi\u00e8re instance avaient pris en compte un tableau annexe, non sign\u00e9, listant l&rsquo;ensemble des contrats, quand bien m\u00eame certains n&rsquo;avaient pas donn\u00e9 lieu \u00e0 des mises en examen d&rsquo;assistants. &#13;<\/p>\n<p>Le tribunal avait jug\u00e9 que le document \u00e9tait suffisant pour poursuivre Marine Le Pen en tant que pr\u00e9sidente du parti pour complicit\u00e9 de d\u00e9tournement de fonds pour l&rsquo;ensemble des contrats.<\/p>\n<p>Or, pour l&rsquo;avocat de Marine Le Pen, Me Rodolphe Bosselut, \u00ab\u00a0\u00e7a a abouti \u00e0 une aggravation de la situation p\u00e9nale\u00a0\u00bb de sa cliente, \u00ab\u00a0pour une valeur compl\u00e9mentaire de d\u00e9tournements suppos\u00e9s d&rsquo;1,4 million d&rsquo;euros\u00a0\u00bb, a-t-il plaid\u00e9 hier.\u00a0Repr\u00e9sentant l&rsquo;accusation, les avocats g\u00e9n\u00e9raux ont \u00e9galement consid\u00e9r\u00e9 lors des d\u00e9bats de mercredi qu&rsquo;en premi\u00e8re instance, le tribunal correctionnel de Paris a \u00ab\u00a0surestim\u00e9\u00a0\u00bb les charges dont il \u00e9tait saisi.\u00a0<\/p>\n<p>Partager<\/p>\n","protected":false},"excerpt":{"rendered":"La question proc\u00e9durale de Le Pen sera tranch\u00e9e lors du d\u00e9lib\u00e9r\u00e9 La cour d&rsquo;appel de Paris a indiqu\u00e9&hellip;\n","protected":false},"author":2,"featured_media":665524,"comment_status":"","ping_status":"","sticky":false,"template":"","format":"standard","meta":{"footnotes":""},"categories":[4],"tags":[11,9856,107,1011,27,303,430,12,8552,316,2694,25],"class_list":{"0":"post-665523","1":"post","2":"type-post","3":"status-publish","4":"format-standard","5":"has-post-thumbnail","7":"category-france","8":"tag-actualites","9":"tag-cour-dappel","10":"tag-fil-info","11":"tag-fr","12":"tag-france","13":"tag-justice","14":"tag-marine-le-pen","15":"tag-news","16":"tag-parlement-europeen","17":"tag-politique","18":"tag-proces","19":"tag-republique-francaise"},"share_on_mastodon":{"url":"https:\/\/pubeurope.com\/@fr\/115899637713575819","error":""},"_links":{"self":[{"href":"https:\/\/www.europesays.com\/fr\/wp-json\/wp\/v2\/posts\/665523","targetHints":{"allow":["GET"]}}],"collection":[{"href":"https:\/\/www.europesays.com\/fr\/wp-json\/wp\/v2\/posts"}],"about":[{"href":"https:\/\/www.europesays.com\/fr\/wp-json\/wp\/v2\/types\/post"}],"author":[{"embeddable":true,"href":"https:\/\/www.europesays.com\/fr\/wp-json\/wp\/v2\/users\/2"}],"replies":[{"embeddable":true,"href":"https:\/\/www.europesays.com\/fr\/wp-json\/wp\/v2\/comments?post=665523"}],"version-history":[{"count":0,"href":"https:\/\/www.europesays.com\/fr\/wp-json\/wp\/v2\/posts\/665523\/revisions"}],"wp:featuredmedia":[{"embeddable":true,"href":"https:\/\/www.europesays.com\/fr\/wp-json\/wp\/v2\/media\/665524"}],"wp:attachment":[{"href":"https:\/\/www.europesays.com\/fr\/wp-json\/wp\/v2\/media?parent=665523"}],"wp:term":[{"taxonomy":"category","embeddable":true,"href":"https:\/\/www.europesays.com\/fr\/wp-json\/wp\/v2\/categories?post=665523"},{"taxonomy":"post_tag","embeddable":true,"href":"https:\/\/www.europesays.com\/fr\/wp-json\/wp\/v2\/tags?post=665523"}],"curies":[{"name":"wp","href":"https:\/\/api.w.org\/{rel}","templated":true}]}}