{"id":665531,"date":"2026-01-15T14:44:33","date_gmt":"2026-01-15T14:44:33","guid":{"rendered":"https:\/\/www.europesays.com\/fr\/665531\/"},"modified":"2026-01-15T14:44:33","modified_gmt":"2026-01-15T14:44:33","slug":"agriculture-plusieurs-operations-escargot-prevues-ce-jeudi-en-meurthe-et-moselle-voici-ou-et-quand","status":"publish","type":"post","link":"https:\/\/www.europesays.com\/fr\/665531\/","title":{"rendered":"Agriculture. Plusieurs op\u00e9rations escargot pr\u00e9vues ce jeudi en Meurthe-et-Moselle : voici o\u00f9 et quand"},"content":{"rendered":"<p>                    Par<br \/>\n        <strong><br \/>\n            <a href=\"https:\/\/actu.fr\/auteur\/pierre-emile-bouchy-actu-fr\" title=\"Consulter tous les articles de Paul-Emile Bouchy\" target=\"_blank\" rel=\"noopener\">Paul-Emile Bouchy<\/a><br \/>\n                    <\/strong><\/p>\n<p>        Publi\u00e9 le<\/p>\n<p>            14 janv. 2026 \u00e0 12h31        <\/p>\n<p>Depuis plusieurs jours, <strong>le mouvement agricole multiplie les actions partout en France<\/strong> pour faire entendre leur col\u00e8re, notamment face au vote du trait\u00e9 <a href=\"https:\/\/actu.fr\/economie\/mercosur-l-ue-approuve-l-accord-de-libre-echange-voici-ce-qu-il-va-changer-en-europe_63674852.html\" target=\"_blank\" rel=\"noopener\">Mercosur<\/a>. Des manifestations en d\u00e9versant du fumier ont d\u00e9j\u00e0 eu lieu \u00e0 <a href=\"https:\/\/actu.fr\/societe\/video-en-colere-les-agriculteurs-deversent-du-fumier-devant-la-prefecture-a-nancy_63658146.html\" target=\"_blank\" rel=\"noopener\">Nancy<\/a>, <a href=\"https:\/\/actu.fr\/grand-est\/metz_57463\/video-colere-des-agriculteurs-en-moselle-280-tracteurs-mobilises-a-metz-du-fumier-deverse_63686089.html\" target=\"_blank\" rel=\"noopener\">Metz<\/a> ou encore <a href=\"https:\/\/actu.fr\/grand-est\/strasbourg_67482\/strasbourg-des-dizaines-d-agriculteurs-bloquent-le-pont-de-l-europe-voici-quand-l-action-doit-prendre-fin_63676610.html\" target=\"_blank\" rel=\"noopener\">Strasbourg<\/a>.<\/p>\n<p class=\" wall-content\">Ce jeudi 15\u00a0janvier, ce sont <strong>plus de 150 tracteurs qui vont mener des op\u00e9rations escargot<\/strong> aux quatre coins de la <a href=\"https:\/\/actu.fr\/grand-est\/meurthe-et-moselle_54\" target=\"_blank\" rel=\"noopener\">Meurthe-et-Moselle<\/a>. On vous dit o\u00f9 et quand elles vont se d\u00e9rouler.<\/p>\n<p>Des perturbations attendues \u00e0 travers toute la Meurthe-et-Moselle<\/p>\n<p class=\" wall-content\">Ces op\u00e9rations, men\u00e9es par les Jeunes Agriculteurs (JA 54) et la F\u00e9d\u00e9ration d\u00e9partementale des syndicats d\u2019exploitants agricoles (FDSEA 54), auront lieu <strong>entre 17h30 et 21h dans les secteurs suivants<\/strong>\u2009:<\/p>\n<ul class=\" wall-content\">\n<li><strong>A33\/RN4<\/strong> simultan\u00e9ment dans les sens Ville-en-Vermois \u2013 Lun\u00e9ville et Gogney \u2013 Lun\u00e9ville<\/li>\n<li><strong>A31<\/strong> entre les \u00e9changeurs de Bl\u00e9nod-l\u00e8s-Toul et de Gondreville puis de Gondreville \u00e0 l\u2019\u00e9changeur Toul-Croix de Metz<\/li>\n<li><strong>A31<\/strong> d\u2019Atton \u00e0 Lesm\u00e9nils puis passage du cort\u00e8ge dans le centre-ville de Pont-\u00e0-Mousson<\/li>\n<li><strong>RN52<\/strong> de Longwy jusqu\u2019\u00e0 la fronti\u00e8re luxembourgeoise<\/li>\n<\/ul>\n<p>Pas de fumier mais des feux de la col\u00e8re allum\u00e9s<\/p>\n<p class=\" wall-content\">D\u2019apr\u00e8s Florian Segault, pr\u00e9sident des JA 54, il n\u2019y aura cette fois-ci <strong>pas de fumier d\u00e9vers\u00e9 mais des feux de la col\u00e8re allum\u00e9s avec de la paille<\/strong> sur les diff\u00e9rents rassemblements qui devraient mobiliser <strong>plus de 200 agriculteurs<\/strong>.<\/p>\n<p class=\" wall-content\">\u00ab\u2009En quadrillant le d\u00e9partement, on veut montrer qu\u2019on a la capacit\u00e9 de le faire ralentir. On va aussi\u2009\u00bb chauffer les moteurs \u00ab\u2009pour <a href=\"https:\/\/actu.fr\/societe\/manifestation-monstre-des-agriculteurs-le-20-janvier-une-journee-noire-sur-les-route-du-bas-rhin-a-prevoir_63695701.html\" target=\"_blank\" rel=\"noopener\">la grosse manifestation qui aura lieu mardi 20\u00a0janvier \u00e0 Strasbourg<\/a>\u2009\u00bb, conclut-il.<\/p>\n<p class=\" wall-content\">Personnalisez votre actualit\u00e9 en ajoutant vos villes et m\u00e9dias en favori avec <a href=\"https:\/\/moncompte.actu.fr\" title=\"D\u00e9couvez Mon Actu\" rel=\"nofollow noopener\" data-trk=\"{&quot;cta&quot;:{&quot;action&quot;:&quot;https:\\\/\\\/moncompte.actu.fr&quot;,&quot;category&quot;:&quot;mon compte&quot;,&quot;from&quot;:&quot;article footer&quot;,&quot;name&quot;:&quot;Mon actu&quot;,&quot;type&quot;:&quot;cta&quot;}}\" target=\"_blank\">Mon Actu<\/a>.<\/p>\n","protected":false},"excerpt":{"rendered":"Par Paul-Emile Bouchy Publi\u00e9 le 14 janv. 2026 \u00e0 12h31 Depuis plusieurs jours, le mouvement agricole multiplie les&hellip;\n","protected":false},"author":2,"featured_media":665532,"comment_status":"","ping_status":"","sticky":false,"template":"","format":"standard","meta":{"footnotes":""},"categories":[9635],"tags":[1111,11,327,3542,1777,674,1011,27,775,803,1702,12,25,104],"class_list":{"0":"post-665531","1":"post","2":"type-post","3":"status-publish","4":"format-standard","5":"has-post-thumbnail","7":"category-nancy","8":"tag-actu","9":"tag-actualites","10":"tag-agriculture","11":"tag-circulation","12":"tag-eu","13":"tag-europe","14":"tag-fr","15":"tag-france","16":"tag-grand-est","17":"tag-info-trafic","18":"tag-nancy","19":"tag-news","20":"tag-republique-francaise","21":"tag-societe"},"share_on_mastodon":{"url":"https:\/\/pubeurope.com\/@fr\/115899653544774694","error":""},"_links":{"self":[{"href":"https:\/\/www.europesays.com\/fr\/wp-json\/wp\/v2\/posts\/665531","targetHints":{"allow":["GET"]}}],"collection":[{"href":"https:\/\/www.europesays.com\/fr\/wp-json\/wp\/v2\/posts"}],"about":[{"href":"https:\/\/www.europesays.com\/fr\/wp-json\/wp\/v2\/types\/post"}],"author":[{"embeddable":true,"href":"https:\/\/www.europesays.com\/fr\/wp-json\/wp\/v2\/users\/2"}],"replies":[{"embeddable":true,"href":"https:\/\/www.europesays.com\/fr\/wp-json\/wp\/v2\/comments?post=665531"}],"version-history":[{"count":0,"href":"https:\/\/www.europesays.com\/fr\/wp-json\/wp\/v2\/posts\/665531\/revisions"}],"wp:featuredmedia":[{"embeddable":true,"href":"https:\/\/www.europesays.com\/fr\/wp-json\/wp\/v2\/media\/665532"}],"wp:attachment":[{"href":"https:\/\/www.europesays.com\/fr\/wp-json\/wp\/v2\/media?parent=665531"}],"wp:term":[{"taxonomy":"category","embeddable":true,"href":"https:\/\/www.europesays.com\/fr\/wp-json\/wp\/v2\/categories?post=665531"},{"taxonomy":"post_tag","embeddable":true,"href":"https:\/\/www.europesays.com\/fr\/wp-json\/wp\/v2\/tags?post=665531"}],"curies":[{"name":"wp","href":"https:\/\/api.w.org\/{rel}","templated":true}]}}