{"id":665535,"date":"2026-01-15T14:46:16","date_gmt":"2026-01-15T14:46:16","guid":{"rendered":"https:\/\/www.europesays.com\/fr\/665535\/"},"modified":"2026-01-15T14:46:16","modified_gmt":"2026-01-15T14:46:16","slug":"apres-de-vifs-debats-le-conseil-municipal-de-la-seyne-vote-3-millions-deuros-dinvestissements-pour-la-ville","status":"publish","type":"post","link":"https:\/\/www.europesays.com\/fr\/665535\/","title":{"rendered":"apr\u00e8s de vifs d\u00e9bats, le conseil municipal de La Seyne vote 3\u00a0millions d\u2019euros d\u2019investissements pour la ville"},"content":{"rendered":"<p class=\"fs-5 \">Comme il en est d\u2019usage, le conseil municipal, r\u00e9uni ce mardi apr\u00e8s-midi, a valid\u00e9 l\u2019engagement de cr\u00e9dits d\u2019investissement destin\u00e9s \u00e0 permettre la continuit\u00e9 des travaux en cours.<\/p>\n<p class=\"fs-5 \">Et ce, avant le vote du prochain <strong>budget<\/strong> de la collectivit\u00e9, qui interviendra apr\u00e8s les \u00e9lections municipales de mars prochain.<\/p>\n<p class=\"fs-5 \">La loi pr\u00e9voyant que l\u2019ex\u00e9cutif communal peut engager ces cr\u00e9dits dans la limite du quart des cr\u00e9dits d\u2019investissement ouverts au budget de l\u2019exercice pr\u00e9c\u00e9dent, ce sont donc 3 millions de cr\u00e9dits qui ont \u00e9t\u00e9 vot\u00e9s ce mardi.<\/p>\n<p class=\"fs-5 \">Comme l\u2019indique le maire <strong>Jo Minniti<\/strong>, \u00ab\u00a0cet engagement de d\u00e9penses concerne des projet que nous devons financer avant le vote du budget. Il s\u2019agit de la continuit\u00e9 des affaires\u00a0; ne pas le faire reviendrait \u00e0 tout bloquer\u00a0\u00bb.<\/p>\n<p>        <img src=\"https:\/\/www.europesays.com\/fr\/wp-content\/uploads\/2026\/01\/85f13f1_ftp-import-images-1-o08ivpasucke-varxxq900-deligne-maires-80-ans-jpg.jpg\"   loading=\"lazy\" decoding=\"async\" alt=\"Jean-Pierre V\u00e9ran (83 ans, Cotignac), \u00c9douard Friedler (80 ans, Le Beausset), Robert Beneventi (82 ans, Ollioules), Joseph Minniti (83 ans, La Seyne) ou encore Ren\u00e9 Jourdan (93 ans, La Cadi\u00e8re) devraient \u00eatre candidats aux \u00e9lections municipales le 15 mars prochain. \" class=\"img-fluid position-absolute w-100 object-fit-cover rounded-2\" width=\"600\" height=\"400\"\/><\/p>\n<p>                                                                                Priorit\u00e9 aux \u00e9coles et aux \u00e9quipements sportifs<\/p>\n<p class=\"fs-5 \">Sans v\u00e9ritable surprise, les d\u00e9penses refl\u00e8tent les choix de l\u2019actuelle majorit\u00e9.<\/p>\n<p class=\"fs-5 \">\u00ab\u00a0La priorit\u00e9 des priorit\u00e9s, ce sont les \u00e9coles, rappelle le premier magistrat. On s\u2019est engag\u00e9 \u00e0 r\u00e9aliser des travaux lors de chaque vacances scolaires\u00a0; si on ne provisionne pas les fonds, on ne pourra pas les faire. <\/p>\n<p class=\"fs-5 \">Entre autres, il s\u2019agit de r\u00e9nover et de pr\u00e9voir les coups de chaleur en \u00e9t\u00e9, avec l\u2019installation de brasseurs d\u2019air, la pose de filtres anti-UV sur les vitres, des plantations,\u00a0etc.\u00a0\u00bb.<\/p>\n<p class=\"fs-5 \">Ce sont ainsi 338 000 euros qui sont d\u00e9bloqu\u00e9s pour les interventions dans les \u00e9tablissements scolaires, notamment dans les maternelles Brassens, Collines de Tamaris, C\u00e9dric de Pierrepont, Victor Hugo et Edouard Vaillant.<\/p>\n<p class=\"fs-5 \">La mise en conformit\u00e9 de la chaufferie de plusieurs \u00e9coles est \u00e9galement programm\u00e9e. De plus, 60 000 euros sont d\u00e9di\u00e9s \u00e0 la r\u00e9novation \u00e9nerg\u00e9tique de ces \u00e9tablissements.<\/p>\n<p>                                                                                Achat de nouvelles cam\u00e9ras<\/p>\n<p class=\"fs-5 \">\u00ab\u00a0Apr\u00e8s les \u00e9coles, reprend le maire, l\u2019autre priorit\u00e9, ce sont les \u00e9quipements sportifs\u00a0\u00bb.<\/p>\n<p class=\"fs-5 \">137 000 euros sont ainsi consacr\u00e9s \u00e0 des interventions sur la quasi-totalit\u00e9 des sites sportifs. \u00ab\u00a0Il s\u2019agit de travaux d\u2019urgence pour permettre la continuit\u00e9 des activit\u00e9s sur les sites, ainsi que des travaux de mises aux normes\u00a0\u00bb, pr\u00e9cise-t-on en mairie.<\/p>\n<p class=\"fs-5 \">En outre, 76 000 euros sont d\u00e9volus \u00e0 la poursuite des travaux de r\u00e9novation du complexe Scaglia.<\/p>\n<p class=\"fs-5 \">Parmi les autres d\u00e9penses engag\u00e9es hier, 55 000 euros vont financer des r\u00e9parations sur les \u00e9quipements culturels. 40 000 euros sont d\u00e9di\u00e9s \u00e0 l\u2019acquisition de nouvelles cam\u00e9ras de vid\u00e9oprotection. Enfin, notons que 40 000 euros vont permettre l\u2019entretien des espaces verts.<\/p>\n<p>                                                                                Le RN vote contre<\/p>\n<p class=\"fs-5 \">Dans une longue d\u00e9claration, <a href=\"https:\/\/www.nicematin.com\/societe\/politique\/municipales-2026\/ils-ne-sont-pas-prets-pour-ce-qui-arrive-la-permanence-de-dorian-munoz-inauguree-en-presence-de-figures-du-rn-a-la-seyne-10660909\" target=\"_blank\" rel=\"noopener\">Dorian Munoz<\/a> a expliqu\u00e9 pourquoi lui et sa colisti\u00e8re Isabelle Delyon ont vot\u00e9 contre l\u2019engagement des cr\u00e9dits d\u2019investissement.<\/p>\n<p class=\"fs-5 \">Et ce alors que les autres groupes d\u2019opposition se sont simplement abstenus.<\/p>\n<p class=\"fs-5 \">\u00ab\u00a0Il nous est demand\u00e9, a justifi\u00e9 l\u2019\u00e9lu <strong>RN<\/strong>, d\u2019anticiper et d\u2019engager des d\u00e9penses sans vision financi\u00e8re consolid\u00e9e, sans trajectoire de d\u00e9sendettement clairement d\u00e9finie, et sans hi\u00e9rarchisation strat\u00e9gique des priorit\u00e9s d\u2019investissement\u00a0\u00bb (\u2026).<\/p>\n<p class=\"fs-5 \">Notre choix est donc un vote de responsabilit\u00e9 qui traduit notre refus d\u2019engager la Ville dans des choix financiers lourds, sans cap clairement assum\u00e9, sans transparence suffisante, et sans s\u00e9curisation de l\u2019avenir budg\u00e9taire de notre commune\u00a0\u00bb.<\/p>\n<p>                                                                                Qui renseigne Mme Bicais\u00a0?<\/p>\n<p class=\"fs-5 \">Lors du vote de ce texte, l\u2019opposant <strong>Damien Guttierez<\/strong> a not\u00e9 que 5 000 euros sont attribu\u00e9s au projet de<a href=\"https:\/\/www.nicematin.com\/societe\/urbanisme\/l-appel-a-projets-est-lance-pour-amenager-et-magnifier-l-atelier-mecanique-de-la-seyne-920379\" target=\"_blank\" rel=\"noopener\"> Cit\u00e9 Bleue dans l\u2019ex-Atelier m\u00e9canique<\/a>.<\/p>\n<p class=\"fs-5 \">\u00ab\u00a0A ce propos, a-t-il d\u00e9clar\u00e9, nous avons \u00e9t\u00e9 interpell\u00e9s par une vid\u00e9o post\u00e9e par Mme Bicais qui \u00e9voque le laur\u00e9at de l\u2019appel \u00e0 projets lanc\u00e9 par la Ville pour ce projet de Cit\u00e9 Bleue. Qui renseigne Mme Bicais\u00a0? Comment peut-elle avoir des informations sur ce sujet alors que, nous, \u00e9lus, ne sommes pas inform\u00e9s\u00a0? \u00a0\u00bb, a-t-il demand\u00e9.<\/p>\n<p class=\"fs-5 \">Jo Minniti a simplement r\u00e9pondu que \u00ab\u00a0les propos de <strong>Mme Bicais<\/strong> lui appartiennent. Elle ne m\u2019informe pas de ce qu\u2019elle souhaite dire ou publier sur les r\u00e9seaux. Je ne peux pas vous apporter de pr\u00e9cisions\u00a0\u00bb.<\/p>\n<p class=\"fs-5 \">Dans la foul\u00e9e, <strong>Christian Dupla<\/strong>, adjoint d\u00e9l\u00e9gu\u00e9 \u00e0 l\u2019urbanisme (1) a, lui, r\u00e9pondu sur un tout autre ton \u00e0 Damien Guttierez\u00a0: \u00ab\u00a0Je trouve abject et \u00e9pouvantable cet harc\u00e8lement permanent \u00e0 l\u2019encontre de Mme Bicais. Elle fait et dit ce qu\u2019elle veut. Foutez-lui la paix\u00a0; \u00e7a suffit\u00a0!\u00a0\u00bb.<\/p>\n<p class=\"fs-5 \">\u00c0 noter par ailleurs que le laur\u00e9at de l\u2019appel \u00e0 projet lanc\u00e9 par la Ville doit pr\u00e9senter, ce mercredi \u00e0 la presse, son projet pour l\u2019Atelier m\u00e9canique.<\/p>\n<p class=\"fs-5 \">1. Christian Dupla est aussi l\u2019ex-mari de Nathalie Bicais.<\/p>\n","protected":false},"excerpt":{"rendered":"Comme il en est d\u2019usage, le conseil municipal, r\u00e9uni ce mardi apr\u00e8s-midi, a valid\u00e9 l\u2019engagement de cr\u00e9dits d\u2019investissement&hellip;\n","protected":false},"author":2,"featured_media":665536,"comment_status":"","ping_status":"","sticky":false,"template":"","format":"standard","meta":{"footnotes":""},"categories":[9619],"tags":[1111,11,1777,674,1011,27,12,882,25,2310],"class_list":{"0":"post-665535","1":"post","2":"type-post","3":"status-publish","4":"format-standard","5":"has-post-thumbnail","7":"category-toulon","8":"tag-actu","9":"tag-actualites","10":"tag-eu","11":"tag-europe","12":"tag-fr","13":"tag-france","14":"tag-news","15":"tag-provence-alpes-cote-dazur","16":"tag-republique-francaise","17":"tag-toulon"},"share_on_mastodon":{"url":"https:\/\/pubeurope.com\/@fr\/115899661314817028","error":""},"_links":{"self":[{"href":"https:\/\/www.europesays.com\/fr\/wp-json\/wp\/v2\/posts\/665535","targetHints":{"allow":["GET"]}}],"collection":[{"href":"https:\/\/www.europesays.com\/fr\/wp-json\/wp\/v2\/posts"}],"about":[{"href":"https:\/\/www.europesays.com\/fr\/wp-json\/wp\/v2\/types\/post"}],"author":[{"embeddable":true,"href":"https:\/\/www.europesays.com\/fr\/wp-json\/wp\/v2\/users\/2"}],"replies":[{"embeddable":true,"href":"https:\/\/www.europesays.com\/fr\/wp-json\/wp\/v2\/comments?post=665535"}],"version-history":[{"count":0,"href":"https:\/\/www.europesays.com\/fr\/wp-json\/wp\/v2\/posts\/665535\/revisions"}],"wp:featuredmedia":[{"embeddable":true,"href":"https:\/\/www.europesays.com\/fr\/wp-json\/wp\/v2\/media\/665536"}],"wp:attachment":[{"href":"https:\/\/www.europesays.com\/fr\/wp-json\/wp\/v2\/media?parent=665535"}],"wp:term":[{"taxonomy":"category","embeddable":true,"href":"https:\/\/www.europesays.com\/fr\/wp-json\/wp\/v2\/categories?post=665535"},{"taxonomy":"post_tag","embeddable":true,"href":"https:\/\/www.europesays.com\/fr\/wp-json\/wp\/v2\/tags?post=665535"}],"curies":[{"name":"wp","href":"https:\/\/api.w.org\/{rel}","templated":true}]}}