{"id":665537,"date":"2026-01-15T14:47:13","date_gmt":"2026-01-15T14:47:13","guid":{"rendered":"https:\/\/www.europesays.com\/fr\/665537\/"},"modified":"2026-01-15T14:47:13","modified_gmt":"2026-01-15T14:47:13","slug":"infirmerie-le-point-sur-les-blesses-avant-gloucester-toulon","status":"publish","type":"post","link":"https:\/\/www.europesays.com\/fr\/665537\/","title":{"rendered":"Infirmerie : le point sur les bless\u00e9s avant Gloucester &#8211; Toulon !"},"content":{"rendered":"<p>Avant la rencontre face au <strong>Gloucester Rugby<\/strong> ce samedi (21h), <strong>Pierre Mignoni\u00a0<\/strong>a fait le point en conf\u00e9rence de presse sur les\u00a0<strong>absents\u00a0<\/strong>dans l\u2019effectif<strong>\u00a0Rouge &amp; Noir<\/strong>.<\/p>\n<ul>\n<li><b>Gabin Villi\u00e8re, Beka Gigashvili, Mikheili Shioshvili<\/b> <strong>et<\/strong> <strong>Gianmarco Lucchesi <\/strong>reprendront l\u2019entrainement collectif la semaine prochaine.<\/li>\n<li><b>Ma\u2019a Nonu <\/b>est touch\u00e9 \u00e0 un pied est forfait pour ce week-end.<\/li>\n<li><strong>Mathieu Sma\u00efli<\/strong>, touch\u00e9 au genou la semaine derni\u00e8re reste indisponible ce week-end.\u00a0<\/li>\n<li><strong>Melvyn Jaminet<\/strong> et <b>Nikoloz Narmania <\/b>sont en reprise de course.<\/li>\n<li><strong>Antoine Frisch<\/strong> reprise esp\u00e9r\u00e9 fin f\u00e9vrier.<\/li>\n<li><strong>Matthias Halagahu<\/strong> s\u2019est fait op\u00e9rer du pied et sera indisponible pendant plusieurs mois.<\/li>\n<li><strong>Patrick Tuifua<\/strong>, toujours touch\u00e9 au genou sera absent pendant 8 mois.<\/li>\n<li><b>Swan Rebbadj<\/b> a \u00e9t\u00e9 op\u00e9r\u00e9 des ligaments. Absent pendant 9 mois.<\/li>\n<li><b>Jo\u00e9 Quere Karaba<\/b> a \u00e9t\u00e9 op\u00e9r\u00e9 du ligament externe. Absent 4 \u00e0 5 mois.<\/li>\n<\/ul>\n<p>Nous souhaitons un\u00a0<strong>bon et prompt<\/strong>\u00a0<strong>r\u00e9tablissement<\/strong>\u00a0\u00e0 l\u2019ensemble de nos joueurs actuellement indisponibles !<\/p>\n","protected":false},"excerpt":{"rendered":"Avant la rencontre face au Gloucester Rugby ce samedi (21h), Pierre Mignoni\u00a0a fait le point en conf\u00e9rence de&hellip;\n","protected":false},"author":2,"featured_media":665538,"comment_status":"","ping_status":"","sticky":false,"template":"","format":"standard","meta":{"footnotes":""},"categories":[9619],"tags":[1111,11,1777,674,1011,27,12,882,25,2310],"class_list":{"0":"post-665537","1":"post","2":"type-post","3":"status-publish","4":"format-standard","5":"has-post-thumbnail","7":"category-toulon","8":"tag-actu","9":"tag-actualites","10":"tag-eu","11":"tag-europe","12":"tag-fr","13":"tag-france","14":"tag-news","15":"tag-provence-alpes-cote-dazur","16":"tag-republique-francaise","17":"tag-toulon"},"share_on_mastodon":{"url":"https:\/\/pubeurope.com\/@fr\/115899665162974681","error":""},"_links":{"self":[{"href":"https:\/\/www.europesays.com\/fr\/wp-json\/wp\/v2\/posts\/665537","targetHints":{"allow":["GET"]}}],"collection":[{"href":"https:\/\/www.europesays.com\/fr\/wp-json\/wp\/v2\/posts"}],"about":[{"href":"https:\/\/www.europesays.com\/fr\/wp-json\/wp\/v2\/types\/post"}],"author":[{"embeddable":true,"href":"https:\/\/www.europesays.com\/fr\/wp-json\/wp\/v2\/users\/2"}],"replies":[{"embeddable":true,"href":"https:\/\/www.europesays.com\/fr\/wp-json\/wp\/v2\/comments?post=665537"}],"version-history":[{"count":0,"href":"https:\/\/www.europesays.com\/fr\/wp-json\/wp\/v2\/posts\/665537\/revisions"}],"wp:featuredmedia":[{"embeddable":true,"href":"https:\/\/www.europesays.com\/fr\/wp-json\/wp\/v2\/media\/665538"}],"wp:attachment":[{"href":"https:\/\/www.europesays.com\/fr\/wp-json\/wp\/v2\/media?parent=665537"}],"wp:term":[{"taxonomy":"category","embeddable":true,"href":"https:\/\/www.europesays.com\/fr\/wp-json\/wp\/v2\/categories?post=665537"},{"taxonomy":"post_tag","embeddable":true,"href":"https:\/\/www.europesays.com\/fr\/wp-json\/wp\/v2\/tags?post=665537"}],"curies":[{"name":"wp","href":"https:\/\/api.w.org\/{rel}","templated":true}]}}