{"id":665539,"date":"2026-01-15T14:48:30","date_gmt":"2026-01-15T14:48:30","guid":{"rendered":"https:\/\/www.europesays.com\/fr\/665539\/"},"modified":"2026-01-15T14:48:30","modified_gmt":"2026-01-15T14:48:30","slug":"ode-a-la-mer-est-en-desherence-depuis-plus-de-dix-ans-le-maire-de-perols-met-la-pression-pour-la-reconversion-du-fenouillet","status":"publish","type":"post","link":"https:\/\/www.europesays.com\/fr\/665539\/","title":{"rendered":"\u00ab\u00a0Ode \u00e0 la Mer est en d\u00e9sh\u00e9rence depuis plus de dix ans\u00a0\u00bb\u00a0: le maire de P\u00e9rols met la pression pour la reconversion du Fenouillet"},"content":{"rendered":"<p>\n                                                                Jean-Pierre Rico, maire de P\u00e9rols, veut des r\u00e9ponses sur l\u2019avenir de cette Zac en zone inondable et avance les d\u00e9tails de son projet. Le directeur d\u2019Altemed r\u00e9pond aux inqui\u00e9tudes.\n                            <\/p>\n<p>\u00c0 P\u00e9rols, le dossier du Fenouillet s\u2019\u00e9ternise et la tension monte. Face \u00e0 la col\u00e8re persistante de certains commer\u00e7ants, toujours sans visibilit\u00e9 sur leur relocalisation ni sur le montant des indemnisations, le maire Jean-Pierre Rico d\u00e9cide de hausser le ton. Il organise ce mercredi 14\u00a0janvier une r\u00e9union publique (*) afin de \u00ab\u00a0mettre l\u2019am\u00e9nageur m\u00e9tropolitain, la SA3M (Altemed), devant ses responsabilit\u00e9s\u00a0\u00bb. Pointant un projet Ode \u00e0 la Mer \u00ab\u00a0en d\u00e9sh\u00e9rence depuis plus de dix ans\u00a0\u00bb, l\u2019\u00e9dile annonce vouloir mettre en demeure la M\u00e9tropole de Montpellier de pr\u00e9senter un \u00e9ch\u00e9ancier pr\u00e9cis pour redonner de la lisibilit\u00e9 \u00e0 l\u2019avenir du site.<\/p>\n<p>Entour\u00e9 d\u2019avocats et en associant les commer\u00e7ants \u00e0 la d\u00e9marche, il d\u00e9nonce l\u2019absence de solutions concr\u00e8tes et l\u2019abandon successif de projets structurants tels que Shopping Promenade ou le stade de football Louis-Nicollin, qui, selon lui, auraient permis de pr\u00e9server activit\u00e9 \u00e9conomique et emplois. Oppos\u00e9 \u00e0 une mono-activit\u00e9 autour du futur centre de maintenance de tramway de la TaM, le troisi\u00e8me du genre sur la M\u00e9tropole et projet\u00e9 par l\u2019intercommunalit\u00e9, le maire plaide pour un projet mixte associant parc public, commerces et activit\u00e9s de loisirs, ainsi qu\u2019un site pouvant accueillir du stationnement pour bus et tram\u00a0: \u00ab\u00a0Cela a du sens avec la future liaison de la ligne 3 de tramway vers l\u2019a\u00e9roport\u00a0\u00bb, conc\u00e8de-t-il.<\/p>\n<p>Jean-Pierre Rico n\u2019exclut pas, \u00e0 terme, son v\u0153u d\u2019implanter un casino sur le site reconverti, \u00ab\u00a0un dossier toujours d\u2019actualit\u00e9\u00a0\u00bb, assure-t-il, conditionn\u00e9 \u00e0 l\u2019issue des prochaines \u00e9lections municipales\u00a0: \u00ab\u00a0Si je suis r\u00e9\u00e9lu, j\u2019irai d\u00e9fendre ce projet aupr\u00e8s du ministre de l\u2019Int\u00e9rieur.\u00a0\u00bb<\/p>\n<p>\u00a0<\/p>\n<p>    \u00ab\u00a0\u202fOn travaille au cas par cas\u00a0\u00bb<\/p>\n<p>Pour C\u00e9dric Grail, directeur g\u00e9n\u00e9ral d\u2019Altemed, l\u2019am\u00e9nageur de la M\u00e9tropole, le travail consiste \u00e0 relocaliser les enseignes sur la zone dite \u00ab\u00a0Fenouillet rouge\u00a0\u00bb, compos\u00e9e de deux tiers de terrains inondables et d\u2019un tiers constructible. \u00ab\u00a0On accompagne les commer\u00e7ants au cas par cas, c\u2019est de la haute couture, on est actif\u00a0\u00bb, explique-t-il. Sur les 50 commerces initiaux, 40 ont \u00e9t\u00e9 rachet\u00e9s. 17 locaux sont vacants\u00a0: \u00ab\u00a0Chaque fois que nous pouvons acqu\u00e9rir, nous d\u00e9molissons\u00a0: deux en 2025, sept en 2026, le reste d\u00e9pendra des n\u00e9gociations en cours\u00a0\u00bb.<\/p>\n<p>L\u2019objectif \u00e0 long terme est de \u00ab\u00a0renaturer deux tiers du Fenouillet rouge\u00a0\u00bb. Quant au projet multi-activit\u00e9s, incluant commerces et un futur casino au-dessus du centre de maintenance du tramway, il est soutenu par Altemed, mais \u00ab\u00a0ce sera un programme complexe sur plusieurs ann\u00e9es\u00a0\u00bb. Selon C\u00e9dric Grail, \u00ab\u00a0je comprends l\u2019impatience du maire, mais ce n\u2019est pas de la magie, cela prend du temps\u00a0\u00bb. En attendant, l\u2019am\u00e9nageur assure travailler \u00ab\u00a0avec s\u00e9rieux\u00a0\u00bb pour trouver des solutions amiables et durables.<\/p>\n<p>L\u2019incompr\u00e9hension de certains commer\u00e7ants toujours sans solutions<\/p>\n<p>Sur le terrain, la col\u00e8re et l\u2019incompr\u00e9hension demeurent parmi certains commer\u00e7ants sans solutions. \u00c0 l\u2019image de Caroline Catalan, patronne du restaurant La Prose D\u00e9jeuner, qui alerte sur les cons\u00e9quences humaines et \u00e9conomiques d\u2019un projet ayant fig\u00e9 toute perspective\u00a0: impossibilit\u00e9 d\u2019investir, de transmettre les fonds et, \u00e0 terme, commerces devenus \u00ab\u00a0invendables\u00a0\u00bb. Les solutions avanc\u00e9es sont jug\u00e9es irr\u00e9alistes\u00a0: loyers multipli\u00e9s par quatre, emplacements sans parking, absence d\u2019indemnisation. \u00ab\u00a0Il s\u2019agit d\u2019un d\u00e9placement forc\u00e9, \u00e9conomiquement intenable\u00a0\u00bb, r\u00e9sume-t-elle, d\u00e9non\u00e7ant un dialogue inexistant et des engagements \u00ab\u00a0flous puis retir\u00e9s\u00a0\u00bb. Son \u00e9tablissement doit fermer le 30\u00a0janvier, mettant en p\u00e9ril huit emplois.<\/p>\n<p>L\u2019inqui\u00e9tude gagne d\u2019autres enseignes. L\u2019exploitant de BoConcept \u00e9voque une chute continue de chiffre d\u2019affaires dans une zone qu\u2019il estime \u00ab\u00a0en cours de destruction\u00a0\u00bb et redoute une liquidation imminente, malgr\u00e9 un bail courant jusqu\u2019en 2028. Tous d\u00e9noncent une situation qui d\u00e9passe d\u00e9sormais le seul cadre \u00e9conomique. D\u00e9sormais, tous veulent des r\u00e9ponses concr\u00e8tes\u00a0: \u00ab\u00a0On n\u2019en peut plus, c\u2019est tr\u00e8s dur ce qu\u2019ils nous font subir\u00a0\u00bb, dit avec d\u00e9sespoir Caroline Catalan. Et compte sur Jean-Pierre Rico pour maintenir la pression.<\/p>\n<p>(*) La r\u00e9union publique a lieu ce mercredi 14\u00a0janvier \u00e0 19\u00a0h \u00e0 l\u2019Eurotel, dans la zone commerciale du Fenouillet \u00e0 P\u00e9rols.<\/p>\n","protected":false},"excerpt":{"rendered":"Jean-Pierre Rico, maire de P\u00e9rols, veut des r\u00e9ponses sur l\u2019avenir de cette Zac en zone inondable et avance&hellip;\n","protected":false},"author":2,"featured_media":665540,"comment_status":"","ping_status":"","sticky":false,"template":"","format":"standard","meta":{"footnotes":""},"categories":[9599],"tags":[1111,11,215,33,1777,674,1011,27,7089,2208,12,2680,25],"class_list":{"0":"post-665539","1":"post","2":"type-post","3":"status-publish","4":"format-standard","5":"has-post-thumbnail","7":"category-montpellier","8":"tag-actu","9":"tag-actualites","10":"tag-commerce","11":"tag-economie","12":"tag-eu","13":"tag-europe","14":"tag-fr","15":"tag-france","16":"tag-herault","17":"tag-montpellier","18":"tag-news","19":"tag-occitanie","20":"tag-republique-francaise"},"share_on_mastodon":{"url":"https:\/\/pubeurope.com\/@fr\/115899669097276448","error":""},"_links":{"self":[{"href":"https:\/\/www.europesays.com\/fr\/wp-json\/wp\/v2\/posts\/665539","targetHints":{"allow":["GET"]}}],"collection":[{"href":"https:\/\/www.europesays.com\/fr\/wp-json\/wp\/v2\/posts"}],"about":[{"href":"https:\/\/www.europesays.com\/fr\/wp-json\/wp\/v2\/types\/post"}],"author":[{"embeddable":true,"href":"https:\/\/www.europesays.com\/fr\/wp-json\/wp\/v2\/users\/2"}],"replies":[{"embeddable":true,"href":"https:\/\/www.europesays.com\/fr\/wp-json\/wp\/v2\/comments?post=665539"}],"version-history":[{"count":0,"href":"https:\/\/www.europesays.com\/fr\/wp-json\/wp\/v2\/posts\/665539\/revisions"}],"wp:featuredmedia":[{"embeddable":true,"href":"https:\/\/www.europesays.com\/fr\/wp-json\/wp\/v2\/media\/665540"}],"wp:attachment":[{"href":"https:\/\/www.europesays.com\/fr\/wp-json\/wp\/v2\/media?parent=665539"}],"wp:term":[{"taxonomy":"category","embeddable":true,"href":"https:\/\/www.europesays.com\/fr\/wp-json\/wp\/v2\/categories?post=665539"},{"taxonomy":"post_tag","embeddable":true,"href":"https:\/\/www.europesays.com\/fr\/wp-json\/wp\/v2\/tags?post=665539"}],"curies":[{"name":"wp","href":"https:\/\/api.w.org\/{rel}","templated":true}]}}