{"id":665565,"date":"2026-01-15T15:01:14","date_gmt":"2026-01-15T15:01:14","guid":{"rendered":"https:\/\/www.europesays.com\/fr\/665565\/"},"modified":"2026-01-15T15:01:14","modified_gmt":"2026-01-15T15:01:14","slug":"une-nouvelle-destination-vers-le-sud-de-leurope-et-le-soleil","status":"publish","type":"post","link":"https:\/\/www.europesays.com\/fr\/665565\/","title":{"rendered":"une nouvelle destination vers le sud de l&rsquo;Europe et le soleil"},"content":{"rendered":"<p>                    Par<br \/>\n        <strong><br \/>\n            <a href=\"https:\/\/actu.fr\/auteur\/redaction-nantes\" title=\"Consulter tous les articles de R\u00e9daction Nantes\" target=\"_blank\" rel=\"noopener\">R\u00e9daction Nantes<\/a><br \/>\n                    <\/strong><\/p>\n<p>        Publi\u00e9 le<\/p>\n<p>            15 janv. 2026 \u00e0 15h47<br \/>\n        ; mis \u00e0 jour le 15 janv. 2026 \u00e0 15h50    <\/p>\n<p>D\u00e8s le 8 novembre 2026, les Nantais pourront voyager vers une nouvelle destination europ\u00e9enne. <b>La compagnie a\u00e9rienne Volotea<\/b> va proposer une nouvelle route en direction de l\u2019Espagne au d\u00e9part de <a href=\"https:\/\/actu.fr\/tag\/aeroport-de-nantes\" target=\"_blank\" rel=\"noopener\">l\u2019a\u00e9roport de Nantes<\/a>.\u00a0<\/p>\n<p>Direction La Palma<\/p>\n<p class=\" wall-content\">La compagnie ib\u00e9rique proposera aux Nantais de voyager \u00e0 destination <b>La Palma<\/b>, dans les Iles Canaries. Surnomm\u00e9e La Isla Bonita (la belle \u00eele), La Palma compte des\u00a0paysages volcaniques spectaculaires, des for\u00eats de lauriers subtropicales, class\u00e9es au Patrimoine mondial de l\u2019UNESCO, et des plages de sable noir.<\/p>\n<p class=\" wall-content\">Un vol sera propos\u00e9<b> chaque dimanche<\/b>, au d\u00e9part de l\u2019a\u00e9roport de Nantes. Avec La Palma, Volotea op\u00e8re <b>11 routes<\/b> ( Alicante, Barcelone, Grande Canarie, Fuerteventura, Madrid, Lanzarote, M\u00e1laga, Minorque, Palma de Majorque, Tenerife Sud et Grenade) entre la cit\u00e9 des ducs de Bretagne et la P\u00e9ninsule ib\u00e9rique.\u00a0<\/p>\n<p class=\" wall-content\">Personnalisez votre actualit\u00e9 en ajoutant vos villes et m\u00e9dias en favori avec <a href=\"https:\/\/moncompte.actu.fr\" title=\"D\u00e9couvez Mon Actu\" rel=\"nofollow noopener\" data-trk=\"{&quot;cta&quot;:{&quot;action&quot;:&quot;https:\\\/\\\/moncompte.actu.fr&quot;,&quot;category&quot;:&quot;mon compte&quot;,&quot;from&quot;:&quot;article footer&quot;,&quot;name&quot;:&quot;Mon actu&quot;,&quot;type&quot;:&quot;cta&quot;}}\" target=\"_blank\">Mon Actu<\/a>.<\/p>\n","protected":false},"excerpt":{"rendered":"Par R\u00e9daction Nantes Publi\u00e9 le 15 janv. 2026 \u00e0 15h47 ; mis \u00e0 jour le 15 janv. 2026&hellip;\n","protected":false},"author":2,"featured_media":665566,"comment_status":"","ping_status":"","sticky":false,"template":"","format":"standard","meta":{"footnotes":""},"categories":[2818],"tags":[1111,11,754,1777,674,1011,27,1305,766,755,12,2636,25,586],"class_list":{"0":"post-665565","1":"post","2":"type-post","3":"status-publish","4":"format-standard","5":"has-post-thumbnail","7":"category-nantes","8":"tag-actu","9":"tag-actualites","10":"tag-aeroport-de-nantes","11":"tag-eu","12":"tag-europe","13":"tag-fr","14":"tag-france","15":"tag-lifestyle","16":"tag-nantes","17":"tag-nantes-atlantique-aeroport","18":"tag-news","19":"tag-pays-de-la-loire","20":"tag-republique-francaise","21":"tag-voyage"},"share_on_mastodon":{"url":"https:\/\/pubeurope.com\/@fr\/115899720317813131","error":""},"_links":{"self":[{"href":"https:\/\/www.europesays.com\/fr\/wp-json\/wp\/v2\/posts\/665565","targetHints":{"allow":["GET"]}}],"collection":[{"href":"https:\/\/www.europesays.com\/fr\/wp-json\/wp\/v2\/posts"}],"about":[{"href":"https:\/\/www.europesays.com\/fr\/wp-json\/wp\/v2\/types\/post"}],"author":[{"embeddable":true,"href":"https:\/\/www.europesays.com\/fr\/wp-json\/wp\/v2\/users\/2"}],"replies":[{"embeddable":true,"href":"https:\/\/www.europesays.com\/fr\/wp-json\/wp\/v2\/comments?post=665565"}],"version-history":[{"count":0,"href":"https:\/\/www.europesays.com\/fr\/wp-json\/wp\/v2\/posts\/665565\/revisions"}],"wp:featuredmedia":[{"embeddable":true,"href":"https:\/\/www.europesays.com\/fr\/wp-json\/wp\/v2\/media\/665566"}],"wp:attachment":[{"href":"https:\/\/www.europesays.com\/fr\/wp-json\/wp\/v2\/media?parent=665565"}],"wp:term":[{"taxonomy":"category","embeddable":true,"href":"https:\/\/www.europesays.com\/fr\/wp-json\/wp\/v2\/categories?post=665565"},{"taxonomy":"post_tag","embeddable":true,"href":"https:\/\/www.europesays.com\/fr\/wp-json\/wp\/v2\/tags?post=665565"}],"curies":[{"name":"wp","href":"https:\/\/api.w.org\/{rel}","templated":true}]}}