{"id":665575,"date":"2026-01-15T15:07:10","date_gmt":"2026-01-15T15:07:10","guid":{"rendered":"https:\/\/www.europesays.com\/fr\/665575\/"},"modified":"2026-01-15T15:07:10","modified_gmt":"2026-01-15T15:07:10","slug":"habitat-seniors-lequel-est-fait-pour-vous-actualites","status":"publish","type":"post","link":"https:\/\/www.europesays.com\/fr\/665575\/","title":{"rendered":"Habitat seniors : lequel est fait pour vous ? \/ Actualit\u00e9s"},"content":{"rendered":"<p>Rester chez soi le plus longtemps possible, oui\u2026 mais dans quelles conditions ? Avec l\u2019avanc\u00e9e en \u00e2ge, le logement peut devenir source d\u2019inqui\u00e9tudes, voire de renoncements. Par manque d\u2019information ou par crainte de l\u2019EHPAD, beaucoup de seniors repoussent la r\u00e9flexion.<\/p>\n<p>Pour ouvrir le dialogue et faire conna\u00eetre les alternatives existantes, la Ville de Lille organise <strong>un rendez-vous sur l\u2019habitat des seniors<\/strong>, un temps pour s\u2019informer, \u00e9changer et, surtout,\u00a0se donner les moyens de bien vieillir chez soi ou ailleurs, en toute s\u00e9r\u00e9nit\u00e9.<\/p>\n<p><strong>Destin\u00e9 aux\u00a0personnes de plus de 60 ans de Lille, Hellemmes et Lomme<\/strong>, cet <strong>\u00e9v\u00e9nement gratuit<\/strong> (sur inscription pour la pi\u00e8ce de th\u00e9\u00e2tre) vise \u00e0 accompagner les seniors dans l\u2019anticipation de leur parcours r\u00e9sidentiel. Car entre le maintien \u00e0 domicile \u00ab co\u00fbte que co\u00fbte\u00bb et l\u2019h\u00e9bergement institutionnel, il existe aujourd\u2019hui une large palette de solutions souvent m\u00e9connues :\u00a0adaptation du logement, r\u00e9sidences autonomie, habitats inclusifs, colocation interg\u00e9n\u00e9rationnelle, habitat participatif, ou encore les logements\u00a0Octave, pens\u00e9s pour le vieillissement.<\/p>\n<p><strong>Informer pour \u00e9viter les d\u00e9cisions dans l\u2019urgence<\/strong><\/p>\n<p>Ce forum s\u2019inscrit dans le cadre du\u00a0<strong>plan Ville Amie des A\u00een\u00e9s (VADA)\u00a0de Lille<\/strong>, qui fait du confort et de la s\u00e9curit\u00e9 \u00e0 domicile un axe important.\u00a0Le diagnostic men\u00e9 dans ce cadre a mis en lumi\u00e8re plusieurs constats : la peur de quitter son logement, la m\u00e9connaissance des dispositifs d\u2019aide \u00e0 l\u2019adaptation de l\u2019habitat (comme la Maison Lill\u2019\u00c2ges situ\u00e9e \u00e0 Lille-Moulins), mais aussi un manque d\u2019anticipation pouvant conduire \u00e0 des choix difficiles pris dans l\u2019urgence, parfois apr\u00e8s un accident ou une perte de revenus.<\/p>\n<p>Pour r\u00e9pondre \u00e0 ces enjeux, une\u00a0<strong>vingtaine de partenaires\u00a0seront pr\u00e9sents<\/strong> tout au long de l\u2019apr\u00e8s-midi : bailleurs sociaux, r\u00e9sidences seniors, services municipaux, associations sp\u00e9cialis\u00e9es, structures d\u2019habitat inclusif ou interg\u00e9n\u00e9rationnel. Le\u00a0truck SOLIHA, v\u00e9ritable maison mobile, permettra de d\u00e9couvrir concr\u00e8tement les am\u00e9nagements possibles pour s\u00e9curiser son logement.<\/p>\n<p><strong>Les partenaires pr\u00e9sents\u00a0<\/strong><\/p>\n<p>Temps de vie, Domitys, Ferron Vrau, MEL, D\u00e9partement du Nord service habitat inclusif et service accueil familial, Habitat participatif en Nord, EHPAD et r\u00e9sidence seniors du CCAS de Lille, Direction Personnes \u00c2g\u00e9es de la Ville (CLIC seniors &#8211; relais autonomie et Pass Seniors), Direction Habitat de la Ville, Maison Lill\u2019\u00c2ges, SOLIHA, LMH, KAWAA, Assurance VYV, G\u00e9n\u00e9ration et culture, Ensemble 2 g\u00e9n\u00e9rations.<\/p>\n<p><strong>Th\u00e9\u00e2tre, \u00e9changes et convivialit\u00e9<\/strong><\/p>\n<p>La demi-journ\u00e9e d\u00e9butera \u00e0\u00a014h\u00a0par une\u00a0pi\u00e8ce de th\u00e9\u00e2tre de la Compagnie La Belle Histoire\u00a0(ouverture des portes \u00e0 13h30)\u00a0suivie d\u2019un temps d\u2019\u00e9changes avec le public.<\/p>\n<p>\u00c0 partir de\u00a015h30, les stands ouvriront leurs portes pour permettre \u00e0 chacun de poser ses questions, comparer les solutions et rencontrer les professionnels. Un moment convivial autour d\u2019un go\u00fbter viendra clore l\u2019apr\u00e8s-midi.<\/p>\n<p><strong>Par Sabine Duez<\/strong><\/p>\n<p>. Rendez-vous Habitat seniors\u00a0: mercredi 4 f\u00e9vrier 2026 de 13h30 \u00e0 17h30 \u00e0 la salle du Gymnase, 7 place S\u00e9bastopol (m\u00e9tro R\u00e9publique \u2013 Beaux-Arts).<\/p>\n<p>Entr\u00e9e gratuite. La pi\u00e8ce de th\u00e9\u00e2tre\u00a0est\u00a0sur inscription (obligatoire\u00a0<a href=\"https:\/\/secure-web.cisco.com\/1gkdeCmnKfMCYc4U5X_Zvh2eHUxLZ749RsDSjARSspm8S_5ovauehZ3Z7AJeCY62INBU-2abkfP6Ryk0-Mxj3IUMEAAQTPnrj_eDln-EDrvV2fMT74ZBa05Osfn3quuCRY67VpmvxLGVjwyY5ib3Jhb2gxutM3o35psbCVqP7exRKHX6wBZTJSzVOujNajl9B28rAM6_uxfGo55pj0rdNt6c4-DVSzpyLNBwo_7sEIqV1Z0k8daUu7gqLM3u1Uq9SwbAosMjND32p9Qcpyg8ETUjxTylndVWnu1Of3hM9UI9_HlqgKbrh18s088eurMAmYwxcky26M9jii_K0TYf06w\/https%3A%2F%2Feye.infolettre.lille.fr%2Fc%3Fp%3DwAbNCO7DxBBl-NCTSQvQw0vQx9ClGl9E0LHQyC7Ql8QQ0KA30IHQ0dC3AEcv0IU9FdCk0LnQy9DBC9nRaHR0cHM6Ly9mb3Jtcy5vZmZpY2UuY29tL1BhZ2VzL0Rlc2lnblBhZ2VWMi5hc3B4P3ByZXZvcmlnaW49c2hlbGwmb3JpZ2luPU5lb1BvcnRhbFBhZ2Umc3VicGFnZT1kZXNpZ24maWQ9cUUtV2MxN0ctVWk4bUNJZjJlcTNlSlViT0VFcGd3eE1peUJsdEo3TE40dFVRamxMVEROQldFaEtSMEU0T0VwQ1ZFZFdRelJSTkV3MFJ5UWxRQ04wUFdjdSZ0b3B2aWV3PVByZXZpZXe4NWIzNWY5MjhiODViNTM2MDY2ZDkzMzkxuDYzMjk3OGJlNjc0YzQ0MTkzZjQ5YWE3NcC2VDdXd1N6TEpTaVN2eGxiTXJxR2pfQbdleWUuaW5mb2xldHRyZS5saWxsZS5mcsQUHmnQ19DS0LI7adCKD9C0BNCdUQ7QwEQx0L_o0Lc\" title=\"https:\/\/secure-web.cisco.com\/1gkdeCmnKfMCYc4U5X_Zvh2eHUxLZ749RsDSjARSspm8S_5ovauehZ3Z7AJeCY62INBU-2abkfP6Ryk0-Mxj3IUMEAAQTPnrj_eDln-EDrvV2fMT74ZBa05Osfn3quuCRY67VpmvxLGVjwyY5ib3Jhb2gxutM3o35psbCVqP7exRKHX6wBZTJSzVOujNajl9B28rAM6_uxfGo55pj0rdNt6c4-DVSzpyLN\" target=\"_self\" class=\"lien_interne\" rel=\"noopener\">ici<\/a>\u00a0ou au 03 20 58 00 68).<\/p>\n<p>Plus d\u2019infos\u00a0: 03 20 58 00 68.<\/p>\n<p>Pour conna\u00eetre les actions du Plan VADA\u00a0:\u00a0<a href=\"https:\/\/www.lille.fr\/Senior2\/Ville-amie-des-aines\" title=\"https:\/\/www.lille.fr\/Senior2\/Ville-amie-des-aines\" target=\"_self\" class=\"lien_interne\" rel=\"noopener\">https:\/\/www.lille.fr\/Senior2\/Ville-amie-des-aines<\/a><\/p>\n<p>\u00a0<\/p>\n","protected":false},"excerpt":{"rendered":"Rester chez soi le plus longtemps possible, oui\u2026 mais dans quelles conditions ? Avec l\u2019avanc\u00e9e en \u00e2ge, le&hellip;\n","protected":false},"author":2,"featured_media":665576,"comment_status":"","ping_status":"","sticky":false,"template":"","format":"standard","meta":{"footnotes":""},"categories":[2815],"tags":[1111,11,4763,1777,674,1011,27,811,1307,5415,12,25],"class_list":{"0":"post-665575","1":"post","2":"type-post","3":"status-publish","4":"format-standard","5":"has-post-thumbnail","7":"category-lille","8":"tag-actu","9":"tag-actualites","10":"tag-agenda","11":"tag-eu","12":"tag-europe","13":"tag-fr","14":"tag-france","15":"tag-hauts-de-france","16":"tag-lille","17":"tag-mairie","18":"tag-news","19":"tag-republique-francaise"},"share_on_mastodon":{"url":"https:\/\/pubeurope.com\/@fr\/115899743927142574","error":""},"_links":{"self":[{"href":"https:\/\/www.europesays.com\/fr\/wp-json\/wp\/v2\/posts\/665575","targetHints":{"allow":["GET"]}}],"collection":[{"href":"https:\/\/www.europesays.com\/fr\/wp-json\/wp\/v2\/posts"}],"about":[{"href":"https:\/\/www.europesays.com\/fr\/wp-json\/wp\/v2\/types\/post"}],"author":[{"embeddable":true,"href":"https:\/\/www.europesays.com\/fr\/wp-json\/wp\/v2\/users\/2"}],"replies":[{"embeddable":true,"href":"https:\/\/www.europesays.com\/fr\/wp-json\/wp\/v2\/comments?post=665575"}],"version-history":[{"count":0,"href":"https:\/\/www.europesays.com\/fr\/wp-json\/wp\/v2\/posts\/665575\/revisions"}],"wp:featuredmedia":[{"embeddable":true,"href":"https:\/\/www.europesays.com\/fr\/wp-json\/wp\/v2\/media\/665576"}],"wp:attachment":[{"href":"https:\/\/www.europesays.com\/fr\/wp-json\/wp\/v2\/media?parent=665575"}],"wp:term":[{"taxonomy":"category","embeddable":true,"href":"https:\/\/www.europesays.com\/fr\/wp-json\/wp\/v2\/categories?post=665575"},{"taxonomy":"post_tag","embeddable":true,"href":"https:\/\/www.europesays.com\/fr\/wp-json\/wp\/v2\/tags?post=665575"}],"curies":[{"name":"wp","href":"https:\/\/api.w.org\/{rel}","templated":true}]}}