{"id":66558,"date":"2025-05-01T09:22:09","date_gmt":"2025-05-01T09:22:09","guid":{"rendered":"https:\/\/www.europesays.com\/fr\/66558\/"},"modified":"2025-05-01T09:22:09","modified_gmt":"2025-05-01T09:22:09","slug":"face-au-spectre-dune-guerre-contre-la-russie-les-jeunes-polonais-prennent-les-armes","status":"publish","type":"post","link":"https:\/\/www.europesays.com\/fr\/66558\/","title":{"rendered":"Face au spectre d\u2019une guerre contre la Russie, les jeunes Polonais prennent les armes"},"content":{"rendered":"<p><strong>REPORTAGE &#8211; <\/strong>Depuis l\u2019invasion \u00e0 grande \u00e9chelle de l\u2019Ukraine voisine, les autorit\u00e9s organisent une militarisation de la soci\u00e9t\u00e9 via l\u2019arm\u00e9e, des \u00e9tablissements scolaires et des associations paramilitaires.<\/p>\n<p class=\"fig-paragraph\">La joue \u00e9cras\u00e9e par la crosse de sa carabine, Adam s\u2019appr\u00eate \u00e0 tirer, son visage poupon crisp\u00e9 par la concentration. \u00ab Tireurs pr\u00eats\u00a0! Attention&#8230; Feu\u00a0!\u00a0\u00bb, hurle l\u2019adolescent avant d\u2019appuyer sur la g\u00e2chette, imit\u00e9 par ses cinq camarades. Align\u00e9s le long du stand de tir flambant neuf aux murs nus et immacul\u00e9s, ils n\u2019ont pas eu \u00e0 quitter l\u2019enceinte de leur lyc\u00e9e pour s\u2019exercer. V\u00eatus d\u2019uniformes kaki floqu\u00e9s avec leurs noms et les embl\u00e8mes de leur \u00e9tablissement, ces \u00e9l\u00e8ves de seconde ont d\u00e9laiss\u00e9 les options latin ou th\u00e9\u00e2tre\u00a0<a href=\"http:\/\/www.lefigaro.fr\/international\/pologne-varsovie-veut-former-militairement-jusqu-a-100-000-volontaires-par-an-20250311\" target=\"_blank\" data-fig-type=\"NewsFlash\" rel=\"noopener\" data-gtm-custom-categorie=\"navigation\" data-gtm-custom-action=\"crossclick\" data-gtm-custom-label=\"Contextuel\" data-gtm-event=\"customEventSPE\" data-fig-domain=\"LEFIGARO\">pour la section \u00ab pr\u00e9paration militaire\u00a0\u00bb<\/a>, ouverte il y a deux ans.<\/p>\n<p class=\"fig-paragraph\">\u00ab Il est tr\u00e8s important pour nous d\u2019enseigner \u00e0 notre jeune g\u00e9n\u00e9ration \u00e0 quel point la d\u00e9fense de notre pays est cruciale\u00a0\u00bb, assure la proviseure Boena Krzyanowska, qui a pouss\u00e9 pour obtenir l\u2019agr\u00e9ment minist\u00e9riel permettant de proposer cette option aux \u00e9l\u00e8ves. Si depuis la rentr\u00e9e 2022, les programmes scolaires polonais incluent quelques heures d\u2019initiation au tir, le lyc\u00e9e de\u2026<\/p>\n<p class=\"fig-premium-paywall__infos\">\n        Cet article est r\u00e9serv\u00e9 aux abonn\u00e9s.        Il vous reste 90% \u00e0 d\u00e9couvrir.\n    <\/p>\n<p>                <img  data- alt=\"Le Figaro\" class=\"fig-img--complete fig-img\"\/><\/p>\n<p class=\"fig-premium-paywall__title\">Je m&rsquo;informe, je m&rsquo;inspire, je m&rsquo;abonne.<\/p>\n<p class=\"fig-premium-paywall__subtitle\">D\u00e9couvrez notre offre de bienvenue.<\/p>\n<p class=\"fig-premium-paywall__connect\">\n                D\u00e9j\u00e0 abonn\u00e9\u00a0?                <a class=\"fig-premium-paywall__connect-link\" href=\"https:\/\/connect.lefigaro.fr\/login?client=horizon_web&amp;type=main&amp;redirect_uri=https%3A%2F%2Fwww.lefigaro.fr%2Finternational%2Fface-au-spectre-d-une-guerre-contre-la-russie-les-jeunes-polonais-prennent-les-armes-20250501\" data-js-gtm=\"{&quot;customCategorie&quot;: &quot;conversion&quot;, &quot;customAction&quot;: &quot;before_Landing_Connexion_paywall_auto&quot;, &quot;customLabel&quot;: &quot;bGVmaWdhcm8uZnJfXzFmMDI1MGI2LTJlMGMtNjE1Ni05MDkzLTQxYjFkYjQ3OTI2N19fQXJ0aWNsZQ==_Face au spectre d\u2019une guerre contre la Russie, les jeunes Polonais prennent les armes_383&quot;, &quot;customIDSPE&quot;: &quot;bGVmaWdhcm8uZnJfXzFmMDI1MGI2LTJlMGMtNjE1Ni05MDkzLTQxYjFkYjQ3OTI2N19fQXJ0aWNsZQ==&quot;, &quot;event&quot;: &quot;customEventSPE&quot;}\" target=\"_blank\" rel=\"noopener\"><br \/>\n                    Connectez-vous<br \/>\n                <\/a>\n            <\/p>\n","protected":false},"excerpt":{"rendered":"REPORTAGE &#8211; Depuis l\u2019invasion \u00e0 grande \u00e9chelle de l\u2019Ukraine voisine, les autorit\u00e9s organisent une militarisation de la soci\u00e9t\u00e9&hellip;\n","protected":false},"author":2,"featured_media":66559,"comment_status":"","ping_status":"","sticky":false,"template":"","format":"standard","meta":{"footnotes":""},"categories":[5],"tags":[259,11,260,1011,27,131,14,261,12,262,2437,132,28],"class_list":{"0":"post-66558","1":"post","2":"type-post","3":"status-publish","4":"format-standard","5":"has-post-thumbnail","7":"category-international","8":"tag-actualite-internationale","9":"tag-actualites","10":"tag-affaires-etrangeres","11":"tag-fr","12":"tag-france","13":"tag-guerre-en-ukraine","14":"tag-international","15":"tag-ministere-des-affaires-etrangeres","16":"tag-news","17":"tag-politique-etrangere","18":"tag-pologne","19":"tag-russie","20":"tag-world"},"share_on_mastodon":{"url":"https:\/\/pubeurope.com\/@fr\/114431848864594053","error":""},"_links":{"self":[{"href":"https:\/\/www.europesays.com\/fr\/wp-json\/wp\/v2\/posts\/66558","targetHints":{"allow":["GET"]}}],"collection":[{"href":"https:\/\/www.europesays.com\/fr\/wp-json\/wp\/v2\/posts"}],"about":[{"href":"https:\/\/www.europesays.com\/fr\/wp-json\/wp\/v2\/types\/post"}],"author":[{"embeddable":true,"href":"https:\/\/www.europesays.com\/fr\/wp-json\/wp\/v2\/users\/2"}],"replies":[{"embeddable":true,"href":"https:\/\/www.europesays.com\/fr\/wp-json\/wp\/v2\/comments?post=66558"}],"version-history":[{"count":0,"href":"https:\/\/www.europesays.com\/fr\/wp-json\/wp\/v2\/posts\/66558\/revisions"}],"wp:featuredmedia":[{"embeddable":true,"href":"https:\/\/www.europesays.com\/fr\/wp-json\/wp\/v2\/media\/66559"}],"wp:attachment":[{"href":"https:\/\/www.europesays.com\/fr\/wp-json\/wp\/v2\/media?parent=66558"}],"wp:term":[{"taxonomy":"category","embeddable":true,"href":"https:\/\/www.europesays.com\/fr\/wp-json\/wp\/v2\/categories?post=66558"},{"taxonomy":"post_tag","embeddable":true,"href":"https:\/\/www.europesays.com\/fr\/wp-json\/wp\/v2\/tags?post=66558"}],"curies":[{"name":"wp","href":"https:\/\/api.w.org\/{rel}","templated":true}]}}