{"id":665584,"date":"2026-01-15T15:13:11","date_gmt":"2026-01-15T15:13:11","guid":{"rendered":"https:\/\/www.europesays.com\/fr\/665584\/"},"modified":"2026-01-15T15:13:11","modified_gmt":"2026-01-15T15:13:11","slug":"des-cameras-frontales-embarquees-sur-les-tramways-pour-reduire-les-accidents","status":"publish","type":"post","link":"https:\/\/www.europesays.com\/fr\/665584\/","title":{"rendered":"Des cam\u00e9ras frontales embarqu\u00e9es sur les tramways pour r\u00e9duire les accidents"},"content":{"rendered":"<p>            <a href=\"https:\/\/www.europesays.com\/fr\/wp-content\/uploads\/2026\/01\/5fe4d79fb769603f496f4dv-01101478.jpeg\" data-caption=\"Ce dispositif va \u00eatre exp\u00e9riment\u00e9 en Ile-de-France. \u00a9 FC\"><img loading=\"lazy\" decoding=\"async\" width=\"1100\" height=\"648\" class=\"entry-thumb td-modal-image ewww_webp_lazy_load\" src=\"data:image\/svg+xml,%3Csvg%20xmlns=\" http:=\"\" alt=\"\" title=\"\" data-lazy-src=\"https:\/\/www.europesays.com\/fr\/wp-content\/uploads\/2026\/01\/5fe4d79fb769603f496f4dv-01101478.jpeg\" data-lazy-src-webp=\"https:\/\/www.europesays.com\/fr\/wp-content\/uploads\/2026\/01\/5fe4d79fb769603f496f4dv-01101478.jpeg.webp\"\/><\/a>Ce dispositif va \u00eatre exp\u00e9riment\u00e9 en Ile-de-France. \u00a9 FC<\/p>\n<p>Les accidents impliquant des tramways ne sont malheureusement pas rares. En 2024, en France, 1 427 collisions avec un tramway par des tiers ont \u00e9t\u00e9 recens\u00e9es. Des accidents ayant fait 10 morts et 31 bless\u00e9s graves. En r\u00e9ponse \u00e0 ces \u00e9v\u00e9nements, une nouvelle exp\u00e9rimentation vient d\u2019\u00eatre lanc\u00e9e : l\u2019installation de cam\u00e9ras frontales embarqu\u00e9es sur les tramways et tram-trains. Inscrite dans la loi du 28 avril 2025 relative au renforcement de la s\u00fbret\u00e9 dans les transports, port\u00e9e par l\u2019ancien s\u00e9nateur (LR) et actuel ministre des Transports Philippe Tabarot, cette exp\u00e9rimentation est entr\u00e9e en vigueur le 27 d\u00e9cembre dernier, suite \u00e0 <a href=\"https:\/\/www.legifrance.gouv.fr\/jorf\/id\/JORFTEXT000053166407\" target=\"_blank\" rel=\"noopener\">la publication du d\u00e9cret d\u2019application au Journal officiel<\/a>.<\/p>\n<p>Ce dispositif \u00ab ouvre la possibilit\u00e9 aux op\u00e9rateurs de transport qui le souhaitent, \u00e0 titre exp\u00e9rimental jusqu\u2019au 28 juin 2028, pour plus de 88 lignes et environ 1 700 v\u00e9hicules en circulation, d\u2019\u00e9quiper leurs mat\u00e9riels roulants de cam\u00e9ras frontales embarqu\u00e9es afin de lutter contre les incidents li\u00e9s \u00e0 la pr\u00e9sence de v\u00e9hicules ou de personnes sur les voies de tramways \u00bb, pr\u00e9cise le minist\u00e8re des Transports. Car \u00ab l\u2019insertion des tramways et des tram-trains dans les circulations urbaines parfois denses g\u00e9n\u00e8re des risques divers en mati\u00e8re de s\u00e9curit\u00e9 routi\u00e8re, qui n\u00e9cessitent d\u2019\u00eatre analys\u00e9s afin de pouvoir les \u00e9viter et de former les conducteurs \u00bb. Et pour produire ces analyses, la captation d\u2019images vid\u00e9o repr\u00e9sente \u00ab un apport majeur \u00bb. Cette exp\u00e9rimentation permettra notamment de \u00ab mesurer l\u2019efficacit\u00e9 des diff\u00e9rents dispositifs qui pourront \u00eatre mis en place par les op\u00e9rateurs de transport \u00bb.<\/p>\n<p><strong>Un usage des cam\u00e9ras encadr\u00e9<\/strong><\/p>\n<p>Mais, pr\u00e9sence de cam\u00e9ras oblige, elle pose la question de son encadrement pour le respect des libert\u00e9s individuelles. L\u2019exp\u00e9rimentation pr\u00e9voit ainsi une \u00ab utilisation limit\u00e9e \u00e0 la pr\u00e9vention et \u00e0 l\u2019analyse des accidents, ainsi qu\u2019\u00e0 la formation du personnel de conduite et de sa hi\u00e9rarchie \u00bb, une \u00ab r\u00e9duction de l\u2019angle de captation des images des cam\u00e9ras \u00e0 60 degr\u00e9s par rapport \u00e0 l\u2019axe de circulation pour \u00e9viter de filmer des int\u00e9rieurs d\u2019immeubles \u00bb, une \u00ab d\u00e9finition stricte des modalit\u00e9s de conservation des donn\u00e9es enregistr\u00e9es \u00bb ou encore une \u00ab pseudonymisation des images \u00bb. Des modalit\u00e9s et garanties qui ont re\u00e7u un avis favorable de la Commission nationale de l\u2019informatique et des libert\u00e9s (CNIL) et du Conseil d\u2019\u00c9tat.<\/p>\n<p>Au terme de l\u2019exp\u00e9rimentation, un bilan sera transmis au Parlement, au plus tard le 28 d\u00e9cembre 2027, pour \u00ab nourrir les r\u00e9flexions \u00bb li\u00e9es \u00e0 l\u2019utilisation de la vid\u00e9o pour l\u2019am\u00e9lioration de la s\u00e9curit\u00e9. \u00ab Apr\u00e8s la mise en service des cam\u00e9ras-pi\u00e9tons des agents de contr\u00f4le depuis le 19 d\u00e9cembre, c\u2019est un nouveau dispositif pr\u00e9vu par la loi relative \u00e0 la s\u00fbret\u00e9 dans les transports qui entre pleinement en vigueur, se r\u00e9jouit Philippe Tabarot. Prochaine \u00e9tape : le renforcement des pr\u00e9rogatives des agents du GPSR [Groupement de Protection et de S\u00e9curit\u00e9 des R\u00e9seaux de la RATP] et de la S\u00fbret\u00e9 ferroviaire (Suge), afin de doter la pr\u00e9sence humaine sur le terrain de capacit\u00e9s d\u2019action renforc\u00e9es, en compl\u00e9ment des dispositifs technologiques d\u00e9ploy\u00e9s. \u00bb<\/p>\n<p>\n            [auto_promo_mpl_cutom url=\u00a0\u00bbhttps:\/\/mapresselocale.fr\/titres\/l-echo-d-ile-de-france\u00a0\u00bb]        <\/p>\n","protected":false},"excerpt":{"rendered":"Ce dispositif va \u00eatre exp\u00e9riment\u00e9 en Ile-de-France. \u00a9 FC Les accidents impliquant des tramways ne sont malheureusement pas&hellip;\n","protected":false},"author":2,"featured_media":665585,"comment_status":"","ping_status":"","sticky":false,"template":"","format":"standard","meta":{"footnotes":""},"categories":[1592],"tags":[3085,1111,11,76617,76618,1777,674,1011,27,662,12,626,25,7691,76619,24335,800,2216],"class_list":{"0":"post-665584","1":"post","2":"type-post","3":"status-publish","4":"format-standard","5":"has-post-thumbnail","7":"category-ile-de-france","8":"tag-accidents","9":"tag-actu","10":"tag-actualites","11":"tag-camu00e9ras-frontales-embarquu00e9es","12":"tag-collisions","13":"tag-eu","14":"tag-europe","15":"tag-fr","16":"tag-france","17":"tag-ile-de-france","18":"tag-news","19":"tag-paris","20":"tag-republique-francaise","21":"tag-su00e9curitu00e9","22":"tag-tram-trains","23":"tag-tramways","24":"tag-transports","25":"tag-transports-en-commun"},"share_on_mastodon":{"url":"https:\/\/pubeurope.com\/@fr\/115899767952159819","error":""},"_links":{"self":[{"href":"https:\/\/www.europesays.com\/fr\/wp-json\/wp\/v2\/posts\/665584","targetHints":{"allow":["GET"]}}],"collection":[{"href":"https:\/\/www.europesays.com\/fr\/wp-json\/wp\/v2\/posts"}],"about":[{"href":"https:\/\/www.europesays.com\/fr\/wp-json\/wp\/v2\/types\/post"}],"author":[{"embeddable":true,"href":"https:\/\/www.europesays.com\/fr\/wp-json\/wp\/v2\/users\/2"}],"replies":[{"embeddable":true,"href":"https:\/\/www.europesays.com\/fr\/wp-json\/wp\/v2\/comments?post=665584"}],"version-history":[{"count":0,"href":"https:\/\/www.europesays.com\/fr\/wp-json\/wp\/v2\/posts\/665584\/revisions"}],"wp:featuredmedia":[{"embeddable":true,"href":"https:\/\/www.europesays.com\/fr\/wp-json\/wp\/v2\/media\/665585"}],"wp:attachment":[{"href":"https:\/\/www.europesays.com\/fr\/wp-json\/wp\/v2\/media?parent=665584"}],"wp:term":[{"taxonomy":"category","embeddable":true,"href":"https:\/\/www.europesays.com\/fr\/wp-json\/wp\/v2\/categories?post=665584"},{"taxonomy":"post_tag","embeddable":true,"href":"https:\/\/www.europesays.com\/fr\/wp-json\/wp\/v2\/tags?post=665584"}],"curies":[{"name":"wp","href":"https:\/\/api.w.org\/{rel}","templated":true}]}}