{"id":665588,"date":"2026-01-15T15:15:11","date_gmt":"2026-01-15T15:15:11","guid":{"rendered":"https:\/\/www.europesays.com\/fr\/665588\/"},"modified":"2026-01-15T15:15:11","modified_gmt":"2026-01-15T15:15:11","slug":"je-ne-suis-plus-coincee-derriere-un-bureau-dans-les-comptes-de-deborah-a-2000-euros-par-mois-grace-a-des-locations-sur-airbnb","status":"publish","type":"post","link":"https:\/\/www.europesays.com\/fr\/665588\/","title":{"rendered":"\u00ab\u00a0Je ne suis plus coinc\u00e9e derri\u00e8re un bureau\u00a0\u00bb\u00a0: dans les comptes de Deborah, \u00e0 2000 euros par mois gr\u00e2ce \u00e0 des locations sur Airbnb"},"content":{"rendered":"<p class=\"\">Tout a commenc\u00e9 en 2024. Insatisfaite de son quotidien de bureau, Deborah cherche \u00e0 investir dans l\u2019immobilier. Elle songe alors \u00e0 acqu\u00e9rir un studio en longue dur\u00e9e, \u00e0 <a href=\"https:\/\/www.leparisien.fr\/culture-loisirs\/un-monument-de-nimes-au-patrimoine-mondial-de-lunesco-decouvrez-la-liste-des-51-sites-francais-inscrits-19-09-2023-K44U4WRGEFFPZGL3HURJ3Z67LY.php\" target=\"_blank\" rel=\"noreferrer noopener\">N\u00eemes<\/a> (Gard), o\u00f9 elle vit. Apr\u00e8s une pr\u00e9sentation de son plan \u00e0 la banque, tout se met en route. Mais apr\u00e8s ce premier achat, \u00ab je n\u2019arrivais pas \u00e0 d\u00e9connecter du Bon Coin, o\u00f9 j\u2019avais trouv\u00e9 mon premier logement \u00bb, t\u00e9moigne la jeune femme. \u00ab J\u2019ai vu que mon agence immobili\u00e8re proposait un deuxi\u00e8me bien \u00e0 c\u00f4t\u00e9 du premier. Je me suis dit : L\u00e0, Deborah, tu peux te positionner. \u00bb<\/p>\n","protected":false},"excerpt":{"rendered":"Tout a commenc\u00e9 en 2024. Insatisfaite de son quotidien de bureau, Deborah cherche \u00e0 investir dans l\u2019immobilier. Elle&hellip;\n","protected":false},"author":2,"featured_media":665589,"comment_status":"","ping_status":"","sticky":false,"template":"","format":"standard","meta":{"footnotes":""},"categories":[1888],"tags":[1111,1928,11,1927,33,1777,674,1011,27,12,1926,626,1925,25],"class_list":{"0":"post-665588","1":"post","2":"type-post","3":"status-publish","4":"format-standard","5":"has-post-thumbnail","7":"category-paris","8":"tag-actu","9":"tag-actu-paris","10":"tag-actualites","11":"tag-actualites-paris","12":"tag-economie","13":"tag-eu","14":"tag-europe","15":"tag-fr","16":"tag-france","17":"tag-news","18":"tag-news-paris","19":"tag-paris","20":"tag-paris-news","21":"tag-republique-francaise"},"share_on_mastodon":{"url":"https:\/\/pubeurope.com\/@fr\/115899775300599837","error":""},"_links":{"self":[{"href":"https:\/\/www.europesays.com\/fr\/wp-json\/wp\/v2\/posts\/665588","targetHints":{"allow":["GET"]}}],"collection":[{"href":"https:\/\/www.europesays.com\/fr\/wp-json\/wp\/v2\/posts"}],"about":[{"href":"https:\/\/www.europesays.com\/fr\/wp-json\/wp\/v2\/types\/post"}],"author":[{"embeddable":true,"href":"https:\/\/www.europesays.com\/fr\/wp-json\/wp\/v2\/users\/2"}],"replies":[{"embeddable":true,"href":"https:\/\/www.europesays.com\/fr\/wp-json\/wp\/v2\/comments?post=665588"}],"version-history":[{"count":0,"href":"https:\/\/www.europesays.com\/fr\/wp-json\/wp\/v2\/posts\/665588\/revisions"}],"wp:featuredmedia":[{"embeddable":true,"href":"https:\/\/www.europesays.com\/fr\/wp-json\/wp\/v2\/media\/665589"}],"wp:attachment":[{"href":"https:\/\/www.europesays.com\/fr\/wp-json\/wp\/v2\/media?parent=665588"}],"wp:term":[{"taxonomy":"category","embeddable":true,"href":"https:\/\/www.europesays.com\/fr\/wp-json\/wp\/v2\/categories?post=665588"},{"taxonomy":"post_tag","embeddable":true,"href":"https:\/\/www.europesays.com\/fr\/wp-json\/wp\/v2\/tags?post=665588"}],"curies":[{"name":"wp","href":"https:\/\/api.w.org\/{rel}","templated":true}]}}