{"id":665594,"date":"2026-01-15T15:18:16","date_gmt":"2026-01-15T15:18:16","guid":{"rendered":"https:\/\/www.europesays.com\/fr\/665594\/"},"modified":"2026-01-15T15:18:16","modified_gmt":"2026-01-15T15:18:16","slug":"la-pologne-denonce-une-cyberattaque-russe-avortee-contre-son-reseau-electrique","status":"publish","type":"post","link":"https:\/\/www.europesays.com\/fr\/665594\/","title":{"rendered":"La Pologne d\u00e9nonce une cyberattaque russe avort\u00e9e contre son r\u00e9seau \u00e9lectrique"},"content":{"rendered":"<p>La Pologne affirme avoir \u00e9vit\u00e9 de justesse un blackout fin d\u00e9cembre apr\u00e8s une cyberattaque majeure contre son r\u00e9seau \u00e9nerg\u00e9tique. Le gouvernement parle d\u2019un sabotage d\u2019origine russe. <\/p>\n<p class=\"c-paragraph\">La Pologne dit \u00eatre pass\u00e9e \u201ctr\u00e8s pr\u00e8s d\u2019un blackout\u201d \u00e0 la fin du mois de d\u00e9cembre 2025 apr\u00e8s ce qu\u2019elle pr\u00e9sente comme l\u2019attaque informatique la plus grave jamais men\u00e9e contre ses infrastructures \u00e9nerg\u00e9tiques. <\/p>\n<p class=\"c-paragraph\">L\u2019information est issue <a href=\"https:\/\/www.rmf24.pl\/tylko-w-rmf24\/popoludniowa-rozmowa\/news-polsce-grozil-blackout-gawkowski-cyfrowe-czolgi-juz-tu-sa,nId,8057521\" target=\"_blank\" rel=\"nofollow noopener\" title=\"https:\/\/www.rmf24.pl\/tylko-w-rmf24\/popoludniowa-rozmowa\/news-polsce-grozil-blackout-gawkowski-cyfrowe-czolgi-juz-tu-sa,nId,8057521\">d\u2019un entretien accord\u00e9 \u00e0 la radio RMF FM<\/a> le 13 janvier, dans l\u2019\u00e9mission Popo\u0142udniowa rozmowa, l\u2019un des programmes politiques les plus \u00e9cout\u00e9s en Pologne, par le ministre polonais du num\u00e9rique, Krzysztof Gawkowski.<\/p>\n<p>La Russie point\u00e9e du doigt<\/p>\n<p class=\"c-paragraph\">La Russie a \u00e9t\u00e9 imm\u00e9diatement point\u00e9e du doigt comme responsable de cette campagne. \u201cTout indique nous avons affaire \u00e0 un sabotage russe, a d\u00e9clar\u00e9 le ministre. C\u2019est une tentative de d\u00e9stabilisation de la situation en Pologne.\u201d<\/p>\n<p class=\"c-paragraph\">Ces d\u00e9clarations font suite aux propos tenus par le ministre de l\u2019\u00c9nergie, Mi\u0142osz Motyka, qui avait indiqu\u00e9 quelques jours plus t\u00f4t qu\u2019une tentative de cyberattaque avait cibl\u00e9 plusieurs sites de production d\u2019\u00e9lectricit\u00e9. Selon lui, une centrale de cog\u00e9n\u00e9ration &#8211; une installation qui produit simultan\u00e9ment deux formes d\u2019\u00e9nergie \u00e0 partir d\u2019une seule source de combustible &#8211; ainsi que de nombreuses installations d\u2019\u00e9nergies renouvelables, ont \u00e9t\u00e9 attaqu\u00e9es. <\/p>\n<p>La vuln\u00e9rabilit\u00e9 du syst\u00e8me \u00e9nerg\u00e9tique<\/p>\n<p class=\"c-paragraph\">L\u2019op\u00e9ration n\u2019a pas provoqu\u00e9 de coupure de courant mais a mis en \u00e9vidence la vuln\u00e9rabilit\u00e9 potentielle du syst\u00e8me \u00e9nerg\u00e9tique polonais. Selon le ministre du Num\u00e9rique, l\u2019objectif de la Russie \u00e9tait bien d\u2019interrompre l\u2019alimentation \u00e9lectrique des Polonais \u00e0 une p\u00e9riode particuli\u00e8rement sensible, marqu\u00e9e par des conditions m\u00e9t\u00e9orologiques difficiles. <\/p>\n<p class=\"c-paragraph\">Le ministre parle de \u201cchars num\u00e9riques\u201d pour d\u00e9signer la cyberattaque russe, renvoyant \u00e0 l\u2019id\u00e9e que les cyberattaques peuvent aujourd\u2019hui produire des effets comparables \u00e0 ceux d\u2019armes conventionnelles, en paralysant des infrastructures vitales sans action militaire directe.<\/p>\n<p class=\"c-paragraph\">L\u2019occasion pour le membre du gouvernement de rassurer les Polonais : \u201cnous avons des institutions bien pr\u00e9par\u00e9es. Il ne faut pas paniquer\u201d, a-t-il d\u00e9clar\u00e9. <\/p>\n<p class=\"c-paragraph\">Dans un contexte de tensions persistantes avec la Russie et de soutien actif de Varsovie \u00e0 l\u2019Ukraine, le pays se consid\u00e8re comme une cible privil\u00e9gi\u00e9e des op\u00e9rations hybrides m\u00ealant cyberattaques, d\u00e9sinformation et pressions politiques. <\/p>\n<p class=\"c-paragraph\">Interrog\u00e9 sur un autre incident r\u00e9cent \u2013 l\u2019\u00e9chec technique lors de l\u2019\u00e9lection interne du parti Polska 2050 pour d\u00e9signer son pr\u00e9sident \u2013 le ministre s\u2019est montr\u00e9 beaucoup plus prudent. \u201cJe n\u2019ai aucune connaissance indiquant qu\u2019il y ait un lien avec une cyberattaque\u201d, a-t-il r\u00e9pondu. Il a toutefois pr\u00e9cis\u00e9 que l\u2019affaire avait \u00e9t\u00e9 signal\u00e9e \u00e0 l\u2019Agence de s\u00e9curit\u00e9 int\u00e9rieure polonaise (ABW). \u201cIl y aura une proc\u00e9dure de v\u00e9rification. Je n\u2019exclus aucun sc\u00e9nario\u201d, a-t-il ajout\u00e9. <\/p>\n","protected":false},"excerpt":{"rendered":"La Pologne affirme avoir \u00e9vit\u00e9 de justesse un blackout fin d\u00e9cembre apr\u00e8s une cyberattaque majeure contre son r\u00e9seau&hellip;\n","protected":false},"author":2,"featured_media":665595,"comment_status":"","ping_status":"","sticky":false,"template":"","format":"standard","meta":{"footnotes":""},"categories":[1591],"tags":[11,1338,1075,76620,73657,75279,893,1887,311,12,1885,1886,132,10532],"class_list":{"0":"post-665594","1":"post","2":"type-post","3":"status-publish","4":"format-standard","5":"has-post-thumbnail","7":"category-russie","8":"tag-actualites","9":"tag-chiffrement","10":"tag-cybersecurite","11":"tag-data-breach","12":"tag-data-protection","13":"tag-donnees-sensibles","14":"tag-energie","15":"tag-federation-de-russie","16":"tag-informatique","17":"tag-news","18":"tag-russia","19":"tag-russian-federation","20":"tag-russie","21":"tag-souverainete"},"share_on_mastodon":{"url":"https:\/\/pubeurope.com\/@fr\/115899787422016326","error":""},"_links":{"self":[{"href":"https:\/\/www.europesays.com\/fr\/wp-json\/wp\/v2\/posts\/665594","targetHints":{"allow":["GET"]}}],"collection":[{"href":"https:\/\/www.europesays.com\/fr\/wp-json\/wp\/v2\/posts"}],"about":[{"href":"https:\/\/www.europesays.com\/fr\/wp-json\/wp\/v2\/types\/post"}],"author":[{"embeddable":true,"href":"https:\/\/www.europesays.com\/fr\/wp-json\/wp\/v2\/users\/2"}],"replies":[{"embeddable":true,"href":"https:\/\/www.europesays.com\/fr\/wp-json\/wp\/v2\/comments?post=665594"}],"version-history":[{"count":0,"href":"https:\/\/www.europesays.com\/fr\/wp-json\/wp\/v2\/posts\/665594\/revisions"}],"wp:featuredmedia":[{"embeddable":true,"href":"https:\/\/www.europesays.com\/fr\/wp-json\/wp\/v2\/media\/665595"}],"wp:attachment":[{"href":"https:\/\/www.europesays.com\/fr\/wp-json\/wp\/v2\/media?parent=665594"}],"wp:term":[{"taxonomy":"category","embeddable":true,"href":"https:\/\/www.europesays.com\/fr\/wp-json\/wp\/v2\/categories?post=665594"},{"taxonomy":"post_tag","embeddable":true,"href":"https:\/\/www.europesays.com\/fr\/wp-json\/wp\/v2\/tags?post=665594"}],"curies":[{"name":"wp","href":"https:\/\/api.w.org\/{rel}","templated":true}]}}