{"id":66560,"date":"2025-05-01T09:23:08","date_gmt":"2025-05-01T09:23:08","guid":{"rendered":"https:\/\/www.europesays.com\/fr\/66560\/"},"modified":"2025-05-01T09:23:08","modified_gmt":"2025-05-01T09:23:08","slug":"en-direct-manifestation-du-1er-mai-combien-seront-ils-a-defiler-20-minutes","status":"publish","type":"post","link":"https:\/\/www.europesays.com\/fr\/66560\/","title":{"rendered":"EN DIRECT. Manifestation du 1er mai : Combien seront-ils \u00e0 d\u00e9filer ? &#8211; 20 Minutes"},"content":{"rendered":"<ol>\n<li><a href=\"https:\/\/news.google.com\/rss\/articles\/CBMimgFBVV95cUxNbUg2SGZEWkwwSDBzT1lSYlhiT25ranF0bGlNcVZ6aHBCX3Y2LTN0MFVnUkZHQmxob3diRkpvUk00TzI4aVVSclh5TS1ORVR0ZHNZLU5xUE15LTllWDVqaU5GY0VTeVlJbDRsZmhRWHB3UDE0VTRqYlBnaGZxaXlDWWVfcVlXb1Z6NDRsTXBvdWdFaW1ULVJYaG53?oc=5\" target=\"_blank\" rel=\"noopener\">EN DIRECT. Manifestation du 1er mai : Combien seront-ils \u00e0 d\u00e9filer ?<\/a>&nbsp;&nbsp;20 Minutes<\/li>\n<li><a href=\"https:\/\/news.google.com\/rss\/articles\/CBMi3gFBVV95cUxPTlV5Ul9hXzFYRjFmTTRkNGhpeEMwSFQ5cVQtNVpvNjZweEhwR09OQ3FDWjl3OEowV2YxUVhaREFveTg0T2lfbFc1OXB5dXV1SzhBMG1sT0dxUDZZUmJXWWw2QTA3bGxxaVVpaG5nSTdBaU9xdkdQb2tDRGh3SHhOUjdUNVo5UkFsc2tIUzBPZ1RFei1fWEM2anJNZExmbGZtLVc1eXJMajFxeTUtbXNQVUJseVc2Z0kwREk1cElpYW9WR3hKeW1CYndNek5qamlWMXpnV2pjUnFFbFNSbVE?oc=5\" target=\"_blank\" rel=\"noopener\">1\u1d49\u02b3-Mai : les syndicats en difficult\u00e9 pour faire entendre la question sociale<\/a>&nbsp;&nbsp;Le Monde.fr<\/li>\n<li><a href=\"https:\/\/news.google.com\/rss\/articles\/CBMizwFBVV95cUxNUURJQkIwM0dyWmVaY244bk1TRkJBUkJndWVkX1lIeTExQTN5TkNuQnRubXppbC1VaWFzRFR3d29qUk1FajA1NnJ1OGhaOGNzR1k5aDYzb21XRWpjMDBRNVhxVm5iTkh4VE52TEd2UFVxVEpyUUJuWFRMR0pOcU1obmhPNDV0OUZuNElSeHBjM3cwaVZQMFJjRzlkU194TnZmSjFxZWhwRWlwR1VnM2pNQS1XR2MxTlFVaWJ2ZkRiTy1uY1VERWtVSXJ0UVUyRjA?oc=5\" target=\"_blank\" rel=\"noopener\">M\u00e9tropole de Lyon. Suivez en direct la manifestation du 1er-Mai \u00e0 Lyon : l&rsquo;antifa Rapha\u00ebl Arnault au rendez-vous<\/a>&nbsp;&nbsp;Le Progr\u00e8s<\/li>\n<li><a href=\"https:\/\/news.google.com\/rss\/articles\/CBMi5gFBVV95cUxQbGh2OGJlcWVfdEZDdVNhLWRMSnJCN2N3TXdVd3FOaFFoZ3VMdkZNcDRNNC1RQkp6S0JMaVllVzBUaDdWTTl3RURmdUJWSnBWa3dVaGpET29LMl9adDQ3cDRPLTJDOEttdktEaXNkVFpQS1hCSDdqQ0h6M0d3QlZReWZOLV9OZ0J2WVFQdlpvUEN4azhoNzlnYW1vMzYtZ29mWEdTNXpCRzJvVmZvNzRPVnJPNWUzb2NHSmhRZGZMRlk0ODZJY3Q2MWFMZENTN3lxNGZGV0RsTjMyVXhES096ekFqUnhFZw?oc=5\" target=\"_blank\" rel=\"noopener\">DIRECT. 1er-Mai: le pr\u00e9fet de police craint des \u00ab\u00a0d\u00e9bordements\u00a0\u00bb \u00e0 Paris, 2000 forces de l&rsquo;ordre mobilis\u00e9es<\/a>&nbsp;&nbsp;BFMTV<\/li>\n<li><a href=\"https:\/\/news.google.com\/rss\/articles\/CBMi6AFBVV95cUxQQkM5RGhEZ2Nod0xsb2ZWQ2k1bG4zTmVIVHFNZlhtU180UmhWM0tDY1lrY3RqODNpVWdBb1VreU53dEZwdHNjWnV1R0RTd2Jrb05SS1ZyRHlpT2VXTFRnSVJKRTNTRlFiOU5OVURIQXd5Rlp1MnpDWGIzWHhSVDU0b1IzQ0hINUI4RGliQ0NySXFFSTJxUm84NU1MNDVjM0EybjdMVURfdFlLSlVYcVhaVzFWV3F2NDhka21wSjFsWmVHYjk0aGx6R0xSM2FFcGxhX2haamc3OFFCTFcxVmJlaE16YmpOSHdC?oc=5\" target=\"_blank\" rel=\"noopener\">Travail, gr\u00e8ve, muguet, f\u00e9ri\u00e9\u2026 Tout ce que vous devez savoir sur les mots du 1er mai<\/a>&nbsp;&nbsp;Le Figaro<\/li>\n<\/ol>\n","protected":false},"excerpt":{"rendered":"EN DIRECT. Manifestation du 1er mai : Combien seront-ils \u00e0 d\u00e9filer ?&nbsp;&nbsp;20 Minutes 1\u1d49\u02b3-Mai : les syndicats en&hellip;\n","protected":false},"author":2,"featured_media":66561,"comment_status":"","ping_status":"","sticky":false,"template":"","format":"standard","meta":{"footnotes":""},"categories":[4],"tags":[10916,47,11,885,1270,1271,1011,27,662,1272,884,12,883,626,882,25,104,11564],"class_list":{"0":"post-66560","1":"post","2":"type-post","3":"status-publish","4":"format-standard","5":"has-post-thumbnail","7":"category-france","8":"tag-1er-mai","9":"tag-actualite","10":"tag-actualites","11":"tag-bouches-du-rhone","12":"tag-cfdt","13":"tag-cgt","14":"tag-fr","15":"tag-france","16":"tag-ile-de-france","17":"tag-manifestations","18":"tag-marseille","19":"tag-news","20":"tag-paca","21":"tag-paris","22":"tag-provence-alpes-cote-dazur","23":"tag-republique-francaise","24":"tag-societe","25":"tag-syndicat"},"share_on_mastodon":{"url":"https:\/\/pubeurope.com\/@fr\/114431852849221321","error":""},"_links":{"self":[{"href":"https:\/\/www.europesays.com\/fr\/wp-json\/wp\/v2\/posts\/66560","targetHints":{"allow":["GET"]}}],"collection":[{"href":"https:\/\/www.europesays.com\/fr\/wp-json\/wp\/v2\/posts"}],"about":[{"href":"https:\/\/www.europesays.com\/fr\/wp-json\/wp\/v2\/types\/post"}],"author":[{"embeddable":true,"href":"https:\/\/www.europesays.com\/fr\/wp-json\/wp\/v2\/users\/2"}],"replies":[{"embeddable":true,"href":"https:\/\/www.europesays.com\/fr\/wp-json\/wp\/v2\/comments?post=66560"}],"version-history":[{"count":0,"href":"https:\/\/www.europesays.com\/fr\/wp-json\/wp\/v2\/posts\/66560\/revisions"}],"wp:featuredmedia":[{"embeddable":true,"href":"https:\/\/www.europesays.com\/fr\/wp-json\/wp\/v2\/media\/66561"}],"wp:attachment":[{"href":"https:\/\/www.europesays.com\/fr\/wp-json\/wp\/v2\/media?parent=66560"}],"wp:term":[{"taxonomy":"category","embeddable":true,"href":"https:\/\/www.europesays.com\/fr\/wp-json\/wp\/v2\/categories?post=66560"},{"taxonomy":"post_tag","embeddable":true,"href":"https:\/\/www.europesays.com\/fr\/wp-json\/wp\/v2\/tags?post=66560"}],"curies":[{"name":"wp","href":"https:\/\/api.w.org\/{rel}","templated":true}]}}