{"id":665612,"date":"2026-01-15T15:27:12","date_gmt":"2026-01-15T15:27:12","guid":{"rendered":"https:\/\/www.europesays.com\/fr\/665612\/"},"modified":"2026-01-15T15:27:12","modified_gmt":"2026-01-15T15:27:12","slug":"prime-video-integre-m6-et-renforce-sa-strategie-de-distribution-en-france","status":"publish","type":"post","link":"https:\/\/www.europesays.com\/fr\/665612\/","title":{"rendered":"Prime Video int\u00e8gre M6+ et renforce sa strat\u00e9gie de distribution en France"},"content":{"rendered":"<p><b>Le streaming fran\u00e7ais continue de se recomposer \u00e0 grande vitesse. Prime Video et le Groupe M6 annoncent un accord de distribution majeur permettant \u00e0 M6+ d\u2019\u00eatre accessible gratuitement \u00e0 l\u2019ensemble des membres Prime en France. Une alliance strat\u00e9gique qui illustre l\u2019\u00e9volution des usages, la fragmentation des audiences et la volont\u00e9 des plateformes de devenir des points d\u2019entr\u00e9e incontournables pour le divertissement. Derri\u00e8re cette annonce, un enjeu clair : maximiser la visibilit\u00e9 des contenus et \u00e9largir les \u00e9cosyst\u00e8mes de diffusion, sans cr\u00e9er de nouvelle barri\u00e8re \u00e0 l\u2019entr\u00e9e pour les utilisateurs.<\/b><\/p>\n<p><img loading=\"lazy\" decoding=\"async\" class=\"size-full wp-image-140067 perfmatters-lazy\" alt=\"prime video m6 strategie distribution france\" width=\"1200\" height=\"628\" src=\"https:\/\/www.europesays.com\/fr\/wp-content\/uploads\/2026\/01\/jupdlc-prime-video-m6-strategie-distribution-france.jpg\"  data-\/>Cr\u00e9dit photo : Groupe M6<\/p>\n<p>\u00a0<\/p>\n<p><b>Prime Video devient un nouveau point d\u2019acc\u00e8s pour M6+<\/b><\/p>\n<p>Depuis le 14 janvier 2026, les membres Prime peuvent acc\u00e9der directement \u00e0 M6+ depuis <a href=\"https:\/\/jai-un-pote-dans-la.com\/amazon-prime-video-presents-2025\/\" target=\"_blank\" rel=\"noopener\">Prime Video<\/a>, via un corner d\u00e9di\u00e9. L\u2019offre de streaming du Groupe M6 y est propos\u00e9e gratuitement et rassemble plus de 30 000 heures de contenus. Les utilisateurs retrouvent ainsi les cha\u00eenes M6, W9, 6ter et Gulli, en direct ou \u00e0 la demande, ainsi que des programmes exclusifs \u00e0 la plateforme.<\/p>\n<p>Ce partenariat permet \u00e0 Prime Video, d\u00e9j\u00e0 positionn\u00e9e comme une application centralisatrice de contenus, d\u2019enrichir encore son catalogue en France. Films, s\u00e9ries, documentaires et sport en direct cohabitent d\u00e9sormais avec une large part des programmes embl\u00e9matiques de la t\u00e9l\u00e9vision fran\u00e7aise, sans abonnement suppl\u00e9mentaire pour les membres Prime.<\/p>\n<p>\u00a0<\/p>\n<p><b>Divertissement, sport, info : une offre \u00e9ditoriale tr\u00e8s large<\/b><\/p>\n<p>Gr\u00e2ce \u00e0 cet accord, Prime Video donne acc\u00e8s aux grands rendez-vous du divertissement de M6, comme L\u2019Amour est dans le pr\u00e9, Qui veut \u00eatre mon associ\u00e9 ?, Mari\u00e9s au premier regard, Les Tra\u00eetres, P\u00e9kin Express ou Top Chef. Les amateurs de s\u00e9ries-r\u00e9alit\u00e9 peuvent \u00e9galement retrouver C\u2019est la famille, L\u2019\u00cele de la tentation ou Les Cinquante.<\/p>\n<p>C\u00f4t\u00e9 sport, <a href=\"https:\/\/www.m6.fr\/\" target=\"_blank\" rel=\"noopener\">M6+<\/a> propose des \u00e9v\u00e9nements diffus\u00e9s en direct, dont la Coupe du Monde de la FIFA 2026 et le Super Bowl. L\u2019offre comprend aussi des documentaires et magazines embl\u00e9matiques comme Zone Interdite, Capital et Enqu\u00eate Exclusive, ainsi que les rendez-vous d\u2019information 12.45 et 19.45. Sans oublier l\u2019ensemble de l\u2019offre jeunesse port\u00e9e par Gulli, pilier historique du groupe aupr\u00e8s des familles.<\/p>\n<p>\u00a0<\/p>\n<p><b>Un partenariat strat\u00e9gique pour \u00e9largir les audiences<\/b><\/p>\n<p>Pour le Groupe M6, cet accord s\u2019inscrit dans une logique de distribution \u00e9largie de son \u00e9cosyst\u00e8me streaming. <b>\u00ab <\/b><b>Nous sommes tr\u00e8s heureux d\u2019\u00e9largir la distribution de M6+ gr\u00e2ce \u00e0 cet accord avec Prime Video. Il illustre notre volont\u00e9 de b\u00e2tir un \u00e9cosyst\u00e8me streaming adapt\u00e9 aux nouveaux usages dans un contexte de consommation fragment\u00e9e. En touchant des publics compl\u00e9mentaires, nous renfor\u00e7ons d\u00e8s aujourd\u2019hui la visibilit\u00e9 de nos marques<\/b><b> \u00bb<\/b>, explique <b>David Larramendy<\/b>, Pr\u00e9sident du Directoire du Groupe M6. Il souligne \u00e9galement que ce partenariat renforce la couverture de l\u2019offre publicitaire, commercialis\u00e9e par M6 Unlimited.<\/p>\n<p>Du c\u00f4t\u00e9 de Prime Video, la logique est claire : devenir la destination de r\u00e9f\u00e9rence pour le divertissement. <b>\u00ab<\/b><b> Nous sommes tr\u00e8s heureux d\u2019accueillir les programmes de qualit\u00e9 de M6 sur Prime Video. L\u2019ajout du catalogue M6+ \u00e0 notre service est une \u00e9tape importante dans notre objectif de devenir la premi\u00e8re destination de divertissement pour nos clients<\/b><b> \u00bb<\/b>, affirme <b>Elisabetta Carruba<\/b>, Directrice de Prime Video Channels Europe.<\/p>\n<p>Un partenariat gagnant-gagnant, qui confirme que la bataille du streaming se joue d\u00e9sormais autant sur la distribution que sur la production de contenus.<\/p>\n","protected":false},"excerpt":{"rendered":"Le streaming fran\u00e7ais continue de se recomposer \u00e0 grande vitesse. Prime Video et le Groupe M6 annoncent un&hellip;\n","protected":false},"author":2,"featured_media":665613,"comment_status":"","ping_status":"","sticky":false,"template":"","format":"standard","meta":{"footnotes":""},"categories":[4],"tags":[11,1011,27,19106,494,500,12,2766,11765,25,128],"class_list":{"0":"post-665612","1":"post","2":"type-post","3":"status-publish","4":"format-standard","5":"has-post-thumbnail","7":"category-france","8":"tag-actualites","9":"tag-fr","10":"tag-france","11":"tag-groupe-m6","12":"tag-m6","13":"tag-medias","14":"tag-news","15":"tag-partenariat","16":"tag-prime-video","17":"tag-republique-francaise","18":"tag-streaming"},"share_on_mastodon":{"url":"https:\/\/pubeurope.com\/@fr\/115899822466684065","error":""},"_links":{"self":[{"href":"https:\/\/www.europesays.com\/fr\/wp-json\/wp\/v2\/posts\/665612","targetHints":{"allow":["GET"]}}],"collection":[{"href":"https:\/\/www.europesays.com\/fr\/wp-json\/wp\/v2\/posts"}],"about":[{"href":"https:\/\/www.europesays.com\/fr\/wp-json\/wp\/v2\/types\/post"}],"author":[{"embeddable":true,"href":"https:\/\/www.europesays.com\/fr\/wp-json\/wp\/v2\/users\/2"}],"replies":[{"embeddable":true,"href":"https:\/\/www.europesays.com\/fr\/wp-json\/wp\/v2\/comments?post=665612"}],"version-history":[{"count":0,"href":"https:\/\/www.europesays.com\/fr\/wp-json\/wp\/v2\/posts\/665612\/revisions"}],"wp:featuredmedia":[{"embeddable":true,"href":"https:\/\/www.europesays.com\/fr\/wp-json\/wp\/v2\/media\/665613"}],"wp:attachment":[{"href":"https:\/\/www.europesays.com\/fr\/wp-json\/wp\/v2\/media?parent=665612"}],"wp:term":[{"taxonomy":"category","embeddable":true,"href":"https:\/\/www.europesays.com\/fr\/wp-json\/wp\/v2\/categories?post=665612"},{"taxonomy":"post_tag","embeddable":true,"href":"https:\/\/www.europesays.com\/fr\/wp-json\/wp\/v2\/tags?post=665612"}],"curies":[{"name":"wp","href":"https:\/\/api.w.org\/{rel}","templated":true}]}}