{"id":665614,"date":"2026-01-15T15:29:18","date_gmt":"2026-01-15T15:29:18","guid":{"rendered":"https:\/\/www.europesays.com\/fr\/665614\/"},"modified":"2026-01-15T15:29:18","modified_gmt":"2026-01-15T15:29:18","slug":"un-golden-set-salvateur-pour-le-nuc-en-coupe-deurope","status":"publish","type":"post","link":"https:\/\/www.europesays.com\/fr\/665614\/","title":{"rendered":"un golden set salvateur pour le NUC en Coupe d\u2019Europe"},"content":{"rendered":"\n<p>Battues en trois manches par l\u2019Asterix Avo lors du match retour des huiti\u00e8mes de finale de la CEV Cup, les Neuch\u00e2teloises ont fr\u00f4l\u00e9 l\u2019\u00e9limination ce mercredi soir en Belgique avant de s\u2019en sortir (12-15) au golden set.<\/p>\n<p>  <a href=\"https:\/\/www.arcinfo.ch\/auteurs\/charlet-849108\" class=\"image-container\" target=\"_blank\" rel=\"noopener\">   <img   alt=\"Arcinfo_PhotosNB_FlorianCharlet\" draggable=\"false\" loading=\"lazy\" decoding=\"async\" data-picture=\"true\" class=\"no-class nuxt-aio-img\" data-v-32c1ed04=\"\"\/><\/a>  <\/p>\n<p>\n                14 janv. 2026, 21:27<\/p>\n<p>                  \/ M\u00e0j. il y a 17 heures\n                <\/p>\n<p>     <img src=\"https:\/\/www.europesays.com\/fr\/wp-content\/uploads\/2026\/01\/dsc-7113-3.jpg\"   alt=\"Tia Scambray et consorts ont \u00e9t\u00e9 pouss\u00e9es dans leurs retranchements en Belgique.\" draggable=\"false\" loading=\"eager\" decoding=\"async\" data-picture=\"true\" class=\"no-class nuxt-aio-img nolazyLoad\" data-v-32c1ed04=\"\"\/> <\/p>\n<p>\n              Tia Scambray et consorts ont \u00e9t\u00e9 pouss\u00e9es dans leurs retranchements en Belgique.\n            <\/p>\n<p>              Photo: archives David Marchon<\/p>\n","protected":false},"excerpt":{"rendered":"Battues en trois manches par l\u2019Asterix Avo lors du match retour des huiti\u00e8mes de finale de la CEV&hellip;\n","protected":false},"author":2,"featured_media":665615,"comment_status":"","ping_status":"","sticky":false,"template":"","format":"standard","meta":{"footnotes":""},"categories":[1417],"tags":[71440,1011,27,16803,60,71439,1470,1469],"class_list":{"0":"post-665614","1":"post","2":"type-post","3":"status-publish","4":"format-standard","5":"has-post-thumbnail","7":"category-volley","8":"tag-ce-quil-sest-passe","9":"tag-fr","10":"tag-france","11":"tag-nuc","12":"tag-sports","13":"tag-sujet-developpe","14":"tag-volley","15":"tag-volleyball"},"share_on_mastodon":{"url":"https:\/\/pubeurope.com\/@fr\/115899831253532188","error":""},"_links":{"self":[{"href":"https:\/\/www.europesays.com\/fr\/wp-json\/wp\/v2\/posts\/665614","targetHints":{"allow":["GET"]}}],"collection":[{"href":"https:\/\/www.europesays.com\/fr\/wp-json\/wp\/v2\/posts"}],"about":[{"href":"https:\/\/www.europesays.com\/fr\/wp-json\/wp\/v2\/types\/post"}],"author":[{"embeddable":true,"href":"https:\/\/www.europesays.com\/fr\/wp-json\/wp\/v2\/users\/2"}],"replies":[{"embeddable":true,"href":"https:\/\/www.europesays.com\/fr\/wp-json\/wp\/v2\/comments?post=665614"}],"version-history":[{"count":0,"href":"https:\/\/www.europesays.com\/fr\/wp-json\/wp\/v2\/posts\/665614\/revisions"}],"wp:featuredmedia":[{"embeddable":true,"href":"https:\/\/www.europesays.com\/fr\/wp-json\/wp\/v2\/media\/665615"}],"wp:attachment":[{"href":"https:\/\/www.europesays.com\/fr\/wp-json\/wp\/v2\/media?parent=665614"}],"wp:term":[{"taxonomy":"category","embeddable":true,"href":"https:\/\/www.europesays.com\/fr\/wp-json\/wp\/v2\/categories?post=665614"},{"taxonomy":"post_tag","embeddable":true,"href":"https:\/\/www.europesays.com\/fr\/wp-json\/wp\/v2\/tags?post=665614"}],"curies":[{"name":"wp","href":"https:\/\/api.w.org\/{rel}","templated":true}]}}