{"id":665624,"date":"2026-01-15T15:37:13","date_gmt":"2026-01-15T15:37:13","guid":{"rendered":"https:\/\/www.europesays.com\/fr\/665624\/"},"modified":"2026-01-15T15:37:13","modified_gmt":"2026-01-15T15:37:13","slug":"pandoro-gate-linfluenceuse-italienne-chiara-ferragni-acquittee-dans-le-proces-de-la-brioche-de-noel","status":"publish","type":"post","link":"https:\/\/www.europesays.com\/fr\/665624\/","title":{"rendered":"\u00ab\u00a0Pandoro gate\u00a0\u00bb : l&rsquo;influenceuse italienne Chiara Ferragni acquitt\u00e9e dans le proc\u00e8s de la brioche de No\u00ebl"},"content":{"rendered":"<ul class=\"jsx-862013697 ArticleChapo__List\">\n<li class=\"jsx-862013697 ArticleChapo__List_Item flex\">La c\u00e9l\u00e8bre influenceuse italienne a \u00e9t\u00e9 acquitt\u00e9e mercredi par le tribunal de Milan (nord) dans un proc\u00e8s pour fraude aggrav\u00e9e.<\/li>\n<li class=\"jsx-862013697 ArticleChapo__List_Item flex\">Elle \u00e9tait accus\u00e9e de s&rsquo;\u00eatre enrichie frauduleusement avec des brioches de No\u00ebl et des \u0153ufs de P\u00e2ques caritatifs.<\/li>\n<li class=\"jsx-862013697 ArticleChapo__List_Item flex\">\u00ab\u00a0C&rsquo;est un cauchemar de deux ans qui prend fin\u00a0\u00bb, s&rsquo;est r\u00e9jouie la star aux 28 millions de followers sur Instagram.<\/li>\n<\/ul>\n<p data-module=\"article-paragraph\" class=\"jsx-157965717 Paragraph\">C&rsquo;est une affaire qui a passionn\u00e9 les Italiens. <a href=\"https:\/\/www.tf1info.fr\/culture\/coronavirus-en-italie-l-influenceuse-chiara-ferragni-recolte-2-8-millions-d-euros-2147598.html\" target=\"_blank\" rel=\"noopener\">L&rsquo;influenceuse Chiara Ferragni<\/a> a \u00e9t\u00e9 acquitt\u00e9e mercredi 14 janvier par le tribunal de Milan (nord) dans un proc\u00e8s pour fraude aggrav\u00e9e qui a pouss\u00e9 le gouvernement italien \u00e0 durcir le contr\u00f4le des influenceurs. \u00ab\u00a0Chiara a \u00e9t\u00e9 acquitt\u00e9e (&#8230;), il y a une justice dans ce pays\u00a0\u00bb, ont d\u00e9clar\u00e9 ses avocats \u00e0 l&rsquo;issue de l&rsquo;audience \u00e0 huis clos. \u00ab\u00a0Je suis heureuse, c&rsquo;est un cauchemar de deux ans qui prend fin\u00a0\u00bb, s&rsquo;est f\u00e9licit\u00e9e Chiara Ferragni, remerciant \u00ab\u00a0tous ceux qui (l)&rsquo;ont soutenue pendant cette p\u00e9riode\u00a0\u00bb, notamment ses abonn\u00e9s.<\/p>\n<p data-module=\"article-paragraph\" class=\"jsx-157965717 Paragraph Paragraph__End\">Reine des influenceuses de la mode, avec ses 28 millions d&rsquo;abonn\u00e9s, Chiara Ferragni, 38 ans, \u00e9tait jug\u00e9e depuis septembre pour fraude aggrav\u00e9e aux c\u00f4t\u00e9s de deux associ\u00e9s. Elle \u00e9tait accus\u00e9e de s&rsquo;\u00eatre enrichie frauduleusement <a href=\"https:\/\/www.tf1.fr\/tmc\/quotidien-avec-yann-barthes\/videos\/le-petit-q-pandoro-gate-linfluenceuse-chiara-ferragni-accusee-davoir-detourne-des-fonds-caritatifs-99711321.html\" target=\"_blank\" rel=\"noopener\">avec des brioches de No\u00ebl et des \u0153ufs de P\u00e2ques caritatifs<\/a>, ce qui lui a d\u00e9j\u00e0 valu de devoir payer des amendes et des d\u00e9dommagements.\u00a0<\/p>\n<p>Un scandale en Italie<\/p>\n<p data-module=\"article-paragraph\" class=\"jsx-157965717 Paragraph\">Tout a commenc\u00e9 quand l&rsquo;influenceuse avait parrain\u00e9 \u00e0 No\u00ebl 2022 un pandoro, une brioche traditionnellement vendue \u00e0 cette p\u00e9riode, laissant entendre qu&rsquo;une partie des recettes serait revers\u00e9e \u00e0 un h\u00f4pital, au profit d&rsquo;enfants souffrant de cancers des os. Mais fin 2024, une journaliste avait d\u00e9couvert que les acheteurs de ce pandoro \u00ab\u00a0Pink Christmas\u00a0\u00bb, vendu 9 euros au lieu de 3,70 habituellement, avaient \u00e9t\u00e9 induits en erreur.<\/p>\n<p data-module=\"article-paragraph\" class=\"jsx-157965717 Paragraph Paragraph__End\">Le fabricant des brioches, Balocco, s&rsquo;\u00e9tait limit\u00e9 \u00e0 faire une donation forfaitaire de 50.000 euros \u00e0 l&rsquo;h\u00f4pital avant l&rsquo;op\u00e9ration, tandis que la vente avait rapport\u00e9 plus d&rsquo;un million d&rsquo;euros aux soci\u00e9t\u00e9s d\u00e9tenues par Chiara Ferragni. Des \u0153ufs de P\u00e2ques vendus en 2021 et 2022 avaient \u00e9galement \u00e9t\u00e9 vis\u00e9s dans ce scandale qui a fait les gros titres en Italie.\u00a0<\/p>\n<p>Une amende d&rsquo;un million d&rsquo;euros<\/p>\n<p data-module=\"article-paragraph\" class=\"jsx-157965717 Paragraph Paragraph__End\">Le parquet de Milan avait requis une peine d&rsquo;un an et huit mois de prison contre Chiara Ferragni et son bras droit Fabio Damato, ainsi qu&rsquo;un an de prison contre le patron de la marque qui a fabriqu\u00e9 les \u0153ufs de P\u00e2ques. Ils ont aussi \u00e9t\u00e9 acquitt\u00e9s. Le juge milanais n&rsquo;a pas retenu l&rsquo;accusation de fraude \u00ab\u00a0aggrav\u00e9e\u00a0\u00bb et celle de simple escroquerie \u00e9tait devenue caduque apr\u00e8s le retrait de la plainte \u00e0 l&rsquo;origine du proc\u00e8s. L&rsquo;association de consommateurs qui l&rsquo;avait d\u00e9pos\u00e9e l&rsquo;a en effet retir\u00e9e apr\u00e8s le versement de d\u00e9dommagements par l&rsquo;influenceuse, a pr\u00e9cis\u00e9 \u00e0 l&rsquo;AFP un avocat des associations de consommateurs, Aniello Chianese.\u00a0<\/p>\n<p data-module=\"article-paragraph\" class=\"jsx-157965717 Paragraph Paragraph__End\">Parall\u00e8lement, Chiara Ferragni a d\u00e9j\u00e0 d\u00fb verser une amende d&rsquo;un million d&rsquo;euros pour pratiques commerciales d\u00e9loyales, inflig\u00e9e par le gendarme italien de la concurrence (AGCM) \u2013 soit une somme \u00e9quivalente aux b\u00e9n\u00e9fices r\u00e9alis\u00e9s. La soci\u00e9t\u00e9 Balocco avait, elle, \u00e9t\u00e9 condamn\u00e9e \u00e0 une amende de 420.000 euros. Entre amendes et dons, les soci\u00e9t\u00e9s accus\u00e9es ont d\u00e9j\u00e0 revers\u00e9 environ 3,4 millions d&rsquo;euros, selon les avocats de Chiara Ferragni.<\/p>\n<p>La chute d&rsquo;une star de l&rsquo;influence<\/p>\n<p data-module=\"article-paragraph\" class=\"jsx-157965717 Paragraph Paragraph__End\">Chiara Ferragni a d\u00e9but\u00e9 sa carri\u00e8re sur Internet en 2009 avec un blog de mode, \u00ab\u00a0The Blonde Salad\u00a0\u00bb, alors qu&rsquo;elle \u00e9tait \u00e9tudiante en droit. La jeune blonde aux yeux bleus a ensuite \u00e9t\u00e9 l&rsquo;une des premi\u00e8res \u00e0 surfer sur l&rsquo;explosion des r\u00e9seaux sociaux pour se placer dans le milieu de la mode.\u00a0Elle est devenue la reine des influenceuses italiennes, collaborant avec Lanc\u00f4me, Dior ou Chanel, et lan\u00e7ant ses propres marques de v\u00eatements et de maquillage.\u00a0<\/p>\n<p data-module=\"article-paragraph\" class=\"jsx-157965717 Paragraph Paragraph__End\">En Italie et au-del\u00e0, ses abonn\u00e9s suivaient aussi sa vie de couple \u00e0 Milan avec la star du rap italien Fedez et leurs deux enfants. Une fois sa r\u00e9putation salie, la chute de l&rsquo;influenceuse a \u00e9t\u00e9 dure et rapide. Elle a perdu des abonn\u00e9s, et sa soci\u00e9t\u00e9 TBS a enregistr\u00e9 une perte de 2,3 millions d&rsquo;euros en 2025, contre 4,4 millions de b\u00e9n\u00e9fices nets en 2023. Chiara Ferragni s&rsquo;est \u00e9galement s\u00e9par\u00e9e de Fedez en 2024, apr\u00e8s six ans de mariage et une histoire d&rsquo;infid\u00e9lit\u00e9. L&rsquo;omnipr\u00e9sente influenceuse s&rsquo;est faite plus rare pendant un temps. D\u00e9sormais acquitt\u00e9e, pr\u00e9sente au tribunal pour affronter les cam\u00e9ras, elle pourrait tenter de rena\u00eetre tel un \u00ab\u00a0ph\u00e9nix\u00a0\u00bb, du nom d&rsquo;une de ses soci\u00e9t\u00e9s.<\/p>\n<p><a href=\"https:\/\/www.tf1info.fr\/culture\/lena-situations-les-influenceurs-prennent-ils-la-place-des-acteurs-des-voix-s-elevent-contre-les-algo-babies-2417874.html\" rel=\"noopener\" class=\"jsx-3308031228 Link flex\" target=\"_blank\"><img decoding=\"async\" src=\"https:\/\/www.europesays.com\/fr\/wp-content\/uploads\/2026\/01\/les-influenceurs-piquent-ils-la-place-des-acteurs-82d5fe-0@1x.jpeg\" alt=\"Capture vid\u00e9o LCI\" loading=\"lazy\" importance=\"low\" fetchpriority=\"low\" class=\"\" aria-hidden=\"true\"\/><\/p>\n<p class=\"jsx-3657663356 ReadMoreArticle__Title\">Lire aussi<\/p>\n<p class=\"jsx-3657663356\">Les influenceurs prennent-ils la place des acteurs ? Des voix s&rsquo;\u00e9l\u00e8vent contre les \u00ab\u00a0algo-babies\u00a0\u00bb<\/p>\n<p><\/a><\/p>\n<p data-module=\"article-paragraph\" class=\"jsx-157965717 Paragraph Paragraph__End\">Elle est d\u00e9j\u00e0 revenue timidement sur le devant de la sc\u00e8ne fin 2025 avec des v\u00eatements (sigl\u00e9s \u00ab\u00a0club des \u00e9ternels na\u00effs\u00a0\u00bb en italien) et une bougie parfum\u00e9e, ainsi que des images de ses vacances au Br\u00e9sil et en Colombie. Le gouvernement italien a profit\u00e9 de cette affaire pour serrer la vis aux influenceurs. Ceux qui comptent plus de 500.000 abonn\u00e9s doivent d\u00e9sormais s&rsquo;enregistrer aupr\u00e8s de l&rsquo;Autorit\u00e9 italienne en charge des communications (AGCOM) et respecter des r\u00e8gles de transparence.<\/p>\n<p>Rania HOBALLAH avec AFP<\/p>\n","protected":false},"excerpt":{"rendered":"La c\u00e9l\u00e8bre influenceuse italienne a \u00e9t\u00e9 acquitt\u00e9e mercredi par le tribunal de Milan (nord) dans un proc\u00e8s pour&hellip;\n","protected":false},"author":2,"featured_media":665625,"comment_status":"","ping_status":"","sticky":false,"template":"","format":"standard","meta":{"footnotes":""},"categories":[1359],"tags":[1111,11,1921,58,59,1011,27,2480,1922,452,2041,973,2694,133,2040],"class_list":{"0":"post-665624","1":"post","2":"type-post","3":"status-publish","4":"format-standard","5":"has-post-thumbnail","7":"category-people","8":"tag-actu","9":"tag-actualites","10":"tag-article-video","11":"tag-divertissement","12":"tag-entertainment","13":"tag-fr","14":"tag-france","15":"tag-influenceurs","16":"tag-info","17":"tag-italie","18":"tag-medias-et-divertissement","19":"tag-people","20":"tag-proces","21":"tag-video","22":"tag-video-culture"},"share_on_mastodon":{"url":"https:\/\/pubeurope.com\/@fr\/115899861893491342","error":""},"_links":{"self":[{"href":"https:\/\/www.europesays.com\/fr\/wp-json\/wp\/v2\/posts\/665624","targetHints":{"allow":["GET"]}}],"collection":[{"href":"https:\/\/www.europesays.com\/fr\/wp-json\/wp\/v2\/posts"}],"about":[{"href":"https:\/\/www.europesays.com\/fr\/wp-json\/wp\/v2\/types\/post"}],"author":[{"embeddable":true,"href":"https:\/\/www.europesays.com\/fr\/wp-json\/wp\/v2\/users\/2"}],"replies":[{"embeddable":true,"href":"https:\/\/www.europesays.com\/fr\/wp-json\/wp\/v2\/comments?post=665624"}],"version-history":[{"count":0,"href":"https:\/\/www.europesays.com\/fr\/wp-json\/wp\/v2\/posts\/665624\/revisions"}],"wp:featuredmedia":[{"embeddable":true,"href":"https:\/\/www.europesays.com\/fr\/wp-json\/wp\/v2\/media\/665625"}],"wp:attachment":[{"href":"https:\/\/www.europesays.com\/fr\/wp-json\/wp\/v2\/media?parent=665624"}],"wp:term":[{"taxonomy":"category","embeddable":true,"href":"https:\/\/www.europesays.com\/fr\/wp-json\/wp\/v2\/categories?post=665624"},{"taxonomy":"post_tag","embeddable":true,"href":"https:\/\/www.europesays.com\/fr\/wp-json\/wp\/v2\/tags?post=665624"}],"curies":[{"name":"wp","href":"https:\/\/api.w.org\/{rel}","templated":true}]}}