{"id":665626,"date":"2026-01-15T15:38:18","date_gmt":"2026-01-15T15:38:18","guid":{"rendered":"https:\/\/www.europesays.com\/fr\/665626\/"},"modified":"2026-01-15T15:38:18","modified_gmt":"2026-01-15T15:38:18","slug":"le-centre-pompidou-perd-une-galerie-du-grand-palais","status":"publish","type":"post","link":"https:\/\/www.europesays.com\/fr\/665626\/","title":{"rendered":"Le Centre Pompidou perd une galerie du Grand Palais"},"content":{"rendered":"<p>Collection d\u2019art brut Bruno Decharme cet \u00e9t\u00e9, tr\u00e9sors des collections de dessin cet hiver, puis r\u00e9trospective in\u00e9dite en France d\u2019Hilma af Klint d\u00e8s mai prochain\u00a0: depuis la r\u00e9ouverture du Grand Palais, le Centre Pompidou a fait de la petite galerie 8 l\u2019un des piliers de sa \u00ab\u00a0Constellation\u00a0\u00bb, cette programmation \u00e9clat\u00e9e en divers lieux qui doit permettre au mus\u00e9e national d\u2019Art moderne\u2026<\/p>\n","protected":false},"excerpt":{"rendered":"Collection d\u2019art brut Bruno Decharme cet \u00e9t\u00e9, tr\u00e9sors des collections de dessin cet hiver, puis r\u00e9trospective in\u00e9dite en&hellip;\n","protected":false},"author":2,"featured_media":665627,"comment_status":"","ping_status":"","sticky":false,"template":"","format":"standard","meta":{"footnotes":""},"categories":[1358],"tags":[1348,1384,1385,4223,1386,58,59,1011,27,1398,7107],"class_list":{"0":"post-665626","1":"post","2":"type-post","3":"status-publish","4":"format-standard","5":"has-post-thumbnail","7":"category-arts-et-design","8":"tag-arts","9":"tag-arts-and-design","10":"tag-arts-et-design","11":"tag-centre-pompidou","12":"tag-design","13":"tag-divertissement","14":"tag-entertainment","15":"tag-fr","16":"tag-france","17":"tag-grand-palais","18":"tag-musees"},"share_on_mastodon":{"url":"https:\/\/pubeurope.com\/@fr\/115899865680262479","error":""},"_links":{"self":[{"href":"https:\/\/www.europesays.com\/fr\/wp-json\/wp\/v2\/posts\/665626","targetHints":{"allow":["GET"]}}],"collection":[{"href":"https:\/\/www.europesays.com\/fr\/wp-json\/wp\/v2\/posts"}],"about":[{"href":"https:\/\/www.europesays.com\/fr\/wp-json\/wp\/v2\/types\/post"}],"author":[{"embeddable":true,"href":"https:\/\/www.europesays.com\/fr\/wp-json\/wp\/v2\/users\/2"}],"replies":[{"embeddable":true,"href":"https:\/\/www.europesays.com\/fr\/wp-json\/wp\/v2\/comments?post=665626"}],"version-history":[{"count":0,"href":"https:\/\/www.europesays.com\/fr\/wp-json\/wp\/v2\/posts\/665626\/revisions"}],"wp:featuredmedia":[{"embeddable":true,"href":"https:\/\/www.europesays.com\/fr\/wp-json\/wp\/v2\/media\/665627"}],"wp:attachment":[{"href":"https:\/\/www.europesays.com\/fr\/wp-json\/wp\/v2\/media?parent=665626"}],"wp:term":[{"taxonomy":"category","embeddable":true,"href":"https:\/\/www.europesays.com\/fr\/wp-json\/wp\/v2\/categories?post=665626"},{"taxonomy":"post_tag","embeddable":true,"href":"https:\/\/www.europesays.com\/fr\/wp-json\/wp\/v2\/tags?post=665626"}],"curies":[{"name":"wp","href":"https:\/\/api.w.org\/{rel}","templated":true}]}}