{"id":665630,"date":"2026-01-15T15:41:10","date_gmt":"2026-01-15T15:41:10","guid":{"rendered":"https:\/\/www.europesays.com\/fr\/665630\/"},"modified":"2026-01-15T15:41:10","modified_gmt":"2026-01-15T15:41:10","slug":"madonna-ne-veut-plus-quitter-le-maroc","status":"publish","type":"post","link":"https:\/\/www.europesays.com\/fr\/665630\/","title":{"rendered":"Madonna ne veut plus \u00ab quitter \u00bb le Maroc"},"content":{"rendered":"<p>La <a href=\"https:\/\/www.bladi.net\/madonna-marrakech-reveillon-2026-clin-oeil-achraf-hakimi,118697.html\" class=\"spip_in\" target=\"_blank\" rel=\"noopener\">chanteuse Madonna<\/a> a publi\u00e9 un message d\u2019attachement au Maroc sur son compte Instagram, affirmant ne pas pouvoir \u00ab\u00a0quitter\u00a0\u00bb le pays. Actuellement en s\u00e9jour prolong\u00e9, l\u2019artiste documente ses visites \u00e0 F\u00e8s, Marrakech et Agafay, offrant une exposition mondiale au patrimoine national.<\/p>\n<p>Le message \u00ab\u00a0Morocco\u2026 I can\u2019t let go of you\u00a0!\u00a0\u00bb accompagne une s\u00e9rie de clich\u00e9s illustrant son immersion dans la culture marocaine. Ses publications, suivies par des millions d\u2019abonn\u00e9s, mettent en avant des sites sp\u00e9cifiques comme la m\u00e9dersa El Attarine \u00e0 F\u00e8s ou les \u00e9tals d\u2019artisanat de la m\u00e9dina de Marrakech.<\/p>\n<p><strong>\u00c0 lire\u00a0: <a href=\"https:\/\/www.bladi.net\/madonna-marrakech-reveillon-2026-clin-oeil-achraf-hakimi,118697.html\" class=\"spip_in\" target=\"_blank\" rel=\"noopener\">Madonna \u00e0 Marrakech\u00a0: R\u00e9veillon 2026 et clin d\u2019\u0153il \u00e0 Achraf Hakimi<\/a><\/strong><\/p>\n<p>Pour le r\u00e9veillon 2026, l\u2019artiste a s\u00e9journ\u00e9 dans le d\u00e9sert d\u2019Agafay avec ses proches. Elle y a port\u00e9 une cr\u00e9ation de la styliste marocaine Fadela El Gadi lors d\u2019une soir\u00e9e rythm\u00e9e par des spectacles de Tbourida et de Dakka Marrakchia.<\/p>\n<p><strong>\u00c0 lire\u00a0: <a href=\"https:\/\/www.bladi.net\/chateau-marocain-madonna-vente-los-angeles,100348.html\" class=\"spip_in\" target=\"_blank\" rel=\"noopener\">L\u2019ancien ch\u00e2teau marocain de Madonna mis en vente pr\u00e8s de Los Angeles<\/a><\/strong><\/p>\n<p>Le p\u00e9riple de la star a \u00e9galement inclus une dimension historique avec la visite du cimeti\u00e8re juif de F\u00e8s et la d\u00e9couverte de chants soufis au Palais Mnebhi. \u00c0 Marrakech, Madonna a privil\u00e9gi\u00e9 une approche ax\u00e9e sur l\u2019authenticit\u00e9, photographiant des sc\u00e8nes de vie quotidienne et des produits du terroir plut\u00f4t que des infrastructures h\u00f4teli\u00e8res classiques.<\/p>\n<blockquote class=\"instagram-media\" data-instgrm-captioned=\"\" data-instgrm-permalink=\"https:\/\/www.instagram.com\/p\/DTdqei8AWqj\/\" data-instgrm-version=\"14\"\/>\n<p>                                    <script async src=\"\/\/www.instagram.com\/embed.js\"><\/script><\/p>\n","protected":false},"excerpt":{"rendered":"La chanteuse Madonna a publi\u00e9 un message d\u2019attachement au Maroc sur son compte Instagram, affirmant ne pas pouvoir&hellip;\n","protected":false},"author":2,"featured_media":665631,"comment_status":"","ping_status":"","sticky":false,"template":"","format":"standard","meta":{"footnotes":""},"categories":[1355],"tags":[58,59,1011,27,1361,873],"class_list":{"0":"post-665630","1":"post","2":"type-post","3":"status-publish","4":"format-standard","5":"has-post-thumbnail","7":"category-musique","8":"tag-divertissement","9":"tag-entertainment","10":"tag-fr","11":"tag-france","12":"tag-music","13":"tag-musique"},"share_on_mastodon":{"url":"https:\/\/pubeurope.com\/@fr\/115899877551444296","error":""},"_links":{"self":[{"href":"https:\/\/www.europesays.com\/fr\/wp-json\/wp\/v2\/posts\/665630","targetHints":{"allow":["GET"]}}],"collection":[{"href":"https:\/\/www.europesays.com\/fr\/wp-json\/wp\/v2\/posts"}],"about":[{"href":"https:\/\/www.europesays.com\/fr\/wp-json\/wp\/v2\/types\/post"}],"author":[{"embeddable":true,"href":"https:\/\/www.europesays.com\/fr\/wp-json\/wp\/v2\/users\/2"}],"replies":[{"embeddable":true,"href":"https:\/\/www.europesays.com\/fr\/wp-json\/wp\/v2\/comments?post=665630"}],"version-history":[{"count":0,"href":"https:\/\/www.europesays.com\/fr\/wp-json\/wp\/v2\/posts\/665630\/revisions"}],"wp:featuredmedia":[{"embeddable":true,"href":"https:\/\/www.europesays.com\/fr\/wp-json\/wp\/v2\/media\/665631"}],"wp:attachment":[{"href":"https:\/\/www.europesays.com\/fr\/wp-json\/wp\/v2\/media?parent=665630"}],"wp:term":[{"taxonomy":"category","embeddable":true,"href":"https:\/\/www.europesays.com\/fr\/wp-json\/wp\/v2\/categories?post=665630"},{"taxonomy":"post_tag","embeddable":true,"href":"https:\/\/www.europesays.com\/fr\/wp-json\/wp\/v2\/tags?post=665630"}],"curies":[{"name":"wp","href":"https:\/\/api.w.org\/{rel}","templated":true}]}}