{"id":665632,"date":"2026-01-15T15:42:13","date_gmt":"2026-01-15T15:42:13","guid":{"rendered":"https:\/\/www.europesays.com\/fr\/665632\/"},"modified":"2026-01-15T15:42:13","modified_gmt":"2026-01-15T15:42:13","slug":"lacteur-matthew-mcconaughey-fait-breveter-son-image-et-sa-voix-pour-se-proteger-des-derives-de-lintelligence-artificielle","status":"publish","type":"post","link":"https:\/\/www.europesays.com\/fr\/665632\/","title":{"rendered":"L&rsquo;acteur Matthew McConaughey fait breveter son image et sa voix pour se prot\u00e9ger des d\u00e9rives de l&rsquo;intelligence artificielle"},"content":{"rendered":"\n<p class=\"c-chapo \">\n  Le com\u00e9dien am\u00e9ricain prend les devants pour prot\u00e9ger l\u00e9galement son image et sa voix des risques li\u00e9s au d\u00e9veloppement de l&rsquo;IA\u00a0sauvage.\n<\/p>\n<p>      lire plus tard<\/p>\n<p id=\"dialog__title\" class=\"dialog__title\">Pour sauvegarder cet article, connectez-vous ou cr\u00e9ez un compte franceinfo<\/p>\n<p class=\"dialog__description\">Sans paiement. Sans abonnement.<\/p>\n<p>        Fermer la fen\u00eatre d\u2019activation des notifications France Info<\/p>\n<p>      cr\u00e9er votre compte<\/p>\n<p>      se connecter<\/p>\n<p>      :<\/p>\n<p>        Fermer la fen\u00eatre de pr\u00e9sentation<\/p>\n<p>    <img loading=\"lazy\" decoding=\"async\" class=\"signature__image lazyload\" width=\"100\" height=\"100\" data- alt=\"\" src=\"https:\/\/www.europesays.com\/fr\/wp-content\/uploads\/2025\/05\/64abd44855ee1_placeholder-36b69ec8.png\"\/><\/p>\n<p>          France T\u00e9l\u00e9visions &#8211; R\u00e9daction Culture<\/p>\n<p>    Publi\u00e9 le 15\/01\/2026 15:50<\/p>\n<p>        Temps de lecture : 2min<\/p>\n<p>    <img decoding=\"async\"  alt=\"L'acteur Matthew McConaughey en visite \u00e0 l'Empire State Building, \u00e0 New\u00a0York, en septembre\u00a02023. (VANESSA CARVALHO\u00a0\/\u00a0BRAZIL PHOTO PRESS\u00a0\/\u00a0AFP)\" width=\"432\" height=\"243\" src=\"https:\/\/www.europesays.com\/fr\/wp-content\/uploads\/2026\/01\/056-vfc-empirestatebuilding3329-6968f55da7142018585681.jpg\" fetchpriority=\"high\"\/><\/p>\n<p>      L&rsquo;acteur Matthew McConaughey en visite \u00e0 l&rsquo;Empire State Building, \u00e0 New\u00a0York, en septembre\u00a02023. (VANESSA CARVALHO\u00a0\/\u00a0BRAZIL PHOTO PRESS\u00a0\/\u00a0AFP)<\/p>\n<p>L&rsquo;acteur, r\u00e9alisateur et sc\u00e9nariste am\u00e9ricain Matthew McConaughey a d\u00e9pos\u00e9 des extraits vid\u00e9o de son image et des enregistrements sonores de sa voix aupr\u00e8s de l&rsquo;Institut am\u00e9ricain de la propri\u00e9t\u00e9 intellectuelle, pour les prot\u00e9ger d&rsquo;une utilisation indue par des groupes ou des plateformes d&rsquo;intelligence artificielle\u00a0(IA).<\/p>\n<p>Plusieurs contenus audiovisuels ont \u00e9t\u00e9 enregistr\u00e9s par la branche commerciale de la <a href=\"https:\/\/jklivinfoundation.org\/\" target=\"_blank\" rel=\"noopener\">fondation \u00ab\u00a0Just keep livin\u00a0\u00bb<\/a>, cr\u00e9\u00e9e par le com\u00e9dien et son \u00e9pouse Camila, a constat\u00e9 l&rsquo;AFP dans la base de donn\u00e9es de l&rsquo;United States Patent and Trademark Office (USPTO). De nombreux artistes s&rsquo;inqui\u00e8tent de l&rsquo;utilisation sauvage de leur image via l&rsquo;IA\u00a0g\u00e9n\u00e9rative depuis l&rsquo;arriv\u00e9e de ChatGPT.<\/p>\n<p>Plusieurs \u00c9tats am\u00e9ricains ont adopt\u00e9 des textes la prohibant, mais beaucoup s&rsquo;appliquent surtout \u00e0 l&rsquo;utilisation malveillante ou \u00e0 des fins commerciales. Seuls quelques-uns, notamment le Elvis\u00a0Act vot\u00e9 par le parlement local du Tennessee en 2024, offrent une protection plus g\u00e9n\u00e9rale.<\/p>\n<p>Tr\u00e8s peu d&rsquo;acteurs ont saisi la justice pour faire valoir leurs droits, l&rsquo;un des exemples les plus marquants restant celui de Scarlett Johansson, qui a attaqu\u00e9 en 2023 l&rsquo;application Lisa\u00a0AI pour avoir cr\u00e9\u00e9, sans son consentement, un avatar\u00a0IA \u00e0 son image pour une publicit\u00e9.<\/p>\n<\/p>\n<p>L&rsquo;approche de Matthew McConaughey est nouvelle car il prend les devants pour prot\u00e9ger l\u00e9galement son image et sa voix. Le com\u00e9dien qui a remport\u00e9 <a href=\"http:\/\/www.franceinfo.fr\/culture\/cinema\/la-deuxieme-vie-de-matthew-mcconaughey_507645.html#:~:text=Autrefois%20cantonn%C3%A9%20aux%20r%C3%B4les%20de,Golden%20Globe%20du%20meilleur%20acteur.\" target=\"_blank\" rel=\"noopener\">l&rsquo;Oscar du meilleur acteur en 2014<\/a> pour son interpr\u00e9tation dans le film Dallas Buyers Club n&rsquo;est n\u00e9anmoins pas oppos\u00e9 \u00e0 l&rsquo;IA g\u00e9n\u00e9rative, bien au contraire. Il a ainsi pris une participation au capital de la start-up ElevenLabs, sp\u00e9cialis\u00e9e dans les voix. Cette derni\u00e8re a cr\u00e9\u00e9 une version\u00a0IA audio de Matthew McConaughey, avec sa permission.<\/p>\n<p>\u00ab\u00a0Nous voulons nous assurer que nos clients b\u00e9n\u00e9ficient de la m\u00eame protection que leurs soci\u00e9t\u00e9s\u00a0\u00bb, a expliqu\u00e9 l&rsquo;avocat Kevin Yorn, qui repr\u00e9sente Matthew McConaughey. Il souhaite aussi s'\u00a0\u00bbassurer qu&rsquo;ils peuvent \u00eatre r\u00e9mun\u00e9r\u00e9s pour l&rsquo;utilisation de leur voix et de leur image par cette nouvelle technologie\u00a0\u00bb.<\/p>\n","protected":false},"excerpt":{"rendered":"Le com\u00e9dien am\u00e9ricain prend les devants pour prot\u00e9ger l\u00e9galement son image et sa voix des risques li\u00e9s au&hellip;\n","protected":false},"author":2,"featured_media":665633,"comment_status":"","ping_status":"","sticky":false,"template":"","format":"standard","meta":{"footnotes":""},"categories":[1354],"tags":[58,59,1346,1011,27,1360],"class_list":{"0":"post-665632","1":"post","2":"type-post","3":"status-publish","4":"format-standard","5":"has-post-thumbnail","7":"category-films","8":"tag-divertissement","9":"tag-entertainment","10":"tag-films","11":"tag-fr","12":"tag-france","13":"tag-movies"},"share_on_mastodon":{"url":"https:\/\/pubeurope.com\/@fr\/115899881611387423","error":""},"_links":{"self":[{"href":"https:\/\/www.europesays.com\/fr\/wp-json\/wp\/v2\/posts\/665632","targetHints":{"allow":["GET"]}}],"collection":[{"href":"https:\/\/www.europesays.com\/fr\/wp-json\/wp\/v2\/posts"}],"about":[{"href":"https:\/\/www.europesays.com\/fr\/wp-json\/wp\/v2\/types\/post"}],"author":[{"embeddable":true,"href":"https:\/\/www.europesays.com\/fr\/wp-json\/wp\/v2\/users\/2"}],"replies":[{"embeddable":true,"href":"https:\/\/www.europesays.com\/fr\/wp-json\/wp\/v2\/comments?post=665632"}],"version-history":[{"count":0,"href":"https:\/\/www.europesays.com\/fr\/wp-json\/wp\/v2\/posts\/665632\/revisions"}],"wp:featuredmedia":[{"embeddable":true,"href":"https:\/\/www.europesays.com\/fr\/wp-json\/wp\/v2\/media\/665633"}],"wp:attachment":[{"href":"https:\/\/www.europesays.com\/fr\/wp-json\/wp\/v2\/media?parent=665632"}],"wp:term":[{"taxonomy":"category","embeddable":true,"href":"https:\/\/www.europesays.com\/fr\/wp-json\/wp\/v2\/categories?post=665632"},{"taxonomy":"post_tag","embeddable":true,"href":"https:\/\/www.europesays.com\/fr\/wp-json\/wp\/v2\/tags?post=665632"}],"curies":[{"name":"wp","href":"https:\/\/api.w.org\/{rel}","templated":true}]}}