{"id":665638,"date":"2026-01-15T15:45:13","date_gmt":"2026-01-15T15:45:13","guid":{"rendered":"https:\/\/www.europesays.com\/fr\/665638\/"},"modified":"2026-01-15T15:45:13","modified_gmt":"2026-01-15T15:45:13","slug":"valerie-benaim-sest-confiee-sur-sa-maladie-neurodegenerative","status":"publish","type":"post","link":"https:\/\/www.europesays.com\/fr\/665638\/","title":{"rendered":"Val\u00e9rie Bena\u00efm s\u2019est confi\u00e9e sur sa maladie neurod\u00e9g\u00e9n\u00e9rative"},"content":{"rendered":"<p>C\u2019est \u00e0 une \u00e9mouvante confession que s\u2019est livr\u00e9e <a href=\"https:\/\/www.20minutes.fr\/television\/1332058-20140324-video-valerie-benaim-desolee-blackface-touche-poste\" class=\"c-link c-link--is-underlined\" target=\"_blank\" rel=\"noopener\">Val\u00e9rie Bena\u00efm<\/a> dans <a href=\"https:\/\/www.m6.fr\/le-prime-des-verites-p_27886\" rel=\"nofollow noopener\" target=\"_blank\" class=\"c-link c-link--is-underlined\">Le Prime des v\u00e9rit\u00e9s<\/a>, une \u00e9mission sp\u00e9ciale anim\u00e9e par <a href=\"https:\/\/www.20minutes.fr\/arts-stars\/television\/cyril_hanouna\/\" class=\"c-link c-link--is-underlined\" target=\"_blank\" rel=\"noopener\">Cyril Hanouna<\/a> et diffus\u00e9e mercredi 14\u00a0janvier 2026 sur <a href=\"https:\/\/www.20minutes.fr\/dossier\/w9\" class=\"c-link c-link--is-underlined\" target=\"_blank\" rel=\"noopener\">W9<\/a>\u00a0: la chroniqueuse de 56 ans y a en effet r\u00e9v\u00e9l\u00e9 \u00eatre atteinte d\u2019une <a href=\"https:\/\/www.20minutes.fr\/marseille\/1842259-20160509-marseille-recherche-structure-contre-maladies-neurodegeneratives\" class=\"c-link c-link--is-underlined\" target=\"_blank\" rel=\"noopener\">maladie neurod\u00e9g\u00e9n\u00e9rative<\/a>.<\/p>\n<\/p>\n<p>interpell\u00e9e par une t\u00e9l\u00e9spectatrice se pr\u00e9sentant comme \u00ab\u00a0\u00e9galement atteinte d\u2019une maladie d\u00e9g\u00e9n\u00e9rative \u00e0 l\u2019<a href=\"https:\/\/www.20minutes.fr\/dossier\/oreille\" class=\"c-link c-link--is-underlined\" target=\"_blank\" rel=\"noopener\">oreille<\/a>\u00a0\u00bb, Val\u00e9rie Bena\u00efm, visiblement \u00e9mue, a reconnu \u00e0 l\u2019antenne avoir \u00e9t\u00e9 diagnostiqu\u00e9e, il y a un peu plus d\u2019un an, d\u2019une affection appel\u00e9e <a href=\"https:\/\/www.20minutes.fr\/arts-stars\/people\/4083832-20240328-otospongiose-frederic-lopez-evoque-premiere-fois-mal-fait-perdre-audition\" class=\"c-link c-link--is-underlined\" target=\"_blank\" rel=\"noopener\">otospongiose<\/a> et entra\u00eenant une <a href=\"https:\/\/www.20minutes.fr\/dossier\/surdite\" class=\"c-link c-link--is-underlined\" target=\"_blank\" rel=\"noopener\">surdit\u00e9 <\/a>\u00e9volutive.<\/p>\n<p>Une audition partiellement \u00ab\u00a0sauv\u00e9e\u00a0\u00bb<\/p>\n<p>\u00ab\u00a0J\u2019ai eu beaucoup de chance car on m\u2019a fait une batterie de tests et j\u2019ai pu \u00eatre op\u00e9r\u00e9e\u00a0\u00bb, a-t-elle ensuite nuanc\u00e9, avant de pr\u00e9ciser qu\u2019elle consid\u00e9rait avoir eu \u00ab\u00a0beaucoup de chance\u00a0\u00bb car elle n\u2019est touch\u00e9e \u00ab\u00a0qu\u2019\u00e0 une oreille\u00a0\u00bb, et qu\u2019elle se r\u00e9jouissait d\u2019avoir \u00ab\u00a0r\u00e9cup\u00e9r\u00e9 80\u00a0%\u00a0\u00bb de son <a href=\"https:\/\/www.20minutes.fr\/dossier\/audition\" class=\"c-link c-link--is-underlined\" target=\"_blank\" rel=\"noopener\">audition<\/a>.<\/p>\n<p><a href=\"https:\/\/www.20minutes.fr\/arts-stars\/television\/tout-beau-tout-n9uf\/\" class=\"c-link c-btn c-btn--primary\" target=\"_blank\" rel=\"noopener\">Notre dossier \u00ab Tout beau, tout n9uf \u00bb<\/a><\/p>\n<p>Pour autant, l\u2019animatrice a \u00e9galement confi\u00e9 avoir encore des vertiges. \u00ab\u00a0Malheureusement, j\u2019ai fait un rejet de l\u2019implant qu\u2019on m\u2019a pos\u00e9, ce qui a entra\u00een\u00e9 la formation d\u2019un kyste et une inflammation dans ma t\u00eate depuis un an\u00a0\u00bb a-t-elle d\u00e9clar\u00e9, ajoutant qu\u2019elle allait probablement \u00ab\u00a0garder des s\u00e9quelles\u00a0\u00bb de l\u2019<a href=\"https:\/\/www.20minutes.fr\/dossier\/chirurgie\" class=\"c-link c-link--is-underlined\" target=\"_blank\" rel=\"noopener\">op\u00e9ration<\/a>.<\/p>\n","protected":false},"excerpt":{"rendered":"C\u2019est \u00e0 une \u00e9mouvante confession que s\u2019est livr\u00e9e Val\u00e9rie Bena\u00efm dans Le Prime des v\u00e9rit\u00e9s, une \u00e9mission sp\u00e9ciale&hellip;\n","protected":false},"author":2,"featured_media":665639,"comment_status":"","ping_status":"","sticky":false,"template":"","format":"standard","meta":{"footnotes":""},"categories":[8],"tags":[1083,58,59,1011,27,226,222,973,49425,2395],"class_list":{"0":"post-665638","1":"post","2":"type-post","3":"status-publish","4":"format-standard","5":"has-post-thumbnail","7":"category-divertissement","8":"tag-cyril-hanouna","9":"tag-divertissement","10":"tag-entertainment","11":"tag-fr","12":"tag-france","13":"tag-maladie","14":"tag-neurologie","15":"tag-people","16":"tag-tout-beau-tout-n9uf","17":"tag-w9"},"share_on_mastodon":{"url":"https:\/\/pubeurope.com\/@fr\/115899893437094828","error":""},"_links":{"self":[{"href":"https:\/\/www.europesays.com\/fr\/wp-json\/wp\/v2\/posts\/665638","targetHints":{"allow":["GET"]}}],"collection":[{"href":"https:\/\/www.europesays.com\/fr\/wp-json\/wp\/v2\/posts"}],"about":[{"href":"https:\/\/www.europesays.com\/fr\/wp-json\/wp\/v2\/types\/post"}],"author":[{"embeddable":true,"href":"https:\/\/www.europesays.com\/fr\/wp-json\/wp\/v2\/users\/2"}],"replies":[{"embeddable":true,"href":"https:\/\/www.europesays.com\/fr\/wp-json\/wp\/v2\/comments?post=665638"}],"version-history":[{"count":0,"href":"https:\/\/www.europesays.com\/fr\/wp-json\/wp\/v2\/posts\/665638\/revisions"}],"wp:featuredmedia":[{"embeddable":true,"href":"https:\/\/www.europesays.com\/fr\/wp-json\/wp\/v2\/media\/665639"}],"wp:attachment":[{"href":"https:\/\/www.europesays.com\/fr\/wp-json\/wp\/v2\/media?parent=665638"}],"wp:term":[{"taxonomy":"category","embeddable":true,"href":"https:\/\/www.europesays.com\/fr\/wp-json\/wp\/v2\/categories?post=665638"},{"taxonomy":"post_tag","embeddable":true,"href":"https:\/\/www.europesays.com\/fr\/wp-json\/wp\/v2\/tags?post=665638"}],"curies":[{"name":"wp","href":"https:\/\/api.w.org\/{rel}","templated":true}]}}