{"id":665675,"date":"2026-01-15T16:05:11","date_gmt":"2026-01-15T16:05:11","guid":{"rendered":"https:\/\/www.europesays.com\/fr\/665675\/"},"modified":"2026-01-15T16:05:11","modified_gmt":"2026-01-15T16:05:11","slug":"municipales-2026-a-mundolsheim-la-maire-beatrice-bulou-repart-pour-un-troisieme-mandat","status":"publish","type":"post","link":"https:\/\/www.europesays.com\/fr\/665675\/","title":{"rendered":"Municipales 2026. \u00c0 Mundolsheim, la maire B\u00e9atrice Bulou repart pour un troisi\u00e8me mandat"},"content":{"rendered":"<p>Forte de \u00ab\u00a0l\u2019enthousiasme\u00a0\u00bb de son \u00e9quipe \u00ab\u00a0\u00e0 s\u2019engager\u00a0\u00bb et \u00ab\u00a0\u00e0 faire pour le bien commun\u00a0\u00bb, la maire sortante de Mundolsheim repart en campagne. Entr\u00e9e au conseil en 1995, B\u00e9atrice Bulou est devenue adjointe au cadre de vie au d\u00e9but des ann\u00e9es 2000. Aux \u00e9lections de 2008, l\u2019ing\u00e9nieure en chef de la fonction publique territoriale qu\u2019elle est, laisse la place, prise professionnellement. En\u00a02014 et\u00a02020, elle revient, m\u00e8ne une liste et l\u2019emporte aux&#8230;<\/p>\n","protected":false},"excerpt":{"rendered":"Forte de \u00ab\u00a0l\u2019enthousiasme\u00a0\u00bb de son \u00e9quipe \u00ab\u00a0\u00e0 s\u2019engager\u00a0\u00bb et \u00ab\u00a0\u00e0 faire pour le bien commun\u00a0\u00bb, la maire sortante&hellip;\n","protected":false},"author":2,"featured_media":665676,"comment_status":"","ping_status":"","sticky":false,"template":"","format":"standard","meta":{"footnotes":""},"categories":[2820],"tags":[1111,11,2880,1057,5949,4188,436,1777,674,107,1011,27,775,10425,3264,12,316,25,640,3265,2803],"class_list":{"0":"post-665675","1":"post","2":"type-post","3":"status-publish","4":"format-standard","5":"has-post-thumbnail","7":"category-strasbourg","8":"tag-actu","9":"tag-actualites","10":"tag-edition-strasbourg","11":"tag-education","12":"tag-elections","13":"tag-elections-municipales","14":"tag-environnement","15":"tag-eu","16":"tag-europe","17":"tag-fil-info","18":"tag-fr","19":"tag-france","20":"tag-grand-est","21":"tag-maternelle-elementaire","22":"tag-mundolsheim","23":"tag-news","24":"tag-politique","25":"tag-republique-francaise","26":"tag-strasbourg","27":"tag-strasbourg-nord","28":"tag-transport"},"share_on_mastodon":{"url":"https:\/\/pubeurope.com\/@fr\/115899972040237624","error":""},"_links":{"self":[{"href":"https:\/\/www.europesays.com\/fr\/wp-json\/wp\/v2\/posts\/665675","targetHints":{"allow":["GET"]}}],"collection":[{"href":"https:\/\/www.europesays.com\/fr\/wp-json\/wp\/v2\/posts"}],"about":[{"href":"https:\/\/www.europesays.com\/fr\/wp-json\/wp\/v2\/types\/post"}],"author":[{"embeddable":true,"href":"https:\/\/www.europesays.com\/fr\/wp-json\/wp\/v2\/users\/2"}],"replies":[{"embeddable":true,"href":"https:\/\/www.europesays.com\/fr\/wp-json\/wp\/v2\/comments?post=665675"}],"version-history":[{"count":0,"href":"https:\/\/www.europesays.com\/fr\/wp-json\/wp\/v2\/posts\/665675\/revisions"}],"wp:featuredmedia":[{"embeddable":true,"href":"https:\/\/www.europesays.com\/fr\/wp-json\/wp\/v2\/media\/665676"}],"wp:attachment":[{"href":"https:\/\/www.europesays.com\/fr\/wp-json\/wp\/v2\/media?parent=665675"}],"wp:term":[{"taxonomy":"category","embeddable":true,"href":"https:\/\/www.europesays.com\/fr\/wp-json\/wp\/v2\/categories?post=665675"},{"taxonomy":"post_tag","embeddable":true,"href":"https:\/\/www.europesays.com\/fr\/wp-json\/wp\/v2\/tags?post=665675"}],"curies":[{"name":"wp","href":"https:\/\/api.w.org\/{rel}","templated":true}]}}