{"id":665691,"date":"2026-01-15T16:13:09","date_gmt":"2026-01-15T16:13:09","guid":{"rendered":"https:\/\/www.europesays.com\/fr\/665691\/"},"modified":"2026-01-15T16:13:09","modified_gmt":"2026-01-15T16:13:09","slug":"nous-sommes-la-seule-liste-pro-aeronautique-assumee-lance-jean-luc-moudenc","status":"publish","type":"post","link":"https:\/\/www.europesays.com\/fr\/665691\/","title":{"rendered":"\u00ab\u00a0Nous sommes la seule liste pro-a\u00e9ronautique assum\u00e9e\u00a0\u00bb, lance Jean-Luc Moudenc"},"content":{"rendered":"<p>                    Par<br \/>\n        <strong><br \/>\n            <a href=\"https:\/\/actu.fr\/auteur\/guillaume-laurens\" title=\"Consulter tous les articles de Guillaume Laurens\" target=\"_blank\" rel=\"noopener\">Guillaume Laurens<\/a><br \/>\n                    <\/strong><\/p>\n<p>        Publi\u00e9 le<\/p>\n<p>            15 janv. 2026 \u00e0 17h01        <\/p>\n<p>C\u2019est entour\u00e9 de <a href=\"https:\/\/actu.fr\/occitanie\/toulouse_31555\/municipales-2026-a-toulouse-qui-sont-les-deux-premieres-colistieres-de-la-liste-de-jean-luc-moudenc_63501658.html\" target=\"_blank\" rel=\"noopener\">Julie Servat<\/a> et <a href=\"https:\/\/actu.fr\/occitanie\/toulouse_31555\/municipales-2026-a-toulouse-michel-lacroix-n-2-de-nadia-pellefigue-en-2020-aux-cotes-de-jean-luc-moudenc_63553011.html\" target=\"_blank\" rel=\"noopener\">Michel Lacroix<\/a>, deux des recrues phares de sa liste pour la <a href=\"https:\/\/actu.fr\/toulouse\/politique\/elections-municipales\" target=\"_blank\" rel=\"noopener\">course au Capitole 2026<\/a> et dont il loue le \u00ab\u2009regard expert\u2009\u00bb en mati\u00e8re d\u2019entrepreneuriat, que le maire de <a href=\"https:\/\/actu.fr\/toulouse\/\" target=\"_blank\" rel=\"noopener\"><strong>Toulouse<\/strong> <\/a>et candidat \u00e0 sa succession <strong>Jean-Luc Moudenc<\/strong> a pr\u00e9sent\u00e9 ce jeudi 15\u00a0janvier ses propositions pour <strong>soutenir l\u2019\u00e9conomie<\/strong> locale. Et face aux chantres \u00ab\u2009de la d\u00e9croissance\u2009\u00bb, le camp Moudenc entend \u00ab\u2009conforter \u00ab\u2009la place de la Ville rose dans\u2009<strong>l\u2019a\u00e9ronautique<\/strong> et <strong>le spatial<\/strong>, des th\u00e8mes forts de l\u2019identit\u00e9 toulousaine\u2009\u00bb.<\/p>\n<p>\u00ab\u2009Toulouse, c\u2019est le creuset de l\u2019aviation mondiale\u2009\u00bb<\/p>\n<p class=\" wall-content\">\u00ab\u2009L\u2019a\u00e9ronautique et le spatial sont des <strong>enjeux fondamentaux pour l\u2019emploi<\/strong> de notre territoire. Depuis un si\u00e8cle, ce secteur a \u00e9t\u00e9 le moteur de l\u2019histoire de Toulouse\u2009\u00bb, a rappel\u00e9 le maire-candidat\u2009: \u00ab\u2009Si <a href=\"https:\/\/actu.fr\/occitanie\/toulouse_31555\/avec-514-819-habitants-toulouse-a-failli-devenir-la-3e-ville-de-france-ce-detail-la-maintient-derriere-lyon_63592415.html\" target=\"_blank\" rel=\"noopener\">l\u2019Insee constate recensement apr\u00e8s recensement qu\u2019on devient la 3e ville de France<\/a>, <strong>on le doit \u00e0 l\u2019a\u00e9ronautique<\/strong>. Toulouse, c\u2019est le creuset de l\u2019aviation mondiale et c\u2019est le cas depuis 1917. L\u2019excellence toulousaine est l\u00e0\u00a0\u00bb, a-t-il martel\u00e9, insistant sur le fait que \u00ab\u00a0<strong>86\u2009000 emplois<\/strong> sont li\u00e9s au secteur sur l\u2019agglom\u00e9ration\u00a0\u00bb.<\/p>\n<blockquote class=\"ac-article-quote wall-content\">\n<p>Comparativement \u00e0 d\u2019autres listes, nous sommes tous spontan\u00e9ment d\u2019accord dans ce domaine.\u2009On laisse cela \u00e0 d\u2019autres.<\/p>\n<p>    <strong>Jean-Luc Moudenc\u00a0<\/strong><br \/>\n        Maire de Toulouse, candidat \u00e0 sa succession    <\/p><\/blockquote>\n<p>De grands projets a\u00e9ronautique et spatial<\/p>\n<p class=\" wall-content\">Premier avionneur mondial, \u00ab\u2009Airbus a plus de 27\u2009000 employ\u00e9s\u2009\u00bb localement et \u00ab\u2009a choisi Toulouse pour son <strong>second site d\u2019assemblage de l\u2019A321XLR\u2009\u00bb,<\/strong> s\u2019est-il f\u00e9licit\u00e9 Jean-Luc Moudenc. Dans l\u2019ombre de l\u2019a\u00e9ronautique,<strong> le spatial p\u00e8se toujours plus<\/strong>\u2009: \u00ab\u2009Un tiers des emplois fran\u00e7ais de la fili\u00e8re sont situ\u00e9s ici\u2009\u00bb, alors que <a href=\"https:\/\/actu.fr\/occitanie\/toulouse_31555\/airbus-leonardo-et-thales-fusionnent-pour-creer-un-geant-europeen-des-satellites-base-a-toulouse_63340086.html\" target=\"_blank\" rel=\"noopener\">Toulouse a \u00e9t\u00e9 choisie pour devenir le si\u00e8ge du futur g\u00e9ant mondial<\/a> qui na\u00eetra de la fusion des activit\u00e9s satellites d\u2019Airbus, Thal\u00e8s et Leonardo.<\/p>\n<blockquote class=\"ac-article-quote wall-content\">\n<p>La grande force de Toulouse, c\u2019est qu\u2019on a toute la cha\u00eene qui va avec : l\u2019outil p\u00e9dagogique, les grandes \u00e9coles, les laboratoires de recherche\u2026 Mais aussi le B612, que nous avons cr\u00e9\u00e9\u2009et qui est plein. C&rsquo;est un appui majeur pour des dizaines de startups et PME, ainsi que des entreprises du new space.<\/p>\n<p>    <strong>Jean-Luc Moudenc\u00a0<\/strong>\n            <\/p><\/blockquote>\n<p class=\" wall-content\">Entre <strong>l\u2019Envol des Pionniers<\/strong>, <a href=\"https:\/\/actu.fr\/occitanie\/toulouse_31555\/toulouse-voici-lenvol-pionniers-lieu-va-raconter-annees-heroiques-laeronautique_20369089.html\" target=\"_blank\" rel=\"noopener\">inaugur\u00e9 en 2018<\/a> et qui a accueilli 49\u2009000\u00a0visiteurs en 2025, et le <strong>Mus\u00e9e Aeroscopia<\/strong>, qui affiche 200\u2009000 entr\u00e9es par an et va se transformer en <strong>Cit\u00e9 de l\u2019a\u00e9ronautique<\/strong>, Toulouse \u00ab\u2009d\u00e9veloppe les outils culturels qui racontent cette histoire\u2009\u00bb.<\/p>\n<p>Vid\u00e9os : en ce moment sur ActuLe candidat Moudenc veut \u00ab\u2009soutenir la d\u00e9fense spatiale\u2009\u00bb<\/p>\n<p class=\" wall-content\">D\u2019apr\u00e8s Jean-Luc Moudenc, la <strong>Ville rose<\/strong> doit s\u2019affirmer davantage comme capitale de la <strong>d\u00e9fense spatiale<\/strong>, un domaine qui fourmille de \u00ab\u2009perspectives\u2009\u00bb et dans lequel \u00ab\u2009soit on est facilitateur, soit on est r\u00e9ticent\u2009\u00bb. Il a appel\u00e9 \u00e0 \u00ab\u2009ne pas louper\u2009\u00bb les opportunit\u00e9s en la mati\u00e8re.<\/p>\n<p>Votre r\u00e9gion, votre actu !<\/p>\n<p>Recevez chaque jour les infos qui comptent pour vous.<\/p>\n<p>\t<a href=\"https:\/\/actu.fr\/newsletter\" class=\"ac-btn ac-btn--corner ac-btn--medium ac-btn--blue800\" target=\"_blank\" rel=\"noopener\">S&rsquo;incrire<\/a><\/p>\n<blockquote class=\"ac-article-quote wall-content\">\n<p>Dans le cadre du r\u00e9armement du pays, il y aura des projets\u2009: qu\u2019il soit clair que nous serons candidats pour les accueillir, car notre ligne de conduite a toujours \u00e9t\u00e9 d\u2019\u00eatre facilitateurs, c\u2019est la vocation de la M\u00e9tropole.<\/p>\n<p>    <strong>Jean-Luc Moudenc<\/strong>\n            <\/p><\/blockquote>\n<p class=\" wall-content\">Le sortant a rappel\u00e9 que les derniers mois avaient \u00e9t\u00e9 particuli\u00e8rement riches avec l\u2019arriv\u00e9e \u00e0 l\u2019automne 2025 du \u00ab<strong>\u2009si\u00e8ge du <a href=\"https:\/\/actu.fr\/occitanie\/toulouse_31555\/toulouse-demonstrations-defile-aerien-concert-l-armee-va-faire-le-show-sur-la-place-du-capitole_62837144.html\" target=\"_blank\" rel=\"noopener\">Commandement de l\u2019espace<\/a><\/strong> qui s\u2019est install\u00e9 \u00e0 Toulouse\u2009\u00bb et du \u00ab\u2009nouveau <strong>Centre d\u2019excellence de l\u2019Otan<\/strong> dans le domaine du spatial\u2009\u00bb, qui a ouvert juste \u00e0 c\u00f4t\u00e9, au m\u00eame moment, alors que<a href=\"https:\/\/programme.lafranceinsoumise.fr\/livrets\/defense\/\" target=\"_blank\" rel=\"noopener\"> \u00ab\u2009des travaux de parlementaires insoumis r\u00e9clament sa fermeture\u2009\u00bb,<\/a> a-t-il fustig\u00e9.<\/p>\n<p>Apr\u00e8s Airbus, permettre \u00e0 Safran de grandir<\/p>\n<p class=\" wall-content\">Si la loi ZAN (Z\u00e9ro artificialisation nette) bride les possibilit\u00e9s des collectivit\u00e9s en mati\u00e8re d\u2019urbanisme, Jean-Luc Moudenc entend \u00ab\u2009se battre pour \u00eatre aux c\u00f4t\u00e9s des entreprises\u2009\u00bb qui souhaitent s\u2019agrandir\u2009: \u00ab\u2009Nous l\u2019avons fait pour <a href=\"https:\/\/actu.fr\/occitanie\/blagnac_31069\/airbus-va-agrandir-son-site-de-18-hectares-a-toulouse-un-nouveau-centre-de-livraisons-va-sortir-de-terre_63347303.html\" target=\"_blank\" rel=\"noopener\">Airbus afin qu\u2019il puisse <strong>s\u2019\u00e9tendre de 18 hectares<\/strong><\/a> et cela a \u00e9t\u00e9 une sacr\u00e9e bataille\u2009\u00bb.<\/p>\n<p class=\" wall-content\">En mati\u00e8re de <strong>d\u00e9fense<\/strong>, il a indiqu\u00e9 avoir \u00ab\u2009d\u00e9cid\u00e9 de r\u00e9pondre \u00e0 <strong>une demande de Safran<\/strong> qui a besoin de s\u2019\u00e9tendre\u2009: si nous sommes \u00e9lus, nous prendrons nos responsabilit\u00e9s pour qu\u2019ils puissent s\u2019agrandir\u2009\u00bb, a affich\u00e9 l\u2019\u00e9lu. D\u2019ici \u00e0 fin 2029, ce groupe pr\u00e9voit de doubler ses capacit\u00e9s industrielles pour passer \u00e0 26\u2009000 m\u00b2 de surface de production. Par la m\u00eame occasion, ses effectifs passeraient de 700 salari\u00e9s \u00e0 <strong>un millier<\/strong>.<\/p>\n<p class=\" wall-content\">Une occasion toute trouv\u00e9e pour Jean-Luc Moudenc de d\u00e9zinguer \u00ab\u2009la dangerosit\u00e9 de la volont\u00e9 des deux Fran\u00e7ois de <a href=\"https:\/\/actu.fr\/occitanie\/toulouse_31555\/municipales-a-toulouse-la-gauche-hors-lfi-designe-francois-briancon-a-la-ville-et-regis-godec-a-la-metropole_63515507.html\" target=\"_blank\" rel=\"noopener\">mettre aux commandes de la M\u00e9tropole\u2009\u00bb R\u00e9gis Godec<\/a>, d\u2019autant que \u00ab\u2009le PDG de Safran a dit qu\u2019il n\u2019\u00e9tait plus possible d\u2019investir dans une ville d\u00e9tenue par les \u00e9cologistes\u2009\u00bb.<\/p>\n<p class=\" wall-content\"><strong>Soutenir l\u2019expansion du campus de Francazal<\/strong><\/p>\n<p class=\" wall-content\"><strong>\u00ab\u2009Nous sommes pro-avion<\/strong>, nous le revendiquons. Mais cela ne veut pas dire que nous sommes pro-k\u00e9ros\u00e8ne\u2009\u00bb, a tonn\u00e9 Jean-Luc Moudenc, qui a insist\u00e9 sur son souhait de soutenir \u00ab\u2009l\u2019investissement pour l\u2019avion propre\u2009\u00bb, notamment sur le <strong>campus de Francazal<\/strong>, qui compte \u00ab\u2009d\u00e9j\u00e0 2\u2009000 emplois autour des mobilit\u00e9s d\u00e9carbon\u00e9es. L\u2019id\u00e9e c\u2019est d\u2019avoir ici un champ de recherche sur cette th\u00e9matique\u2009\u00bb. Dans la m\u00eame veine, il a r\u00e9it\u00e9r\u00e9 son soutien \u00e0 <strong>Aura A\u00e9ro<\/strong> et son \u00ab\u2009grand <strong>projet d\u2019usine<\/strong> que nous avons l\u2019intention d\u2019accueillir \u00e0 cet endroit, pour construire le premier avion 100\u2009% \u00e9lectrique\u2009\u00bb.<\/p>\n<p>Situer Toulouse sur \u00ab\u2009la carte internationale de la sant\u00e9\u2009\u00bb<\/p>\n<p class=\" wall-content\">Si l\u2019industrie a\u00e9ronautique \u00ab\u2009fait notre fiert\u00e9\u2009\u00bb,<strong> \u00ab\u2009accentuer la diversification\u2009\u00bb<\/strong> de l\u2019\u00e9conomie est aussi une priorit\u00e9 du candidat Moudenc. Son ambition\u2009? Que l\u2019on puisse \u00ab\u2009situer aussi Toulouse sur la carte nationale et internationale de<strong> la sant\u00e9\u2009\u00bb.<\/strong> Autour de <strong>l\u2019Oncopole<\/strong>, o\u00f9 \u00ab\u2009il y a d\u00e9j\u00e0 pas moins de 6\u2009000 emplois dans ce domaine\u2009\u00bb, il veut profiter de \u00ab\u2009l\u2019immensit\u00e9 du foncier disponible (plus de 200 hectares)\u2009\u00bb pour \u00ab\u2009aller plus loin\u2009\u00bb.<\/p>\n<p class=\" wall-content\">Il a notamment affich\u00e9 son soutien \u00e0 plusieurs dossiers en cours, comme \u00ab\u2009l\u2019extension du centre de recherche en canc\u00e9rologie\u2009\u00bb et \u00ab\u2009le projet d\u2019installation d\u2019Ipsoph\u00e8ne\u2009\u00bb, la fameuse <strong>usine de parac\u00e9tamol<\/strong> <a href=\"https:\/\/actu.fr\/occitanie\/toulouse_31555\/toulouse-le-traumatisme-azf-perdure-le-projet-d-usine-de-paracetamol-seveso-epingle-par-un-rapport_63014781.html\" target=\"_blank\" rel=\"noopener\">\u00ab\u2009que tout le monde ne soutient pas<\/a>\u2009: le foncier est identifi\u00e9 et nous ferons tout pour \u00eatre facilitateurs\u2009\u00bb.<\/p>\n<p class=\" wall-content\">Dans un autre registre, il veut que le quartier du <strong>Grand Matabiau<\/strong>, qui \u00ab\u2009doit permettre l\u2019accueil de 3\u2009000 logements\u2009\u00bb, incarne aussi une \u00ab\u2009nouvelle ambition \u00e9conomique\u2009\u00bb de Toulouse, et devienne le fief des innovations en mati\u00e8re de <strong>cybers\u00e9curit\u00e9<\/strong> et d<strong>\u2019intelligence artificielle<\/strong>.<\/p>\n<p>Un \u00ab\u2009campus de l\u2019\u00e9v\u00e9nementiel\u2009\u00bb autour du MEETT\u2026<\/p>\n<p class=\" wall-content\">Parmi les id\u00e9es mises sur la table ce jeudi, Jean-Luc Moudenc a \u00e9galement annonc\u00e9 sa volont\u00e9 de \u00ab\u2009d\u00e9velopper un <strong>campus de l\u2019\u00e9v\u00e9nementiel\u2009\u00bb<\/strong> autour du nouveau parc des expositions. Dans cette optique, l\u2019\u00e9dile veut <strong>geler une trentaine d\u2019hectares<\/strong> aux alentours, pour \u00ab\u2009y permettre l\u2019accueil d\u2019entreprises en lien avec l\u2019activit\u00e9 du MEETT, \u00e0 commencer par un h\u00f4tel\u2009\u00bb.<\/p>\n<p class=\" wall-content\">Il a au passage rappel\u00e9 \u00ab\u2009le succ\u00e8s\u2009\u00bb de ce site ouvert en 2020\u2009: \u00ab\u2009Le nombre d\u2019\u00e9v\u00e9nements a doubl\u00e9 en 2025 par rapport \u00e0 2019, derni\u00e8re ann\u00e9e pleine sur l\u2019ancien parc des expos. Toulouse est pass\u00e9e du 7e rang national au 3e pour la capacit\u00e9 d\u2019accueil des congr\u00e8s, car beaucoup ne venaient pas, faute d\u2019installations suffisantes\u2009\u00bb.<\/p>\n<blockquote class=\"ac-article-quote wall-content\">\n<p>L\u2019id\u00e9e des deux Fran\u00e7ois est donc de confier la pr\u00e9sidence de la M\u00e9tropole \u00e0 R\u00e9gis Godec. Mais tout cela n\u2019aurait pas eu lieu si celui-ci avait command\u00e9 les choix de la M\u00e9tropole, car son CV parle pour lui : les \u00e9cologistes, et M. Godec en premier, avaient vot\u00e9 contre.<\/p>\n<p>    <strong>Jean-Luc Moudenc<\/strong>\n            <\/p><\/blockquote>\n<p class=\" wall-content\"><strong>\u2026 et un \u00ab\u2009campus du Bien-Manger\u2009\u00bb autour du MIN<\/strong><\/p>\n<p class=\" wall-content\">Autre site que le maire sortant de Toulouse propose d\u2019\u00e9tendre\u2009: le <strong>MIN<\/strong>. Situ\u00e9 avenue des \u00c9tats-Unis, le <strong>March\u00e9 d\u2019int\u00e9r\u00eat national<\/strong> est \u00ab\u2009le 2e de France, derri\u00e8re Rungis\u2009\u00bb. Selon les dires du locataire du Capitole, c\u2019est un \u00e9tablissement \u00ab\u2009qui marche, alors on va l\u2019\u00e9tendre\u2009\u00bb.<\/p>\n<blockquote class=\"ac-article-quote wall-content\">\n<p>Le MIN accueille \u00e0 ce jour 628 entreprises.\u00a0L&rsquo;id\u00e9e, c&rsquo;est de cr\u00e9er un campus du Bien Manger autour, pour que d\u2019autres entreprises puissent venir. Si nous sommes \u00e9lus, nous discuterons avec les titulaires de la D\u00e9l\u00e9gation de service public afin de d\u00e9finir leurs besoins.<\/p>\n<p>    <strong>Jean-Luc Moudenc<\/strong>\n            <\/p><\/blockquote>\n<p class=\" wall-content\">Avec l\u2019arriv\u00e9e de la ligne C du m\u00e9tro, ce quartier va conna\u00eetre \u00ab\u2009un nouveau d\u00e9veloppement urbain\u2009\u00bb. Afin d\u2019articuler \u00ab\u2009le volet habitat et le volet \u00e9conomique\u2009\u00bb, il propose, \u00ab\u2009outre les projets de logements\u2009\u00bb d\u00e9j\u00e0 pr\u00e9vus, de <strong>\u00ab\u2009sanctuariser du foncier<\/strong> pour l\u2019\u00e9conomie autour du MIN\u2009\u00bb, ce qui n\u00e9cessitera une \u00ab\u2009proc\u00e9dure d\u2019actualisation du PLUIH\u2009\u00bb, <a href=\"https:\/\/actu.fr\/occitanie\/toulouse_31555\/on-ne-va-pas-tout-betonner-comment-la-metropole-prevoit-la-construction-de-75-000-logements-en-dix-ans_63590610.html\" target=\"_blank\" rel=\"noopener\">le nouveau plan d\u2019urbanisme r\u00e9cemment adopt\u00e9.<\/a><\/p>\n<p>Bo\u00eetier d\u2019alerte, grand conseil \u00e9conomique et cryptomonnaies<\/p>\n<p class=\" wall-content\">Outre ces id\u00e9es fortes, le candidat a \u00e9galement fait part de trois autres propositions phares pour soutenir l\u2019\u00e9conomie. D\u2019abord, \u00ab\u2009cr\u00e9er <strong>un groupement d\u2019achat<\/strong> pour que les commer\u00e7ants puissent se doter d\u2019un <strong>bo\u00eetier d\u2019alerte<\/strong> permettant d\u2019appeler la police municipale\u2009\u00bb, afin de davantage les s\u00e9curiser, car \u00ab\u2009beaucoup de petits commerces sont en proie \u00e0 des incivilit\u00e9s\u2009\u00bb.<\/p>\n<p class=\" wall-content\">Autre enjeu \u00e9voqu\u00e9\u2009: \u00ab\u2009Cr\u00e9er <strong>un grand conseil \u00e9conomique<\/strong> de Toulouse M\u00e9tropole\u2009\u00bb, qui r\u00e9unisse des repr\u00e9sentants du secteur, afin \u00ab\u2009d\u2019amener leur expertise\u2009\u00bb \u00e0 la collectivit\u00e9. \u00ab\u2009C\u2019est un organe qui pourra soit s\u2019autosaisir, soit \u00eatre saisi par le pr\u00e9sident de la M\u00e9tropole\u2009\u00bb, a pr\u00e9cis\u00e9 Jean-Luc Moudenc.<\/p>\n<p class=\" wall-content\">Enfin, le premier magistrat a \u00e9voqu\u00e9 \u00ab\u2009la g\u00e9n\u00e9ralisation du <strong>paiement en cryptomonnaies <\/strong>aupr\u00e8s des commer\u00e7ants et des services municipaux\u2009\u00bb, afin que \u00ab\u2009Toulouse soit la premi\u00e8re ville de France\u2009\u00bb o\u00f9 cela soit possible.<\/p>\n<p>\u00ab\u2009Quand on vit dans une ville dont le fonds de commerce est de vendre des avions\u2026\u2009\u00bb<\/p>\n<p class=\" wall-content\">La liste Moudenc s\u2019est dite soucieuse des petits commer\u00e7ants qui \u00ab\u2009passent <strong>toujours au second plan pour la gauche\u2009\u00bb,<\/strong> d\u00e9plore Julie Servat, restauratrice. \u00ab\u2009On est les seuls qui proposent un d\u00e9veloppement \u00e9conomique\u2009\u00bb, r\u00e9sume Michel Lacroix, pour qui la municipalit\u00e9 doit s\u2019assurer \u00ab\u2009la confiance des entreprises\u2009\u00bb. Selon le fr\u00e8re du pr\u00e9sident du Stade Toulousain, \u00ab\u2009il y a deux visions possibles pour Toulouse\u2009: soit la prot\u00e9ger, soit revenir \u00e0 une ville qui se contracte, qui ne soutient plus l\u2019industrie ni le tourisme, pour des raisons id\u00e9ologiques\u2009\u00bb.<\/p>\n<p class=\" wall-content\">\u00ab\u2009Je ne suis pas du domaine de l\u2019a\u00e9ronautique, mais \u00e0 Toulouse, on en vit tous\u2009\u00bb, a-t-il soutenu. \u00ab\u2009Sans elle, on n\u2019aurait pas tant d\u2019activit\u00e9 dans la vie commerciale\u2009\u00bb. Michel Lacroix a ensuite \u00e9trill\u00e9 \u00ab\u2009la vision pass\u00e9iste\u2009\u00bb de la gauche radicale, qui est \u00ab\u2009contre la LGV, l\u2019A69\u2009\u00bb, et pour \u00ab\u2009limiter le transport a\u00e9rien\u2009\u00bb.<\/p>\n<blockquote class=\"ac-article-quote wall-content\">\n<p>Fran\u00e7ois Piquemal veut planifier la d\u00e9croissance du trafic a\u00e9rien, quand on vit dans une ville dont le fond de commerce est de vendre des avions, cela pose un probl\u00e8me de coh\u00e9rence.<\/p>\n<p>    <strong>Michel Lacroix<\/strong><br \/>\n        Colistier (n\u00b015) de la liste Prot\u00e9geons l&rsquo;Avenir avec Jean-Luc Moudenc    <\/p><\/blockquote>\n<p class=\" wall-content\">\u00ab\u2009On ne sait absolument pas ce qu\u2019ils feront pour \u00eatre d\u2019accord \u00ab, a embray\u00e9 celui qui fut<a href=\"https:\/\/actu.fr\/occitanie\/toulouse_31555\/municipales-2020-voici-premiers-noms-candidats-sur-liste-nadia-pellefigue-toulouse_30602044.html\" target=\"_blank\" rel=\"noopener\"> n\u00b02 de Nadia Pellefigue (PS) en 2020,<\/a> \u00e9voquant la fusion suppos\u00e9e \u00ab\u2009de Fran\u00e7ois Brian\u00e7on, Fran\u00e7ois Piquemal et R\u00e9gis Godec\u2009\u00bb au second tour\u2009:\u2009\u00bb Qu\u2019est-ce qu\u2019ils vont faire sur l\u2019aide \u00e0 Airbus, sur le soutien \u00e0 l\u2019a\u00e9ronautique, sur le maintien de l\u2019emploi \u00e0 Toulouse\u2009?\u2009\u00bb.<\/p>\n<p class=\" wall-content\">\u00ab\u2009La r\u00e9ussite toulousaine, soit on veut la continuer, soit on la compromet en votant pour les deux Fran\u00e7ois. Nous sommes la seule liste pro-entreprise, pro-a\u00e9ronautique assum\u00e9e, pro-industrialisation et pro-emploi\u2009\u00bb, a conclu Jean-Luc Moudenc, avant d\u2019assurer\u2009: \u00ab\u2009Une majorit\u00e9 de Toulousains ne voudra pas <strong>d\u00e9construire les succ\u00e8s de Toulouse\u2009\u00bb.<\/strong><\/p>\n<p class=\" wall-content\">Personnalisez votre actualit\u00e9 en ajoutant vos villes et m\u00e9dias en favori avec <a href=\"https:\/\/moncompte.actu.fr\" title=\"D\u00e9couvez Mon Actu\" rel=\"nofollow noopener\" data-trk=\"{&quot;cta&quot;:{&quot;action&quot;:&quot;https:\\\/\\\/moncompte.actu.fr&quot;,&quot;category&quot;:&quot;mon compte&quot;,&quot;from&quot;:&quot;article footer&quot;,&quot;name&quot;:&quot;Mon actu&quot;,&quot;type&quot;:&quot;cta&quot;}}\" target=\"_blank\">Mon Actu<\/a>.<\/p>\n","protected":false},"excerpt":{"rendered":"Par Guillaume Laurens Publi\u00e9 le 15 janv. 2026 \u00e0 17h01 C\u2019est entour\u00e9 de Julie Servat et Michel Lacroix,&hellip;\n","protected":false},"author":2,"featured_media":665692,"comment_status":"","ping_status":"","sticky":false,"template":"","format":"standard","meta":{"footnotes":""},"categories":[2816],"tags":[1111,11,296,4188,1777,674,1011,27,2857,3434,12,2680,316,25,2312],"class_list":{"0":"post-665691","1":"post","2":"type-post","3":"status-publish","4":"format-standard","5":"has-post-thumbnail","7":"category-toulouse","8":"tag-actu","9":"tag-actualites","10":"tag-aeronautique","11":"tag-elections-municipales","12":"tag-eu","13":"tag-europe","14":"tag-fr","15":"tag-france","16":"tag-jean-luc-moudenc","17":"tag-municipales-2026","18":"tag-news","19":"tag-occitanie","20":"tag-politique","21":"tag-republique-francaise","22":"tag-toulouse"},"share_on_mastodon":{"url":"https:\/\/pubeurope.com\/@fr\/115900003472816405","error":""},"_links":{"self":[{"href":"https:\/\/www.europesays.com\/fr\/wp-json\/wp\/v2\/posts\/665691","targetHints":{"allow":["GET"]}}],"collection":[{"href":"https:\/\/www.europesays.com\/fr\/wp-json\/wp\/v2\/posts"}],"about":[{"href":"https:\/\/www.europesays.com\/fr\/wp-json\/wp\/v2\/types\/post"}],"author":[{"embeddable":true,"href":"https:\/\/www.europesays.com\/fr\/wp-json\/wp\/v2\/users\/2"}],"replies":[{"embeddable":true,"href":"https:\/\/www.europesays.com\/fr\/wp-json\/wp\/v2\/comments?post=665691"}],"version-history":[{"count":0,"href":"https:\/\/www.europesays.com\/fr\/wp-json\/wp\/v2\/posts\/665691\/revisions"}],"wp:featuredmedia":[{"embeddable":true,"href":"https:\/\/www.europesays.com\/fr\/wp-json\/wp\/v2\/media\/665692"}],"wp:attachment":[{"href":"https:\/\/www.europesays.com\/fr\/wp-json\/wp\/v2\/media?parent=665691"}],"wp:term":[{"taxonomy":"category","embeddable":true,"href":"https:\/\/www.europesays.com\/fr\/wp-json\/wp\/v2\/categories?post=665691"},{"taxonomy":"post_tag","embeddable":true,"href":"https:\/\/www.europesays.com\/fr\/wp-json\/wp\/v2\/tags?post=665691"}],"curies":[{"name":"wp","href":"https:\/\/api.w.org\/{rel}","templated":true}]}}