{"id":665695,"date":"2026-01-15T16:15:11","date_gmt":"2026-01-15T16:15:11","guid":{"rendered":"https:\/\/www.europesays.com\/fr\/665695\/"},"modified":"2026-01-15T16:15:11","modified_gmt":"2026-01-15T16:15:11","slug":"le-petit-magasin-un-nouveau-lieu-solidaire-et-engage-a-roubaix","status":"publish","type":"post","link":"https:\/\/www.europesays.com\/fr\/665695\/","title":{"rendered":"Le Petit Magasin : un nouveau lieu solidaire et engag\u00e9 \u00e0 Roubaix"},"content":{"rendered":"<p class=\"introduction\">Le Petit Magasin, concept de boutique solidaire port\u00e9 par KIABI en partenariat avec le Groupe Vitamine T, a ouvert ses portes \u00e0 Roubaix, marquant une nouvelle \u00e9tape dans le d\u00e9veloppement de cette initiative d\u2019\u00e9conomie sociale et solidaire dans les Hauts-de-France.<\/p>\n<p>Situ\u00e9 au 82 rue Louis-Braille, dans les anciens locaux de la Soci\u00e9t\u00e9 G\u00e9n\u00e9rale, le Petit Magasin se veut bien plus qu\u2019un simple point de vente : cet espace convivial est pens\u00e9 pour proposer des articles de mode \u00e0 petits prix, r\u00e9guli\u00e8rement renouvel\u00e9s, issus d\u2019anciennes collections ou de stocks invendus, destin\u00e9s \u00e0 toute la famille.<\/p>\n<p><a href=\"https:\/\/www.facebook.com\/profile.php?id=61583319797992\" target=\"_blank\" rel=\"noopener\">&gt; Pour les suivre, rendez-vous sur Facebook<\/a>Une mission sociale affirm\u00e9e<\/p>\n<p>Le mod\u00e8le du Petit Magasin repose sur une double ambition :<\/p>\n<ul>\n<li>Rendre la mode accessible au plus grand nombre, notamment aux familles et aux foyers confront\u00e9s \u00e0 des contraintes budg\u00e9taires, gr\u00e2ce \u00e0 des prix attractifs sur des v\u00eatements neufs.<\/li>\n<li>Favoriser l\u2019insertion professionnelle, en permettant \u00e0 des personnes en parcours d\u2019insertion d\u2019acqu\u00e9rir de l\u2019exp\u00e9rience, des comp\u00e9tences concr\u00e8tes en magasin et un accompagnement vers l\u2019emploi durable.<\/li>\n<\/ul>\n<p>Cette approche s\u2019inscrit pleinement dans une dynamique d\u2019\u00e9conomie sociale et solidaire, si importante dans notre commune, \u00e0 l\u2019histoire marqu\u00e9e par l\u2019industrie textile et les solidarit\u00e9s concr\u00e8tes.<\/p>\n<p>Un lieu d\u2019\u00e9changes et de rencontres<\/p>\n<p>Au-del\u00e0 de l\u2019aspect commercial, le Petit Magasin ambitionne de devenir un lieu d\u2019\u00e9changes convivial, o\u00f9 clients, b\u00e9n\u00e9voles et \u00e9quipes d\u2019encadrement peuvent partager une exp\u00e9rience humaine enrichissante. Malika, Rania et Fanny vous y accueille du mardi au samedi , de 10h \u00e0 18h<\/p>\n<p>L\u2019ouverture de ce nouveau magasin est l\u2019occasion de renforcer les liens sociaux dans le quartier, tout en valorisant une mani\u00e8re plus responsable de consommer la mode.<\/p>\n<p class=\"title\">Le Petit Magasin<\/p>\n<p>82 rue Louis Braille<br \/>59100 Roubaix<\/p>\n<p>Ouvert du Mardi au Samedi , de 10h \u00e0 18h<\/p>\n<p>Cr\u00e9dit Photos : Lucas Demoor, service Communication, ville de Roubaix<\/p>\n","protected":false},"excerpt":{"rendered":"Le Petit Magasin, concept de boutique solidaire port\u00e9 par KIABI en partenariat avec le Groupe Vitamine T, a&hellip;\n","protected":false},"author":2,"featured_media":665696,"comment_status":"","ping_status":"","sticky":false,"template":"","format":"standard","meta":{"footnotes":""},"categories":[2815],"tags":[1111,11,215,1777,674,1011,27,811,1307,12,25,3400],"class_list":{"0":"post-665695","1":"post","2":"type-post","3":"status-publish","4":"format-standard","5":"has-post-thumbnail","7":"category-lille","8":"tag-actu","9":"tag-actualites","10":"tag-commerce","11":"tag-eu","12":"tag-europe","13":"tag-fr","14":"tag-france","15":"tag-hauts-de-france","16":"tag-lille","17":"tag-news","18":"tag-republique-francaise","19":"tag-solidarite"},"share_on_mastodon":{"url":"https:\/\/pubeurope.com\/@fr\/115900011377640561","error":""},"_links":{"self":[{"href":"https:\/\/www.europesays.com\/fr\/wp-json\/wp\/v2\/posts\/665695","targetHints":{"allow":["GET"]}}],"collection":[{"href":"https:\/\/www.europesays.com\/fr\/wp-json\/wp\/v2\/posts"}],"about":[{"href":"https:\/\/www.europesays.com\/fr\/wp-json\/wp\/v2\/types\/post"}],"author":[{"embeddable":true,"href":"https:\/\/www.europesays.com\/fr\/wp-json\/wp\/v2\/users\/2"}],"replies":[{"embeddable":true,"href":"https:\/\/www.europesays.com\/fr\/wp-json\/wp\/v2\/comments?post=665695"}],"version-history":[{"count":0,"href":"https:\/\/www.europesays.com\/fr\/wp-json\/wp\/v2\/posts\/665695\/revisions"}],"wp:featuredmedia":[{"embeddable":true,"href":"https:\/\/www.europesays.com\/fr\/wp-json\/wp\/v2\/media\/665696"}],"wp:attachment":[{"href":"https:\/\/www.europesays.com\/fr\/wp-json\/wp\/v2\/media?parent=665695"}],"wp:term":[{"taxonomy":"category","embeddable":true,"href":"https:\/\/www.europesays.com\/fr\/wp-json\/wp\/v2\/categories?post=665695"},{"taxonomy":"post_tag","embeddable":true,"href":"https:\/\/www.europesays.com\/fr\/wp-json\/wp\/v2\/tags?post=665695"}],"curies":[{"name":"wp","href":"https:\/\/api.w.org\/{rel}","templated":true}]}}