{"id":665699,"date":"2026-01-15T16:17:10","date_gmt":"2026-01-15T16:17:10","guid":{"rendered":"https:\/\/www.europesays.com\/fr\/665699\/"},"modified":"2026-01-15T16:17:10","modified_gmt":"2026-01-15T16:17:10","slug":"les-propos-de-benoit-payan-suscitent-des-railleries-a-droite","status":"publish","type":"post","link":"https:\/\/www.europesays.com\/fr\/665699\/","title":{"rendered":"les propos de Beno\u00eet Payan suscitent des railleries \u00e0 droite"},"content":{"rendered":"<p>Apr\u00e8s <a href=\"https:\/\/www.laprovence.com\/article\/elections\/57814407015997\/exclusif-benoit-payan-candidat-aux-municipales-a-marseille-je-veux-porter-cette-ville-vers-son-destin\" target=\"_blank\" rel=\"noopener\">l\u2019annonce de sa candidature<\/a> \u00e0 la mairie de Marseille, Beno\u00eet Payan a d\u00e9fendu mardi 13\u00a0janvier sur LCI son bilan s\u00e9curitaire. Sur l\u2019installation de cam\u00e9ras dernier cri, il a ainsi affirm\u00e9\u00a0: \u00ab\u00a0\u00c0 Marseille, vous avez des cam\u00e9ras qui sont capables, de la gare Saint-Charles, de regarder par exemple &#8211; c\u2019est interdit &#8211; quel texto vous faites quand vous \u00eates \u00e0 Notre-Dame-de-la-Garde.\u00a0\u00bb<\/p>\n<p>Des performances qui ont suscit\u00e9 des railleries \u00e0 droite. \u00ab\u00a0Le maire dit qu\u2019on a des cam\u00e9ras supersoniques qui permettent de voir des textos \u00e0 Notre-Dame-de-la-Garde, mais ils ne doivent pas \u00eatre beaucoup \u00e0 \u00eatre derri\u00e8re un \u00e9cran\u00a0\u00bb pour regarder les images, s\u2019est moqu\u00e9 Martine Vassal, mercredi soir. La d\u00e9monstration <a href=\"https:\/\/www.laprovence.com\/article\/politique\/17951656022880\/municipales-2026-a-marseille-benoit-payan-veut-reprendre-en-main-sur-la-proprete-dans-la-ville\" target=\"_blank\" rel=\"noopener\">du maire (DVG)<\/a> est-elle \u00e0 mettre sur le compte de l\u2019exag\u00e9ration marseillaise\u00a0?<\/p>\n<p>Dans son entourage, on relativise les critiques\u00a0: \u00ab\u00a0Lire des textos, peut-\u00eatre pas, mais ces cam\u00e9ras ont une port\u00e9e de cinq kilom\u00e8tres, avec une pr\u00e9cision extr\u00eame pour lire les plaques min\u00e9ralogiques.\u00a0\u00bb Peut-\u00eatre verra-t-on m\u00eame, puisqu\u2019on y est, l\u2019immatriculation de la sardine qui a bouch\u00e9 le port de Marseille\u2026<\/p>\n<p>Payan-Allisio, un duel \u00e0 la Macron-Le Pen\u00a0?<\/p>\n<p>La petite musique &#8211; ou grande symphonie &#8211; d\u2019un duel annonc\u00e9 entre ga&#8230;<\/p>\n","protected":false},"excerpt":{"rendered":"Apr\u00e8s l\u2019annonce de sa candidature \u00e0 la mairie de Marseille, Beno\u00eet Payan a d\u00e9fendu mardi 13\u00a0janvier sur LCI&hellip;\n","protected":false},"author":2,"featured_media":665700,"comment_status":"","ping_status":"","sticky":false,"template":"","format":"standard","meta":{"footnotes":""},"categories":[2814],"tags":[5734,1111,11,10817,71889,154,1777,674,1011,27,7367,884,12,2513,316,882,25,741,4023],"class_list":{"0":"post-665699","1":"post","2":"type-post","3":"status-publish","4":"format-standard","5":"has-post-thumbnail","7":"category-marseille","8":"tag-5734","9":"tag-actu","10":"tag-actualites","11":"tag-cameras","12":"tag-capables","13":"tag-des","14":"tag-eu","15":"tag-europe","16":"tag-fr","17":"tag-france","18":"tag-lire","19":"tag-marseille","20":"tag-news","21":"tag-plusieurs","22":"tag-politique","23":"tag-provence-alpes-cote-dazur","24":"tag-republique-francaise","25":"tag-sms","26":"tag-vos"},"share_on_mastodon":{"url":"https:\/\/pubeurope.com\/@fr\/115900019153826420","error":""},"_links":{"self":[{"href":"https:\/\/www.europesays.com\/fr\/wp-json\/wp\/v2\/posts\/665699","targetHints":{"allow":["GET"]}}],"collection":[{"href":"https:\/\/www.europesays.com\/fr\/wp-json\/wp\/v2\/posts"}],"about":[{"href":"https:\/\/www.europesays.com\/fr\/wp-json\/wp\/v2\/types\/post"}],"author":[{"embeddable":true,"href":"https:\/\/www.europesays.com\/fr\/wp-json\/wp\/v2\/users\/2"}],"replies":[{"embeddable":true,"href":"https:\/\/www.europesays.com\/fr\/wp-json\/wp\/v2\/comments?post=665699"}],"version-history":[{"count":0,"href":"https:\/\/www.europesays.com\/fr\/wp-json\/wp\/v2\/posts\/665699\/revisions"}],"wp:featuredmedia":[{"embeddable":true,"href":"https:\/\/www.europesays.com\/fr\/wp-json\/wp\/v2\/media\/665700"}],"wp:attachment":[{"href":"https:\/\/www.europesays.com\/fr\/wp-json\/wp\/v2\/media?parent=665699"}],"wp:term":[{"taxonomy":"category","embeddable":true,"href":"https:\/\/www.europesays.com\/fr\/wp-json\/wp\/v2\/categories?post=665699"},{"taxonomy":"post_tag","embeddable":true,"href":"https:\/\/www.europesays.com\/fr\/wp-json\/wp\/v2\/tags?post=665699"}],"curies":[{"name":"wp","href":"https:\/\/api.w.org\/{rel}","templated":true}]}}