{"id":665720,"date":"2026-01-15T16:29:12","date_gmt":"2026-01-15T16:29:12","guid":{"rendered":"https:\/\/www.europesays.com\/fr\/665720\/"},"modified":"2026-01-15T16:29:12","modified_gmt":"2026-01-15T16:29:12","slug":"les-etats-unis-saisissent-un-autre-petrolier-dans-les-caraibes","status":"publish","type":"post","link":"https:\/\/www.europesays.com\/fr\/665720\/","title":{"rendered":"Les \u00c9tats-Unis saisissent un autre p\u00e9trolier dans les Cara\u00efbes"},"content":{"rendered":"<p>Les forces am\u00e9ricaines dans la mer des Cara\u00efbes ont saisi un autre p\u00e9trolier sanctionn\u00e9 qui, selon l\u2019administration Trump, aurait des liens avec le Venezuela. Cette saisie s\u2019inscrit dans le cadre d\u2019une initiative des \u00c9tats-Unis visant \u00e0 prendre le contr\u00f4le du p\u00e9trole de ce pays d\u2019Am\u00e9rique du Sud.<\/p>\n<p>La secr\u00e9taire \u00e0 la S\u00e9curit\u00e9 int\u00e9rieure, Kristi Noem, a \u00e9crit jeudi sur les r\u00e9seaux sociaux: \u00abLe p\u00e9trolier Veronica avait d\u00e9j\u00e0 travers\u00e9 les eaux v\u00e9n\u00e9zu\u00e9liennes et op\u00e9rait sans respecter la quarantaine impos\u00e9e par le pr\u00e9sident Trump aux navires sanctionn\u00e9s dans les Cara\u00efbes.\u00bb<\/p>\n<p>Un message publi\u00e9 sur les r\u00e9seaux sociaux par le Commandement Sud des \u00c9tats-Unis \u00e0 propos de cette capture indique que des membres de la marine et de marins ont \u00e9t\u00e9 lanc\u00e9s depuis le porte-avions USS Gerald R. Ford pour proc\u00e9der \u00e0 la capture, tandis que le message de Mme\u00a0Noem pr\u00e9cise que, comme lors des pr\u00e9c\u00e9dentes op\u00e9rations, une \u00e9quipe tactique de la garde c\u00f4ti\u00e8re am\u00e9ricaine a proc\u00e9d\u00e9 \u00e0 l\u2019abordage et \u00e0 la saisie.<\/p>\n<p>Mme\u00a0Noem a publi\u00e9 une br\u00e8ve vid\u00e9o qui semblait montrer une partie de la capture du navire. Les images en noir et blanc montraient des h\u00e9licopt\u00e8res survolant le pont d\u2019un navire marchand tandis que des soldats arm\u00e9s descendaient sur le pont \u00e0 l\u2019aide de cordes.<\/p>\n<p>Le Veronica est le sixi\u00e8me p\u00e9trolier saisi par les forces am\u00e9ricaines dans le cadre des efforts d\u00e9ploy\u00e9s par l\u2019administration du pr\u00e9sident Donald Trump pour contr\u00f4ler la production, le raffinage et la distribution mondiale du p\u00e9trole v\u00e9n\u00e9zu\u00e9lien, et le quatri\u00e8me depuis que les \u00c9tats-Unis ont renvers\u00e9 le pr\u00e9sident v\u00e9n\u00e9zu\u00e9lien Nicol\u00e1s Maduro lors d\u2019un raid nocturne il y a pr\u00e8s de deux semaines.<\/p>\n<p>Dans son message publi\u00e9 sur les r\u00e9seaux sociaux, Mme\u00a0Noem a indiqu\u00e9 que le raid avait \u00e9t\u00e9 men\u00e9 en \u00ab\u00e9troite coordination\u00bb avec l\u2019arm\u00e9e et les d\u00e9partements d\u2019\u00c9tat et de la Justice.<\/p>\n<p>\u00abNos h\u00e9ro\u00efques garde-c\u00f4tes, hommes et femmes, ont une fois de plus assur\u00e9 le bon d\u00e9roulement de l\u2019op\u00e9ration, conform\u00e9ment au droit international\u00bb, a ajout\u00e9 Mme\u00a0Noem.<\/p>\n<p>Comme dans leurs messages pr\u00e9c\u00e9dents, Mme\u00a0Noem et l\u2019arm\u00e9e ont pr\u00e9sent\u00e9 cette saisie comme une initiative visant \u00e0 faire respecter la loi. Mme\u00a0Noem a fait valoir que ces op\u00e9rations d\u00e9montrent qu\u2019\u00abil n\u2019est pas possible de fuir ou d\u2019\u00e9chapper \u00e0 la justice am\u00e9ricaine\u00bb.<\/p>\n<p>Cependant, d\u2019autres responsables de l\u2019administration Trump ont clairement indiqu\u00e9 qu\u2019ils y voyaient un moyen de g\u00e9n\u00e9rer des revenus afin de reconstruire l\u2019industrie p\u00e9troli\u00e8re v\u00e9n\u00e9zu\u00e9lienne en ruine et de restaurer l\u2019\u00e9conomie du pays.<\/p>\n<p>La semaine derni\u00e8re, M.\u00a0Trump a rencontr\u00e9 des dirigeants de compagnies p\u00e9troli\u00e8res pour discuter de son objectif d\u2019investir 100\u00a0milliards\u00a0$ au Venezuela afin de r\u00e9parer et de moderniser sa production et sa distribution p\u00e9troli\u00e8res. Son administration a d\u00e9clar\u00e9 qu\u2019elle pr\u00e9voyait de vendre au moins 30\u00a0\u00e0 50\u00a0millions de barils de p\u00e9trole v\u00e9n\u00e9zu\u00e9lien soumis \u00e0 des sanctions.<\/p>\n","protected":false},"excerpt":{"rendered":"Les forces am\u00e9ricaines dans la mer des Cara\u00efbes ont saisi un autre p\u00e9trolier sanctionn\u00e9 qui, selon l\u2019administration Trump,&hellip;\n","protected":false},"author":2,"featured_media":665721,"comment_status":"","ping_status":"","sticky":false,"template":"","format":"standard","meta":{"footnotes":"","_share_on_mastodon":"0"},"categories":[1589],"tags":[11,73,1866,4574,11621,17886,1854,20106,4576,17887,12,1864,1865,1863,308],"class_list":["post-665720","post","type-post","status-publish","format-standard","has-post-thumbnail","category-etats-unis","tag-actualites","tag-etats-unis","tag-etats-unis-damerique","tag-https-lactualite-com-sujet-affaires","tag-https-lactualite-com-sujet-defense","tag-https-lactualite-com-sujet-hydrocarbures","tag-https-lactualite-com-sujet-international","tag-https-lactualite-com-sujet-justice","tag-https-lactualite-com-sujet-politique","tag-https-lactualite-com-sujet-services-publics","tag-news","tag-united-states","tag-united-states-of-america","tag-us","tag-usa"],"share_on_mastodon":{"url":"https:\/\/pubeurope.com\/@fr\/115900066312740010","error":""},"_links":{"self":[{"href":"https:\/\/www.europesays.com\/fr\/wp-json\/wp\/v2\/posts\/665720","targetHints":{"allow":["GET"]}}],"collection":[{"href":"https:\/\/www.europesays.com\/fr\/wp-json\/wp\/v2\/posts"}],"about":[{"href":"https:\/\/www.europesays.com\/fr\/wp-json\/wp\/v2\/types\/post"}],"author":[{"embeddable":true,"href":"https:\/\/www.europesays.com\/fr\/wp-json\/wp\/v2\/users\/2"}],"replies":[{"embeddable":true,"href":"https:\/\/www.europesays.com\/fr\/wp-json\/wp\/v2\/comments?post=665720"}],"version-history":[{"count":0,"href":"https:\/\/www.europesays.com\/fr\/wp-json\/wp\/v2\/posts\/665720\/revisions"}],"wp:featuredmedia":[{"embeddable":true,"href":"https:\/\/www.europesays.com\/fr\/wp-json\/wp\/v2\/media\/665721"}],"wp:attachment":[{"href":"https:\/\/www.europesays.com\/fr\/wp-json\/wp\/v2\/media?parent=665720"}],"wp:term":[{"taxonomy":"category","embeddable":true,"href":"https:\/\/www.europesays.com\/fr\/wp-json\/wp\/v2\/categories?post=665720"},{"taxonomy":"post_tag","embeddable":true,"href":"https:\/\/www.europesays.com\/fr\/wp-json\/wp\/v2\/tags?post=665720"}],"curies":[{"name":"wp","href":"https:\/\/api.w.org\/{rel}","templated":true}]}}