{"id":665724,"date":"2026-01-15T16:31:12","date_gmt":"2026-01-15T16:31:12","guid":{"rendered":"https:\/\/www.europesays.com\/fr\/665724\/"},"modified":"2026-01-15T16:31:12","modified_gmt":"2026-01-15T16:31:12","slug":"lallemagne-est-sortie-de-la-recession-en-2025-mais-son-modele-industriel-reste-en-panne","status":"publish","type":"post","link":"https:\/\/www.europesays.com\/fr\/665724\/","title":{"rendered":"L\u2019Allemagne est sortie de la r\u00e9cession en\u00a02025, mais son mod\u00e8le industriel reste en panne"},"content":{"rendered":"<p>                     <img loading=\"lazy\" decoding=\"async\" src=\"https:\/\/www.europesays.com\/fr\/wp-content\/uploads\/2026\/01\/c52edfa_upload-1-yvm5abg1llht-000-87ga2we.jpg\" alt=\"Dans une zone industrielle, \u00e0 Francfort-sur-le-Main (Hesse), le 8\u00a0d\u00e9cembre\u00a02025.\"   width=\"664\" height=\"443\"\/>    Dans une zone industrielle, \u00e0 Francfort-sur-le-Main (Hesse), le 8\u00a0d\u00e9cembre\u00a02025.  KIRILL KUDRYAVTSEV\/AFP                 <\/p>\n<p class=\"article__paragraph  \">Timidement, l\u2019Allemagne sort de la r\u00e9cession. En\u00a02025, la premi\u00e8re \u00e9conomie europ\u00e9enne a d\u00e9gag\u00e9 une croissance de 0,2\u00a0%, et de 0,3\u00a0% apr\u00e8s correction des variations saisonni\u00e8res, a annonc\u00e9 l\u2019Office f\u00e9d\u00e9ral de la statistique (Destatis), jeudi 15\u00a0janvier. C\u2019est le premier signe de rebond apr\u00e8s deux ann\u00e9es de croissance n\u00e9gative, dans un contexte de l\u00e9thargie \u00e9conomique exceptionnellement longue\u00a0: le produit int\u00e9rieur brut allemand a fait du surplace depuis 2019, du jamais-vu dans l\u2019histoire du pays. Le rythme de croissance devrait cependant s\u2019acc\u00e9l\u00e9rer en\u00a02026, estiment les \u00e9conomistes, quand les effets des investissements massifs dans les infrastructures et l\u2019armement commenceront \u00e0 se faire sentir sur l\u2019\u00e9conomie.<\/p>\n<p class=\"article__paragraph  \">En attendant, le moteur traditionnel du \u00ab\u00a0made in Germany\u00a0\u00bb, l\u2019industrie exportatrice, est durablement en panne. \u00ab\u00a0Les exportations ont de nouveau baiss\u00e9 (\u2212\u00a00,3\u00a0%), pour la troisi\u00e8me ann\u00e9e de suite\u00a0\u00bb, a d\u00e9plor\u00e9 Ruth Brand, la pr\u00e9sidente de Destatis, en relevant que le commerce ext\u00e9rieur \u00e9tait expos\u00e9 \u00e0 \u00ab\u00a0de violents vents contraires en raison des droits de douane am\u00e9ricains, de l\u2019appr\u00e9ciation de l\u2019euro et de la forte concurrence chinoise\u00a0\u00bb. Destatis a d\u00e9taill\u00e9 combien la Chine \u00e9tait devenue un puissant rival de l\u2019Allemagne, non seulement en Chine, mais aussi dans les pays tiers et jusque sur son march\u00e9 domestique. L\u2019ann\u00e9e 2025 a, en effet, consacr\u00e9 le retournement du rapport de force entre les deux puissances industrielles\u00a0: les exportations allemandes vers la Chine ont d\u00e9clin\u00e9 de 11,9\u00a0%, tandis que les importations de produits chinois ont bondi de 8\u00a0%. Dans le m\u00eame temps, les exportations vers les Etats-Unis ont baiss\u00e9 de 7,8\u00a0%.<\/p>\n<p class=\"reading-mode-only \"><strong>Il vous reste 64.55% de cet article \u00e0 lire. La suite est r\u00e9serv\u00e9e aux abonn\u00e9s.<\/strong><\/p>\n","protected":false},"excerpt":{"rendered":"Dans une zone industrielle, \u00e0 Francfort-sur-le-Main (Hesse), le 8\u00a0d\u00e9cembre\u00a02025. KIRILL KUDRYAVTSEV\/AFP Timidement, l\u2019Allemagne sort de la r\u00e9cession. En\u00a02025,&hellip;\n","protected":false},"author":2,"featured_media":665725,"comment_status":"","ping_status":"","sticky":false,"template":"","format":"standard","meta":{"footnotes":""},"categories":[1587],"tags":[11,672,1804,1805,1803,1777,674,1801,12,1802],"class_list":{"0":"post-665724","1":"post","2":"type-post","3":"status-publish","4":"format-standard","5":"has-post-thumbnail","7":"category-allemagne","8":"tag-actualites","9":"tag-allemagne","10":"tag-bundesrepublik-deutschland","11":"tag-de","12":"tag-deutschland","13":"tag-eu","14":"tag-europe","15":"tag-germany","16":"tag-news","17":"tag-republique-federale-dallemagne"},"share_on_mastodon":{"url":"https:\/\/pubeurope.com\/@fr\/115900074280812161","error":""},"_links":{"self":[{"href":"https:\/\/www.europesays.com\/fr\/wp-json\/wp\/v2\/posts\/665724","targetHints":{"allow":["GET"]}}],"collection":[{"href":"https:\/\/www.europesays.com\/fr\/wp-json\/wp\/v2\/posts"}],"about":[{"href":"https:\/\/www.europesays.com\/fr\/wp-json\/wp\/v2\/types\/post"}],"author":[{"embeddable":true,"href":"https:\/\/www.europesays.com\/fr\/wp-json\/wp\/v2\/users\/2"}],"replies":[{"embeddable":true,"href":"https:\/\/www.europesays.com\/fr\/wp-json\/wp\/v2\/comments?post=665724"}],"version-history":[{"count":0,"href":"https:\/\/www.europesays.com\/fr\/wp-json\/wp\/v2\/posts\/665724\/revisions"}],"wp:featuredmedia":[{"embeddable":true,"href":"https:\/\/www.europesays.com\/fr\/wp-json\/wp\/v2\/media\/665725"}],"wp:attachment":[{"href":"https:\/\/www.europesays.com\/fr\/wp-json\/wp\/v2\/media?parent=665724"}],"wp:term":[{"taxonomy":"category","embeddable":true,"href":"https:\/\/www.europesays.com\/fr\/wp-json\/wp\/v2\/categories?post=665724"},{"taxonomy":"post_tag","embeddable":true,"href":"https:\/\/www.europesays.com\/fr\/wp-json\/wp\/v2\/tags?post=665724"}],"curies":[{"name":"wp","href":"https:\/\/api.w.org\/{rel}","templated":true}]}}