{"id":665726,"date":"2026-01-15T16:32:11","date_gmt":"2026-01-15T16:32:11","guid":{"rendered":"https:\/\/www.europesays.com\/fr\/665726\/"},"modified":"2026-01-15T16:32:11","modified_gmt":"2026-01-15T16:32:11","slug":"un-cloud-souverain-pour-leurope-opere-par-lamericain-amazon","status":"publish","type":"post","link":"https:\/\/www.europesays.com\/fr\/665726\/","title":{"rendered":"Un cloud souverain pour l&rsquo;Europe\u2026 op\u00e9r\u00e9 par l&rsquo;am\u00e9ricain Amazon"},"content":{"rendered":"<p>Un cloud souverain europ\u00e9en peut-il \u00eatre\u2026 am\u00e9ricain\u00a0? C\u2019est la quadrature du cercle qu\u2019Amazon Web Services tente de r\u00e9soudre avec l\u2019annonce d\u2019une nouvelle infrastructure ind\u00e9pendante et h\u00e9berg\u00e9e au sein de l\u2019Union europ\u00e9enne, loin des yeux d\u2019un Oncle Sam avec qui la confiance est rompue.<\/p>\n<p>Le retour de Donald Trump \u00e0 la Maison Blanche a brutalement rappel\u00e9 \u00e0 l\u2019Union europ\u00e9enne sa d\u00e9pendance au cloud am\u00e9ricain, et la n\u00e9cessit\u00e9 de b\u00e2tir des infrastructures souveraines qui ne soient pas soumises aux sautes d\u2019humeur d\u2019une administration US hostile. C\u2019est un s\u00e9rieux casse-t\u00eate pour les fournisseurs de cloud am\u00e9ricains, qui doivent m\u00e9nager la ch\u00e8vre et le chou. <strong>Amazon Web Services<\/strong>(AWS) a trouv\u00e9 une solution pour r\u00e9pondre aux besoins europ\u00e9ens.<\/p>\n<p> AWS joue l\u2019\u00e9quilibriste <\/p>\n<p>Le g\u00e9ant des services en ligne a <a href=\"https:\/\/press.aboutamazon.com\/aws\/2026\/1\/aws-launches-aws-european-sovereign-cloud-and-announces-expansion-across-europe\" target=\"_blank\" rel=\"noopener\">annonc\u00e9<\/a> le Cloud Souverain Europ\u00e9en, une infrastructure enti\u00e8rement h\u00e9berg\u00e9e dans l\u2019UE et isol\u00e9e des autres r\u00e9gions AWS (comprendre\u00a0: isol\u00e9e des \u00c9tats-Unis). Concr\u00e8tement, il s\u2019agit de \u00ab\u00a0Local Zones\u00a0\u00bb install\u00e9es en Belgique, aux Pays-Bas et au Portugal, avec une soci\u00e9t\u00e9 m\u00e8re et trois filiales constitu\u00e9es en Allemagne.<\/p>\n<p>La structure est dirig\u00e9e par \u00ab\u00a0des citoyens de l\u2019UE soumis au droit europ\u00e9en\u00a0\u00bb. Un comit\u00e9 consultatif chapeaute le tout \u2014 et tous ses membres sont des citoyens europ\u00e9ens. Avec des infrastructures physiques bas\u00e9es sur le sol europ\u00e9en, AWS promet une autonomie op\u00e9rationnelle exploit\u00e9e exclusivement par des r\u00e9sidents de l\u2019UE \u00ab\u00a0sans d\u00e9pendance critique d\u2019infrastructures non europ\u00e9ennes\u00a0\u00bb.<\/p>\n<p>Toutes les m\u00e9tadonn\u00e9es sont conserv\u00e9es int\u00e9gralement dans l\u2019Union (gestion des identit\u00e9s, acc\u00e8s, facturation et autres mesures d\u2019utilisations). Ce cloud AWS a d\u00e9j\u00e0 \u00e9t\u00e9 adopt\u00e9 par plusieurs entreprises et organismes du secteur public, dont Accenture, Capgemini, Atos, Deloitte\u2026 En tout et pour tout, Amazon annonce un investissement de 7,8 milliards d\u2019euros pour son cloud europ\u00e9en, qui fait travailler 2\u00a0800 personnes.<\/p>\n<p>La souverainet\u00e9 num\u00e9rique est tout en haut de la pile des pr\u00e9occupations de l\u2019Union europ\u00e9enne, et c\u2019est tout particuli\u00e8rement important dans le domaine infonuagique. 70\u00a0% du march\u00e9 du cloud europ\u00e9en est <a href=\"https:\/\/www.01net.com\/actualites\/trop-de-depenses-de-cloud-vont-encore-aux-americains-deplore-la-ministre-de-lia-et-du-numerique.html\" target=\"_blank\" rel=\"noopener\">entre les mains d\u2019hyperscalers am\u00e9ricains<\/a>, dont AWS bien s\u00fbr, mais aussi Microsoft et Google. Plusieurs l\u00e9gislations am\u00e9ricaines, comme la loi Fisa ou le Cloud Act, obligent les entreprises US \u00e0 communiquer des donn\u00e9es qu\u2019elles h\u00e9bergent aux autorit\u00e9s am\u00e9ricaines, si ces derni\u00e8res en font la demande.<\/p>\n<p>Les grands acteurs am\u00e9ricains du cloud ne veulent pas laisser le juteux march\u00e9 europ\u00e9en \u00e0 leurs rivaux. C\u2019est pourquoi ils montrent patte blanche pour poursuivre leur activit\u00e9 sur le vieux continent. C\u2019est le cas d\u2019AWS avec ce Cloud Souverain Europ\u00e9en, mais <a href=\"https:\/\/www.01net.com\/actualites\/souverainete-numerique-microsoft-essaie-de-rassurer-les-europeens.html\" target=\"_blank\" rel=\"noopener\">Microsoft aussi a pris des engagements forts<\/a> pour rassurer les Europ\u00e9ens.<\/p>\n<blockquote style=\"border:1px solid grey;border-radius:8px;\">\n<p class=\"text-base text-neutral-700 dark:text-neutral-300\" style=\"color:grey;\">\ud83d\udc49\ud83c\udffb Suivez l\u2019actualit\u00e9 tech en temps r\u00e9el\u00a0: ajoutez 01net \u00e0 vos sources sur <a href=\"https:\/\/profile.google.com\/cp\/CgovbS8wd2Juam1fGhZodHRwczovL3d3dy4wMW5ldC5jb20v?pf=6\" target=\"_blank\" rel=\"noopener\">Google<\/a>, et abonnez-vous \u00e0 notre canal <a href=\"https:\/\/whatsapp.com\/channel\/0029VaH5gKg6xCSG9nQQhQ1Z\" target=\"_blank\" rel=\"noopener\">WhatsApp<\/a>.<\/p>\n<\/blockquote>\n","protected":false},"excerpt":{"rendered":"Un cloud souverain europ\u00e9en peut-il \u00eatre\u2026 am\u00e9ricain\u00a0? C\u2019est la quadrature du cercle qu\u2019Amazon Web Services tente de r\u00e9soudre&hellip;\n","protected":false},"author":2,"featured_media":665727,"comment_status":"","ping_status":"","sticky":false,"template":"","format":"standard","meta":{"footnotes":""},"categories":[1586],"tags":[11,4239,40052,75,1777,674,1011,27,12,25,42583],"class_list":{"0":"post-665726","1":"post","2":"type-post","3":"status-publish","4":"format-standard","5":"has-post-thumbnail","7":"category-europe","8":"tag-actualites","9":"tag-amazon","10":"tag-aws","11":"tag-donald-trump","12":"tag-eu","13":"tag-europe","14":"tag-fr","15":"tag-france","16":"tag-news","17":"tag-republique-francaise","18":"tag-souverainete-numerique"},"share_on_mastodon":{"url":"https:\/\/pubeurope.com\/@fr\/115900078160280389","error":""},"_links":{"self":[{"href":"https:\/\/www.europesays.com\/fr\/wp-json\/wp\/v2\/posts\/665726","targetHints":{"allow":["GET"]}}],"collection":[{"href":"https:\/\/www.europesays.com\/fr\/wp-json\/wp\/v2\/posts"}],"about":[{"href":"https:\/\/www.europesays.com\/fr\/wp-json\/wp\/v2\/types\/post"}],"author":[{"embeddable":true,"href":"https:\/\/www.europesays.com\/fr\/wp-json\/wp\/v2\/users\/2"}],"replies":[{"embeddable":true,"href":"https:\/\/www.europesays.com\/fr\/wp-json\/wp\/v2\/comments?post=665726"}],"version-history":[{"count":0,"href":"https:\/\/www.europesays.com\/fr\/wp-json\/wp\/v2\/posts\/665726\/revisions"}],"wp:featuredmedia":[{"embeddable":true,"href":"https:\/\/www.europesays.com\/fr\/wp-json\/wp\/v2\/media\/665727"}],"wp:attachment":[{"href":"https:\/\/www.europesays.com\/fr\/wp-json\/wp\/v2\/media?parent=665726"}],"wp:term":[{"taxonomy":"category","embeddable":true,"href":"https:\/\/www.europesays.com\/fr\/wp-json\/wp\/v2\/categories?post=665726"},{"taxonomy":"post_tag","embeddable":true,"href":"https:\/\/www.europesays.com\/fr\/wp-json\/wp\/v2\/tags?post=665726"}],"curies":[{"name":"wp","href":"https:\/\/api.w.org\/{rel}","templated":true}]}}