{"id":665740,"date":"2026-01-15T16:44:15","date_gmt":"2026-01-15T16:44:15","guid":{"rendered":"https:\/\/www.europesays.com\/fr\/665740\/"},"modified":"2026-01-15T16:44:15","modified_gmt":"2026-01-15T16:44:15","slug":"louis-tanguy-mon-depart-a-tout-gache-actualite","status":"publish","type":"post","link":"https:\/\/www.europesays.com\/fr\/665740\/","title":{"rendered":"Louis Tanguy : \u00ab Mon d\u00e9part a tout g\u00e2ch\u00e9 \u00bb &#8211; Actualit\u00e9"},"content":{"rendered":"<p><strong>Un Championnat de France Espoirs \u00e0 l\u2019image de toute une saison dans les sous-bois : moyenne et mitig\u00e9e. Loin d\u2019\u00eatre ridicule mais hors du Top 5, Louis Tanguy avait du mal \u00e0 se satisfaire de sa performance, samedi dernier, sur le circuit de Troyes (Aube). DirectVelo avait recueilli la r\u00e9action du coureur d&rsquo;ACT Cycling \u00e0 l\u2019arriv\u00e9e. <\/strong><\/p>\n<p><strong>DirectVelo : Comment s\u2019est pass\u00e9 ton Championnat de France ?<\/strong><br \/>Louis Tanguy : Je fais un d\u00e9part assez moyen. Je me suis retrouv\u00e9 un peu enferm\u00e9 mais j\u2019ai fait une bonne fin de premier tour. J\u2019ai ensuite essay\u00e9 de boucher les \u00e9carts et <strong><a href=\"https:\/\/www.directvelo.com\/epreuve\/49048\/championnat-de-france-de-cyclo-cross-u23-hommes-2026\" target=\"_blank\" rel=\"noopener\">j\u2019ai finalement r\u00e9ussi \u00e0 terminer 6e<\/a><\/strong>. C\u2019est mieux que l\u2019an dernier (9e, NDLR). Je pense que j\u2019avais un bien meilleur r\u00e9sultat dans les jambes. Mon premier tour me co\u00fbte cher, c\u2019est dommage mais c\u2019est la course. Je visais un Top 5 au d\u00e9part, je suis un peu d\u00e9\u00e7u.<\/p>\n<p><strong>Qu\u2019as-tu pens\u00e9 du circuit ?<\/strong><br \/>J\u2019adore quand c\u2019est tr\u00e8s dur comme \u00e7a. Il faut de la technique. J\u2019aime beaucoup les orni\u00e8res. \u00c7a me r\u00e9ussit g\u00e9n\u00e9ralement, mais mon d\u00e9part a tout g\u00e2ch\u00e9. C\u2019est un peu \u00e0 l\u2019image de ma saison, ce n\u2019est pas bien sans \u00eatre mauvais, c\u2019est juste moyen. J\u2019esp\u00e8re faire nettement mieux \u00e0 l\u2019avenir.<\/p>\n<p><strong>\u00ab IL Y A DES ANN\u00c9ES AVEC ET DES ANN\u00c9ES SANS \u00bb <\/strong><\/p>\n<p><strong>Que t\u2019a-t-il manqu\u00e9 lors de cette saison \u201cmoyenne\u201d ?<\/strong><br \/>Je ne sais pas. J\u2019ai eu un d\u00e9but de saison difficile avec des \u00e9v\u00e9nements qui ne m\u2019ont pas aid\u00e9. J\u2019ai eu du mal \u00e0 me mettre dedans\u2026\u00a0<\/p>\n<p><strong>Malgr\u00e9 un bon week-end \u00e0 Quelneuc\u2026<\/strong><br \/>Oui, surtout le samedi o\u00f9 j\u2019ai termin\u00e9 5e. J\u2019\u00e9tais bien revenu l\u00e0-bas. C\u2019est le sport, il y a des ann\u00e9es avec et des ann\u00e9es sans. Je ne suis qu\u2019Espoir 2 mais \u00e7a serait mieux si je progressais un peu plus vite. Cela \u00e9tant dit, quand je vois les \u00e9carts, je me dis que je suis quand m\u00eame dans le coup.<strong id=\"docs-internal-guid-9ffde224-7fff-46c4-d6e3-405ba0c89543\"><br \/><\/strong><\/p>\n","protected":false},"excerpt":{"rendered":"Un Championnat de France Espoirs \u00e0 l\u2019image de toute une saison dans les sous-bois : moyenne et mitig\u00e9e.&hellip;\n","protected":false},"author":2,"featured_media":665741,"comment_status":"","ping_status":"","sticky":false,"template":"","format":"standard","meta":{"footnotes":""},"categories":[1411],"tags":[834,828,836,829,837,827,83,826,824,823,1154,207,814,817,815,816,822,821,832,211,839,1011,27,820,818,819,835,831,830,833,838,60,212,208,825],"class_list":{"0":"post-665740","1":"post","2":"type-post","3":"status-publish","4":"format-standard","5":"has-post-thumbnail","7":"category-cyclisme","8":"tag-attaque","9":"tag-belgique","10":"tag-braquet","11":"tag-bretagne","12":"tag-chute","13":"tag-competition","14":"tag-coupe-de-france","15":"tag-coureur","16":"tag-course-cyclisme","17":"tag-course-cycliste","18":"tag-cycling","19":"tag-cyclisme","20":"tag-direct","21":"tag-direct-velo","22":"tag-directvelo","23":"tag-directvelo-com","24":"tag-epreuve","25":"tag-epreuve-cycliste","26":"tag-federation-francaise-de-cyclisme","27":"tag-ffc","28":"tag-flandres","29":"tag-fr","30":"tag-france","31":"tag-live","32":"tag-live-course","33":"tag-live-epreuve","34":"tag-peloton","35":"tag-radio-peloton","36":"tag-radio-tour","37":"tag-ravitaillement","38":"tag-relance","39":"tag-sports","40":"tag-uci","41":"tag-velo","42":"tag-velos"},"share_on_mastodon":{"url":"https:\/\/pubeurope.com\/@fr\/115900125345561163","error":""},"_links":{"self":[{"href":"https:\/\/www.europesays.com\/fr\/wp-json\/wp\/v2\/posts\/665740","targetHints":{"allow":["GET"]}}],"collection":[{"href":"https:\/\/www.europesays.com\/fr\/wp-json\/wp\/v2\/posts"}],"about":[{"href":"https:\/\/www.europesays.com\/fr\/wp-json\/wp\/v2\/types\/post"}],"author":[{"embeddable":true,"href":"https:\/\/www.europesays.com\/fr\/wp-json\/wp\/v2\/users\/2"}],"replies":[{"embeddable":true,"href":"https:\/\/www.europesays.com\/fr\/wp-json\/wp\/v2\/comments?post=665740"}],"version-history":[{"count":0,"href":"https:\/\/www.europesays.com\/fr\/wp-json\/wp\/v2\/posts\/665740\/revisions"}],"wp:featuredmedia":[{"embeddable":true,"href":"https:\/\/www.europesays.com\/fr\/wp-json\/wp\/v2\/media\/665741"}],"wp:attachment":[{"href":"https:\/\/www.europesays.com\/fr\/wp-json\/wp\/v2\/media?parent=665740"}],"wp:term":[{"taxonomy":"category","embeddable":true,"href":"https:\/\/www.europesays.com\/fr\/wp-json\/wp\/v2\/categories?post=665740"},{"taxonomy":"post_tag","embeddable":true,"href":"https:\/\/www.europesays.com\/fr\/wp-json\/wp\/v2\/tags?post=665740"}],"curies":[{"name":"wp","href":"https:\/\/api.w.org\/{rel}","templated":true}]}}