{"id":665746,"date":"2026-01-15T16:47:13","date_gmt":"2026-01-15T16:47:13","guid":{"rendered":"https:\/\/www.europesays.com\/fr\/665746\/"},"modified":"2026-01-15T16:47:13","modified_gmt":"2026-01-15T16:47:13","slug":"greve-fermetures-directrice-fragilisee-le-musee-du-louvre-senlise-dans-la-crise-trois-mois-apres-le-spectaculaire-cambriolage","status":"publish","type":"post","link":"https:\/\/www.europesays.com\/fr\/665746\/","title":{"rendered":"Gr\u00e8ve, fermetures, directrice fragilis\u00e9e&#8230; Le mus\u00e9e du Louvre s\u2019enlise dans la crise trois mois apr\u00e8s le spectaculaire cambriolage"},"content":{"rendered":"<p>La mission au mus\u00e9e du Louvre de Philippe Jost a-t-elle \u00e9t\u00e9 annul\u00e9e? Pourquoi Rachida Dati laisse-t-elle planer le doute sur l&rsquo;avenir de Laurence des Cars \u00e0 la t\u00eate du mus\u00e9e? Pr\u00e8s de trois mois apr\u00e8s le cambriolage spectaculaire, la situation n&rsquo;est toujours pas apais\u00e9e dans le mus\u00e9e le plus visit\u00e9 au monde.<\/p>\n<p>C&rsquo;\u00e9tait le joker de <a href=\"https:\/\/www.bfmtv.com\/politique\/elections\/municipales\/on-se-detend-pas-mieux-que-le-braquage-du-louvre-nouvel-echange-tendu-entre-anne-hidalgo-et-rachida-dati-au-conseil-de-paris_AV-202512160643.html\" title=\"&quot;On se d\u00e9tend&quot;, &quot;pas mieux que le braquage du Louvre&quot;: nouvel \u00e9change tendu entre Anne Hidalgo et Rachida Dati au Conseil de Paris\" class=\"internal_link\" target=\"_blank\" rel=\"noopener\">Rachida Dati <\/a>en fin d&rsquo;ann\u00e9e. La 14 d\u00e9cembre dernier, la ministre de la Culture officialisait dans un communiqu\u00e9 avoir confi\u00e9 \u00e0 <a href=\"https:\/\/www.bfmtv.com\/culture\/le-superviseur-du-chantier-de-notre-dame-philippe-jost-va-mener-une-mission-pour-reorganiser-le-louvre_AD-202512120827.html\" title=\"Le superviseur du chantier de Notre-Dame Philippe Jost va mener une mission pour &quot;r\u00e9organiser&quot; le Louvre\" class=\"internal_link\" target=\"_blank\" rel=\"noopener\">Philippe Jost <\/a>une mission \u00ab\u00a0afin de proposer les mesures et \u00e9volutions n\u00e9cessaires pour r\u00e9pondre aux difficult\u00e9s identifi\u00e9es et renforcer les atouts du plus grand mus\u00e9e du monde\u00a0\u00bb.<\/p>\n<p>Il \u00e9tait m\u00eame pr\u00e9cis\u00e9: \u00ab\u00a0Philippe Jost m\u00e8nera cette mission en janvier et f\u00e9vrier 2026, concomitamment \u00e0 ses fonctions de pr\u00e9sident de l\u2019\u00e9tablissement public Reb\u00e2tir Notre-Dame de Paris\u00a0\u00bb. Le but? Proposer un rapport tr\u00e8s rapidement. \u00ab\u00a0Il remettra ses premi\u00e8res recommandations fin f\u00e9vrier 2026\u00a0\u00bb, promettait le communiqu\u00e9.<\/p>\n<p>Et pourtant, en ce jeudi 15 janvier, le haut-fonctionnaire n&rsquo;est toujours pas arriv\u00e9 au mus\u00e9e. Sa lettre de mission n&rsquo;aurait pas \u00e9t\u00e9 sign\u00e9e. Sans elle, impossible de d\u00e9buter son \u00ab\u00a0enqu\u00eate\u00a0\u00bb approfondie. \u00ab\u00a0Rien d\u2019\u00e9crit ni d\u2019officiel, mais j\u2019ai eu la m\u00eame information par le minist\u00e8re de la Culture\u00a0\u00bb, confie une source syndicale \u00e0 BFMTV, confirmant une information r\u00e9v\u00e9l\u00e9e par le <a href=\"https:\/\/www.lefigaro.fr\/culture\/patrimoine\/greve-probleme-de-gouvernance-mission-de-jost-annulee-le-louvre-ne-sort-pas-de-la-tourmente-20260114\" target=\"_blank\" class=\"external_link\" rel=\"noopener\">Figaro<\/a>.<\/p>\n<p>Traduction: il n&rsquo;est pas pr\u00e8s d&rsquo;arriver.\u00a0Une autre source nous indique m\u00eame, affirmatif: \u00ab\u00a0Il ne vient plus\u00a0\u00bb. M\u00eame son de cloche du c\u00f4t\u00e9 de la commission culture au S\u00e9nat qui suit le dossier Louvre avec attention. Le minist\u00e8re de la Culture et l\u2019entourage de Philippe Jost, eux, n\u2019ont pas r\u00e9pondu \u00e0 nos sollicitations.<\/p>\n<p>\u00ab\u00a0C&rsquo;est tr\u00e8s tendu du c\u00f4t\u00e9 de la direction du mus\u00e9e\u00a0\u00bb<\/p>\n<p>L\u2019imbroglio est complexe. \u00ab\u00a0Philippe Jost avait compris qu\u2019il allait prendre la direction g\u00e9n\u00e9rale du mus\u00e9e, une sorte de nouveau poste. Mais Rachida Dati s\u2019y serait finalement oppos\u00e9e\u00a0\u00bb, glisse-t-on dans les couloirs du mus\u00e9e. Pourtant, la situation s&rsquo;enlise au Louvre, qui \u00e9tait ferm\u00e9 au public lundi dernier pour cause de gr\u00e8ve.<\/p>\n<p>Le pr\u00e9avis a \u00e9t\u00e9 reconduit ce mercredi \u00e0 l\u2019unanimit\u00e9, mais pas de gr\u00e8ve ce jour. La crise commence \u00e0 s&rsquo;installer apr\u00e8s une pause pendant les f\u00eates. \u00ab\u00a0L\u2019ouverture du mus\u00e9e peut \u00eatre perturb\u00e9e et certaines salles rester exceptionnellement ferm\u00e9es. Nous vous prions de nous excuser de la g\u00eane occasionn\u00e9e\u00a0\u00bb, peut-on lire sur la page d\u2019accueil du site internet du mus\u00e9e.<\/p>\n<p><img decoding=\"async\" src=\"https:\/\/www.europesays.com\/fr\/wp-content\/uploads\/2025\/05\/principale-24_1.png\"  alt=\"Pourquoi la Cour des comptes accable-t-elle la s\u00e9curit\u00e9 du mus\u00e9e du Louvre?\" title=\"Pourquoi la Cour des comptes accable-t-elle la s\u00e9curit\u00e9 du mus\u00e9e du Louvre?\"\/>Pourquoi la Cour des comptes accable-t-elle la s\u00e9curit\u00e9 du mus\u00e9e du Louvre?<\/p>\n<p>\u00ab\u00a0C&rsquo;est tr\u00e8s tendu du c\u00f4t\u00e9 de la direction du mus\u00e9e\u00a0\u00bb, explique un salari\u00e9 \u00e0 BFMTV.\u00a0\u00ab\u00a0Le Louvre est devenu un bunker apr\u00e8s le cambriolage. C\u2019est aussi pour cela que le mouvement dure: alors que le pr\u00e9avis de gr\u00e8ve a \u00e9t\u00e9 d\u00e9pos\u00e9 le 8 d\u00e9cembre, ils n\u2019ont communiqu\u00e9 des informations sur les r\u00e9mun\u00e9rations que le 9 janvier\u00a0\u00bb, s&rsquo;\u00e9touffe un syndicaliste aupr\u00e8s de BFMTV.\u00a0<\/p>\n<p>Pourtant, chaque journ\u00e9e de gr\u00e8ve co\u00fbterait au mus\u00e9e jusqu&rsquo;\u00e0 400.000 euros, selon des chiffres avanc\u00e9s par Le Figaro. Et ce n&rsquo;est pas l&rsquo;augmentation du tarif d&rsquo;entr\u00e9e pour <a href=\"https:\/\/www.bfmtv.com\/economie\/entreprises\/culture-loisirs\/10-euros-supplementaires-pour-le-louvre-ou-le-chateau-de-chambord-les-touristes-etrangers-hors-ue-doivent-desormais-payer-plus-cher-que-les-autres-pour-visiter-certains-musees-francais_AD-202601120203.html\" title=\"10 euros suppl\u00e9mentaires pour le Louvre ou le ch\u00e2teau de Chambord: les touristes \u00e9trangers hors-UE doivent d\u00e9sormais payer plus cher que les autres pour visiter certains mus\u00e9es fran\u00e7ais\" class=\"internal_link\" target=\"_blank\" rel=\"noopener\">les touristes non-europ\u00e9ens \u00e0 32 euros<\/a>, instaur\u00e9e le 14 janvier, qui va combler le manque \u00e0 gagner.\u00a0<\/p>\n<p><a href=\"https:\/\/www.bfmtv.com\/police-justice\/le-dossier-etait-clos-la-directrice-du-louvre-admet-des-fragilites-structurelles-de-securite-dans-le-musee_AN-202512010739.html\" title=\"&quot;Le dossier \u00e9tait clos&quot;: la directrice du Louvre admet des &quot;fragilit\u00e9s structurelles&quot; de s\u00e9curit\u00e9 dans le mus\u00e9e\" class=\"internal_link\" target=\"_blank\" rel=\"noopener\">Laurence des Cars<\/a> est-elle menac\u00e9e \u00e0 la t\u00eate de l&rsquo;\u00e9tablissement? Possible. M\u00eame si sa d\u00e9mission a \u00e9t\u00e9 refus\u00e9e apr\u00e8s le cambriolage, le vernis semble craquer en ce d\u00e9but d\u2019ann\u00e9e. Rachida Dati n&rsquo;a pas d\u00fb rassurer la Conservatrice g\u00e9n\u00e9rale du patrimoine quand elle a rappel\u00e9 cette semaine qu&rsquo;il y a \u00ab\u00a0un probl\u00e8me de gouvernance\u00a0\u00bb \u00e0 la t\u00eate du mus\u00e9e.<\/p>\n<p>Pire, la ministre de la Culture a ajout\u00e9 mena\u00e7ante: \u00ab\u00a0nous allons prendre nos responsabilit\u00e9s tr\u00e8s prochainement\u00a0\u00bb.\u00a0\u00ab\u00a0La rupture est d\u00e9sormais totale entre Dati et des Cars\u00a0\u00bb, affirme une source syndicale aupr\u00e8s de BFMTV. \u00c0 tel point que la ministre de la Culture aurait d\u00e9j\u00e0 act\u00e9 son remplacement, au plus tard \u00e0 la rentr\u00e9e de septembre. Le mandat de Laurence des Cars prendra fin le 31 ao\u00fbt et ne serait donc pas renouvel\u00e9. Emmanuel Moulin, le secr\u00e9taire g\u00e9n\u00e9ral de l\u2019\u00c9lys\u00e9e, se serait d\u2019ailleurs d\u00e9j\u00e0 empar\u00e9 du dossier en lien avec la rue de Valois.<\/p>\n<p>Le divorce est consomm\u00e9<\/p>\n<p>Et ce ne sont pas les salari\u00e9s du Louvre qui regretteront la pr\u00e9sidente actuelle. Les syndicats n\u2019ont que tr\u00e8s peu de contacts avec la direction. \u00ab\u00a0On a eu une dizaine de rendez-vous minist\u00e9riels, mais seulement deux avec la direction depuis le d\u00e9p\u00f4t du pr\u00e9avis de gr\u00e8ve. C\u2019est quand m\u00eame fou que le minist\u00e8re nous accorde plus de temps que notre propre direction\u00a0\u00bb, s\u2019\u00e9trangle un syndicaliste.<\/p>\n<p>\u00ab\u00a0Le probl\u00e8me, c\u2019est que le Louvre est un \u00e9tablissement public en autonomie de gestion, et que les possibilit\u00e9s d\u2019intervention du minist\u00e8re sont statutairement limit\u00e9es\u00a0\u00bb, rappelle, amer, un autre participant \u00e0 ces r\u00e9unions.<\/p>\n<p><img decoding=\"async\" loading=\"lazy\" width=\"2048\" height=\"1363\" src=\"https:\/\/www.europesays.com\/fr\/wp-content\/uploads\/2026\/01\/Le-Louvre-le-8-decembre-2025-2217320.jpg\"  alt=\"A Paris, au mus\u00e9e du Louvre, le 8 d\u00e9cembre 2025, des visiteurs venus admirer la Joconde et se prendre en photo devant elle. \" title=\"A Paris, au mus\u00e9e du Louvre, le 8 d\u00e9cembre 2025, des visiteurs venus admirer la Joconde et se prendre en photo devant elle. \"\/>A Paris, au mus\u00e9e du Louvre, le 8 d\u00e9cembre 2025, des visiteurs venus admirer la Joconde et se prendre en photo devant elle. \u00a9 ERIC BRONCARD \/ HANS LUCAS \/ HANS LUCAS VIA AFP<\/p>\n<p>Laurence des Cars poursuit en tout cas son travail. Sans sourciller, elle a \u00e9cart\u00e9 ces derniers jours deux chefs de grands d\u00e9partements. La pr\u00e9sidente a d\u00e9barqu\u00e9 Sophie Jugie du d\u00e9partement des sculptures, \u00ab\u00a0quelqu\u2019un de tr\u00e8s loyal et respect\u00e9\u00a0\u00bb, nous dit-on pourtant. \u00ab\u00a0Elle ne va pas se faire plus d\u2019amis en faisant cela\u00a0\u00bb, glisse une source \u00e0 BFMTV.<\/p>\n<p>Xavier Salmon \u00e0 la t\u00eate du d\u00e9partement des Arts Graphiques n\u2019a, lui, pas \u00e9t\u00e9 renouvel\u00e9. Ces deux dirigeants avaient pour point commun de ne pas avoir \u00e9t\u00e9 nomm\u00e9s par Laurence des Cars. \u00ab\u00a0Ils n\u2019auraient pas \u00e9t\u00e9 suffisamment affables avec la pr\u00e9sidente\u00a0\u00bb, assurent, d\u2019ailleurs, des proches des anciens chefs de d\u00e9partements.<\/p>\n<p>Aujourd\u2019hui, le divorce semble consomm\u00e9\u00a0et attendu dans les couloirs du mus\u00e9e. \u00ab\u00a0Je pense que son remplacement est la seule solution pour sortir vraiment de la crise actuelle. Il y a une telle d\u00e9fiance\u00a0en interne que m\u00eame un bon projet serait rejet\u00e9 s\u2019il \u00e9tait port\u00e9 par des Cars\u00a0\u00bb, pr\u00e9vient une source syndicale \u00e0 BFMTV.<\/p>\n","protected":false},"excerpt":{"rendered":"La mission au mus\u00e9e du Louvre de Philippe Jost a-t-elle \u00e9t\u00e9 annul\u00e9e? Pourquoi Rachida Dati laisse-t-elle planer le&hellip;\n","protected":false},"author":2,"featured_media":665747,"comment_status":"","ping_status":"","sticky":false,"template":"","format":"standard","meta":{"footnotes":""},"categories":[1358],"tags":[1348,1384,1385,1386,58,59,1011,27],"class_list":{"0":"post-665746","1":"post","2":"type-post","3":"status-publish","4":"format-standard","5":"has-post-thumbnail","7":"category-arts-et-design","8":"tag-arts","9":"tag-arts-and-design","10":"tag-arts-et-design","11":"tag-design","12":"tag-divertissement","13":"tag-entertainment","14":"tag-fr","15":"tag-france"},"share_on_mastodon":{"url":"https:\/\/pubeurope.com\/@fr\/115900137087384711","error":""},"_links":{"self":[{"href":"https:\/\/www.europesays.com\/fr\/wp-json\/wp\/v2\/posts\/665746","targetHints":{"allow":["GET"]}}],"collection":[{"href":"https:\/\/www.europesays.com\/fr\/wp-json\/wp\/v2\/posts"}],"about":[{"href":"https:\/\/www.europesays.com\/fr\/wp-json\/wp\/v2\/types\/post"}],"author":[{"embeddable":true,"href":"https:\/\/www.europesays.com\/fr\/wp-json\/wp\/v2\/users\/2"}],"replies":[{"embeddable":true,"href":"https:\/\/www.europesays.com\/fr\/wp-json\/wp\/v2\/comments?post=665746"}],"version-history":[{"count":0,"href":"https:\/\/www.europesays.com\/fr\/wp-json\/wp\/v2\/posts\/665746\/revisions"}],"wp:featuredmedia":[{"embeddable":true,"href":"https:\/\/www.europesays.com\/fr\/wp-json\/wp\/v2\/media\/665747"}],"wp:attachment":[{"href":"https:\/\/www.europesays.com\/fr\/wp-json\/wp\/v2\/media?parent=665746"}],"wp:term":[{"taxonomy":"category","embeddable":true,"href":"https:\/\/www.europesays.com\/fr\/wp-json\/wp\/v2\/categories?post=665746"},{"taxonomy":"post_tag","embeddable":true,"href":"https:\/\/www.europesays.com\/fr\/wp-json\/wp\/v2\/tags?post=665746"}],"curies":[{"name":"wp","href":"https:\/\/api.w.org\/{rel}","templated":true}]}}