{"id":665750,"date":"2026-01-15T16:50:10","date_gmt":"2026-01-15T16:50:10","guid":{"rendered":"https:\/\/www.europesays.com\/fr\/665750\/"},"modified":"2026-01-15T16:50:10","modified_gmt":"2026-01-15T16:50:10","slug":"des-gens-qui-suivent-des-moutons","status":"publish","type":"post","link":"https:\/\/www.europesays.com\/fr\/665750\/","title":{"rendered":"\u201cDes gens qui suivent, des moutons\u201d"},"content":{"rendered":"<p><strong>Jean-Jacques Goldman<\/strong> est unique en son genre.<br \/>\n<strong>Auteur, compositeur, interpr\u00e8te, membre de groupes, artiste<br \/>\nsolo, star engag\u00e9 ou encore meneur des fameux Enfoir\u00e9s.<\/strong><br \/>\nDurant plus de 40 ans, le chanteur a tenu le pav\u00e9 haut dans la<br \/>\nchanson fran\u00e7aise. Et cela malgr\u00e9 une discr\u00e9tion m\u00e9diatique qui<br \/>\ns\u2019est renforc\u00e9e \u00e0 travers les \u00e2ges. C\u2019est bien simple :<br \/>\n<strong>Michael<\/strong>, son fils, est aujourd\u2019hui plus sous le<br \/>\nfeu des projecteurs que lui ! Aujourd\u2019hui, Jean-Jacques Goldman,<br \/>\nsouvent \u00e9lu personnalit\u00e9 pr\u00e9f\u00e9r\u00e9e des Fran\u00e7ais, a tir\u00e9 sa r\u00e9v\u00e9rence<br \/>\nartistique. <strong>25 ans qu\u2019il n\u2019a pas sorti d\u2019album<br \/>\nsolo.<\/strong> Une \u00e9ternit\u00e9 pour ses fans toujours aussi<br \/>\nnombreux.<\/p>\n<p>Jean-Jacques Goldman : v\u00e9ritable homme-orchestre de la chanson<br \/>\nfrancophone<\/p>\n<p>Comment r\u00e9sumer la carri\u00e8re dense et \u00e9clectique de Jean-Jacques<br \/>\nGoldman en quelques lignes ? De ses d\u00e9buts dans <strong>Ta\u00ef<br \/>\nPhong<\/strong> \u00e0 son trio avec <strong>Carole Fredericks<\/strong><br \/>\net <strong>Michael Jones<\/strong>, en passant <a href=\"https:\/\/www.melty.fr\/people\/celine-dion-et-jean-jacques-goldman-en-froid-il-estime-quil-en-a-assez-2260123.html\" target=\"_blank\" rel=\"noopener\"><br \/>\npar son envol en solo et sa collab\u2019 culte avec <strong>C\u00e9line<br \/>\nDion<\/strong>\u2026<\/a> <strong>Goldman repr\u00e9sente \u00e0 lui seul plus de 40<br \/>\nans de l\u2019industrie du disque fran\u00e7aise, homme orchestre de la<br \/>\nchanson francophone.<\/strong> Encore aujourd\u2019hui, malgr\u00e9 sa<br \/>\n\u2018retraite\u2019.<\/p>\n<p>En 2001, l\u2019interpr\u00e8te d\u2019Il suffirait d\u2019un signe sortait<br \/>\nson dernier disque en solitaire : Chansons pour les pieds.<br \/>\n<strong>Curieuse appellation pour une \u0153uvre qui contient toutefois<br \/>\ndeux derniers hits pour la route, Ensemble et Tournent<br \/>\nles violons.<\/strong> Depuis, plus rien, JJG s\u2019est mis en<br \/>\nretrait de la sc\u00e8ne musicale. Il a m\u00eame claqu\u00e9 la porte des<br \/>\nEnfoir\u00e9s dans la deuxi\u00e8me moiti\u00e9 des ann\u00e9es 2010. Sans que l\u2019on<br \/>\nsache vraiment pourquoi, les rumeurs allant bon train\u2026<\/p>\n<p>Le fils de Jean-Jacques Goldman, Michael, est lui aussi un<br \/>\nponte de la musique<\/p>\n<p>En 2026, finalement, chez les Goldman, ce n\u2019est plus<br \/>\nJean-Jacques, le patriarche, qui est la star. <strong>Mais bien son<br \/>\nfiston, Michael Goldman, <a href=\"https:\/\/www.melty.fr\/people\/tres-jolie-michael-goldman-star-ac-tres-proche-de-joyce-jonathan-cette-declaration-qui-ne-la-laisse-pas-de-marbre-2289318.html\" target=\"_blank\" rel=\"noopener\"><br \/>\nco-cr\u00e9ateur de My Major Company, mentor de Joyce Jonathan<\/a> et<br \/>\nactuel directeur de la Star Ac.<\/strong> En une poign\u00e9e d\u2019ann\u00e9es,<br \/>\nl\u2019h\u00e9ritier Goldman est devenu lui aussi un ponte de la musique<br \/>\ntricolore. Il d\u00e9bute comme directeur artistique junior dans le<br \/>\nlabel <strong>BMG<\/strong>. Une voie toute trac\u00e9e comme papa.<\/p>\n<p><strong>Si JJG a choisi la sc\u00e8ne, Michael, son fils, a lui<br \/>\nchoisi l\u2019arri\u00e8re-cuisine de l\u2019industrie.<\/strong> Il \u0153uvre d\u2019abord<br \/>\ndans l\u2019ombre avec sa maison de disques My Major Company. Il a<br \/>\nd\u00e9velopp\u00e9 des artistes comme Joyce Jonathan, donc, mais \u00e9galement<br \/>\nle one hit wonder <strong>Gr\u00e9goire<\/strong>. C\u2019est TF1 qui<br \/>\nl\u2019a r\u00e9ellement mis en lumi\u00e8re \u00e0 partir de 2022 avec leur c\u00e9l\u00e8bre<br \/>\nt\u00e9l\u00e9-crochet. Il y a fort \u00e0 parier que Goldman, p\u00e8re, est fier de<br \/>\nsa graine de star. Tel p\u00e8re, tel fils donc.<\/p>\n<p>Jean-Jacques Goldman, l\u2019artiste n\u2019a<br \/>\njamais eu la langue planqu\u00e9e dans sa poche<\/p>\n<p><strong>Flashback : nous sommes en 1986 sur la RTS.<\/strong><br \/>\nM\u00e9dia suisse bien connu. <strong>\u00c0 l\u2019\u00e9poque, Jean-Jacques Goldman<br \/>\nest au firmament de sa carri\u00e8re solo.<\/strong> Il n\u2019a pas encore<br \/>\npondu les deux classics de C\u00e9line Dion, D\u2019eux, en<br \/>\n1995, et S\u2019il suffisait d\u2019aimer, en 1998, mais sa stature<br \/>\nest d\u00e9j\u00e0 intouchable et bankable. L\u2019artiste r\u00e9pond au<br \/>\nd\u00e9bott\u00e9 \u00e0 un entretien men\u00e9 par <strong>Muriel Siki<\/strong>. Il<br \/>\nrevient sur sa carri\u00e8re mais \u00e9galement un certain revers de la<br \/>\nc\u00e9l\u00e9brit\u00e9. Il faut dire que la notori\u00e9t\u00e9 de Goldman, alors, est<br \/>\ntr\u00e8s importante en France mais aussi en Suisse.<\/p>\n<p>\u201cDes milliers de gens vous attendent, comment est-ce qu\u2019on<br \/>\nse sent avant un concert ?\u201d, lance l\u2019intervieweuse au<br \/>\nchanteur. R\u00e9ponse de ce dernier avec un petit rire : \u201cTr\u00e8s<br \/>\nmal.\u201d Relance : \u201cVous avez le trac ?\u201d <strong>Goldman<br \/>\nacquiesce sans honte, t\u00e9moignage de son implication dans le show \u00e0<br \/>\nvenir, son respect du public et la minutie de son<br \/>\norganisation.<\/strong> Peu apr\u00e8s, durant l\u2019\u00e9change, il revient sur<br \/>\nson rapport \u00e0 la presse : \u201cC\u2019est pas ce qui m\u2019excite le plus<br \/>\ndans ce m\u00e9tier ! [rire]\u201d. On sent d\u00e9j\u00e0 que l\u2019artiste n\u2019aime<br \/>\npas la lumi\u00e8re braqu\u00e9e sur lui. \u201c[&#8230;] Je pr\u00e9f\u00e8re que les gens<br \/>\ns\u2019int\u00e9ressent \u00e0 mes chansons.\u201d, explique l\u2019int\u00e9ress\u00e9 lorsqu\u2019on<br \/>\nle questionne sur sa vie priv\u00e9e. Il ajoute plus tard dans le m\u00eame<br \/>\nentretien concernant son rapport \u00e0 la soci\u00e9t\u00e9 : \u201c[&#8230;] Ce qu\u2019il<br \/>\nfaut pour que les collectivit\u00e9s marchent, c\u2019est que, je crois, les<br \/>\nindividus existent fort, personnellement. <strong>Et qu\u2019il ne soit<br \/>\npas seulement des gens qui suivent, des moutons de<br \/>\nPanurge.<\/strong>\u201d Un an plus t\u00f4t, Jean-Jacques Goldman<br \/>\nsortait un de ses plus grands tubes au titre presque proph\u00e9tique :<br \/>\nJe marche seul.<\/p>\n","protected":false},"excerpt":{"rendered":"Jean-Jacques Goldman est unique en son genre. Auteur, compositeur, interpr\u00e8te, membre de groupes, artiste solo, star engag\u00e9 ou&hellip;\n","protected":false},"author":2,"featured_media":665751,"comment_status":"","ping_status":"","sticky":false,"template":"","format":"standard","meta":{"footnotes":""},"categories":[1355],"tags":[905,58,59,1011,27,7195,1361,873,65861],"class_list":{"0":"post-665750","1":"post","2":"type-post","3":"status-publish","4":"format-standard","5":"has-post-thumbnail","7":"category-musique","8":"tag-a-la-une-melty","9":"tag-divertissement","10":"tag-entertainment","11":"tag-fr","12":"tag-france","13":"tag-jean-jacques-goldman","14":"tag-music","15":"tag-musique","16":"tag-trend"},"share_on_mastodon":{"url":"https:\/\/pubeurope.com\/@fr\/115900148853527334","error":""},"_links":{"self":[{"href":"https:\/\/www.europesays.com\/fr\/wp-json\/wp\/v2\/posts\/665750","targetHints":{"allow":["GET"]}}],"collection":[{"href":"https:\/\/www.europesays.com\/fr\/wp-json\/wp\/v2\/posts"}],"about":[{"href":"https:\/\/www.europesays.com\/fr\/wp-json\/wp\/v2\/types\/post"}],"author":[{"embeddable":true,"href":"https:\/\/www.europesays.com\/fr\/wp-json\/wp\/v2\/users\/2"}],"replies":[{"embeddable":true,"href":"https:\/\/www.europesays.com\/fr\/wp-json\/wp\/v2\/comments?post=665750"}],"version-history":[{"count":0,"href":"https:\/\/www.europesays.com\/fr\/wp-json\/wp\/v2\/posts\/665750\/revisions"}],"wp:featuredmedia":[{"embeddable":true,"href":"https:\/\/www.europesays.com\/fr\/wp-json\/wp\/v2\/media\/665751"}],"wp:attachment":[{"href":"https:\/\/www.europesays.com\/fr\/wp-json\/wp\/v2\/media?parent=665750"}],"wp:term":[{"taxonomy":"category","embeddable":true,"href":"https:\/\/www.europesays.com\/fr\/wp-json\/wp\/v2\/categories?post=665750"},{"taxonomy":"post_tag","embeddable":true,"href":"https:\/\/www.europesays.com\/fr\/wp-json\/wp\/v2\/tags?post=665750"}],"curies":[{"name":"wp","href":"https:\/\/api.w.org\/{rel}","templated":true}]}}